{"id":27953,"date":"2011-10-04T00:00:00","date_gmt":"2011-10-04T03:00:00","guid":{"rendered":"https:\/\/www.zecadirceu.com.br\/confianca-do-brasileiro-esta-em-alta\/"},"modified":"2011-10-04T00:00:00","modified_gmt":"2011-10-04T03:00:00","slug":"confianca-do-brasileiro-esta-em-alta","status":"publish","type":"post","link":"https:\/\/teste.bsb.br\/zeca\/confianca-do-brasileiro-esta-em-alta\/","title":{"rendered":"Confian\u00e7a do brasileiro est\u00e1 em alta"},"content":{"rendered":"<p>&nbsp;<span class=\"Apple-style-span\" style=\"color: rgb(65, 65, 66); font-family: arial; \">H&aacute; alguns indicadores que revelam aspectos essenciais da vida do brasileiro. Entre eles, o&nbsp;<a href=\"http:\/\/www.cni.org.br\/portal\/data\/pages\/FF80808132A7941C0132CAE25C556BD7.htm#Conteudo\" style=\"color: rgb(102, 153, 204); text-decoration: none; font-family: arial; font-size: 13px; font-weight: bold; \">&Iacute;ndice de Medo de Desemprego<\/a>&nbsp;medido pela Confedera&ccedil;&atilde;o Nacional da Ind&uacute;stria (CNI). E, neste m&ecirc;s, em particular, ele tem muito a dizer. Apesar da diminui&ccedil;&atilde;o no ritmo de cria&ccedil;&atilde;o de vagas formais de trabalho no pa&iacute;s, ele revela que os brasileiros nunca estiveram t&atilde;o seguros em rela&ccedil;&atilde;o a seus empregos. A parcela dos entrevistados que afirmaram n&atilde;o ter nenhum medo de perder o emprego subiu de 53,6% para 57%, um recorde.<\/p>\n<p>E, no que tange ao Medo de Desemprego, propriamente dito, o &iacute;ndice caiu 3,9% em setembro na compara&ccedil;&atilde;o com julho, batendo em 78,7 pontos, seu menor n&iacute;vel desde maio de 1996, quando o indicador foi criado. Na compara&ccedil;&atilde;o anual, entre setembro de 2011 e de 2010, o medo do desemprego tamb&eacute;m registrou queda, no caso, de 2,9%.<\/p>\n<p>A CNI informa que resultado da pesquisa reflete o bom desempenho do mercado de trabalho no Pa&iacute;s e a proximidade do fim do ano, per&iacute;odo em que tradicionalmente h&aacute; um aumento de oferta de vagas tempor&aacute;rias.<br \/>\nOs resultados da pesquisa s&atilde;o mais um dado concreto da confian&ccedil;a e da seguran&ccedil;a dos brasileiros, mesmo frente &agrave; crise internacional e &agrave;s medidas restritivas internas.<\/p>\n<p><strong>Apostas vazias<\/strong><\/p>\n<p>S&atilde;o fatos como esse que simplesmente desfazem e deixam sem rumo a m&iacute;dia que apostou nas &uacute;ltimas semanas em uma suposta queda da popularidade da presidenta e do governo procurando atribuir ao governo den&uacute;ncias &#8211; ainda n&atilde;o investigadas e n&atilde;o comprovadas judicialmente &#8211; contra a administra&ccedil;&atilde;o p&uacute;blica. Na pr&aacute;tica, a pesquisa, a presidenta, o PT e o governo comprovam que a imensa maioria da sociedade confia e ap&oacute;ia o governo.<\/p>\n<p>Mas, ao contr&aacute;rio do que fez nos casos dos ministros dos Transportes, da Agricultura e do Turismo, a m&iacute;dia pouco exige frente &agrave;s grav&iacute;ssimas den&uacute;ncias sobre venda de emendas na Assembleia Legislativa de S&atilde;o Paulo.<\/p>\n<p>Fonte: Blog do Z&eacute; Dirceu<br type=\"_moz\" \/><br \/>\n<\/span><\/p>\n","protected":false},"excerpt":{"rendered":"<p>H\u00e1 alguns indicadores que revelam aspectos essenciais da vida do brasileiro. Entre eles, o \u00cdndice de Medo de Desemprego medido pela Confedera\u00e7\u00e3o Nacional da Ind\u00fastria (CNI). E, neste m\u00eas, em particular, ele tem muito a dizer. Apesar da diminui\u00e7\u00e3o no ritmo de cria\u00e7\u00e3o de vagas formais de trabalho no pa\u00eds, ele revela que os brasileiros nunca estiveram t\u00e3o seguros em rela\u00e7\u00e3o a seus empregos. A parcela dos entrevistados que afirmaram n\u00e3o ter nenhum medo de perder o emprego subiu de 53,6% para 57%, um recorde.<\/p>\n","protected":false},"author":1,"featured_media":27952,"comment_status":"open","ping_status":"open","sticky":false,"template":"","format":"standard","meta":{"footnotes":""},"categories":[1],"tags":[6623],"class_list":["post-27953","post","type-post","status-publish","format-standard","has-post-thumbnail","hentry","category-noticias-zeca-dirceu","tag-confianca-do-brasileiro-esta-em-alta"],"_links":{"self":[{"href":"https:\/\/teste.bsb.br\/zeca\/wp-json\/wp\/v2\/posts\/27953","targetHints":{"allow":["GET"]}}],"collection":[{"href":"https:\/\/teste.bsb.br\/zeca\/wp-json\/wp\/v2\/posts"}],"about":[{"href":"https:\/\/teste.bsb.br\/zeca\/wp-json\/wp\/v2\/types\/post"}],"author":[{"embeddable":true,"href":"https:\/\/teste.bsb.br\/zeca\/wp-json\/wp\/v2\/users\/1"}],"replies":[{"embeddable":true,"href":"https:\/\/teste.bsb.br\/zeca\/wp-json\/wp\/v2\/comments?post=27953"}],"version-history":[{"count":0,"href":"https:\/\/teste.bsb.br\/zeca\/wp-json\/wp\/v2\/posts\/27953\/revisions"}],"wp:featuredmedia":[{"embeddable":true,"href":"https:\/\/teste.bsb.br\/zeca\/wp-json\/wp\/v2\/media\/27952"}],"wp:attachment":[{"href":"https:\/\/teste.bsb.br\/zeca\/wp-json\/wp\/v2\/media?parent=27953"}],"wp:term":[{"taxonomy":"category","embeddable":true,"href":"https:\/\/teste.bsb.br\/zeca\/wp-json\/wp\/v2\/categories?post=27953"},{"taxonomy":"post_tag","embeddable":true,"href":"https:\/\/teste.bsb.br\/zeca\/wp-json\/wp\/v2\/tags?post=27953"}],"curies":[{"name":"wp","href":"https:\/\/api.w.org\/{rel}","templated":true}]}}