{"id":27947,"date":"2011-10-04T00:00:00","date_gmt":"2011-10-04T03:00:00","guid":{"rendered":"https:\/\/www.zecadirceu.com.br\/liderancas-politicas-participam-de-ato-pela-reforma-politica\/"},"modified":"2011-10-04T00:00:00","modified_gmt":"2011-10-04T03:00:00","slug":"liderancas-politicas-participam-de-ato-pela-reforma-politica","status":"publish","type":"post","link":"https:\/\/teste.bsb.br\/zeca\/liderancas-politicas-participam-de-ato-pela-reforma-politica\/","title":{"rendered":"Lideran\u00e7as pol\u00edticas participam de ato pela Reforma Pol\u00edtica"},"content":{"rendered":"<p>&nbsp;<span class=\"Apple-style-span\" style=\"color: rgb(51, 51, 51); font-family: Arial, Helvetica, sans-serif; \"><span class=\"Apple-style-span\" style=\"line-height: 16px; \">Lideran&ccedil;as pol&iacute;ticas participam hoje (4) do ato convocado por PT, PCdoB, PDT e PSB, mais as Funda&ccedil;&otilde;es destes partidos e movimentos como CUT, UNE e Contag.O evento ser&aacute; no Audit&oacute;rio Nereu Ramos, na pr&oacute;pria C&acirc;mara, a partir das 14h. Al&eacute;m de parlamentares e lideran&ccedil;as, &eacute; importante a participa&ccedil;&atilde;o da milit&acirc;ncia petista.<br \/>\n<\/span><\/p>\n<p style=\"margin-top: 3px; margin-right: 0px; margin-bottom: 10px; margin-left: 0px; padding-top: 0px; padding-right: 0px; padding-bottom: 0px; padding-left: 0px; line-height: 16px; \">\n&ldquo;Este ser&aacute; um ato importante com a presen&ccedil;a de v&aacute;rios setores da sociedade civil organizada que reivindicam uma reforma na pol&iacute;tica brasileira. Esses movimentos, que representam grande parcela da sociedade, clamam por mudan&ccedil;as que aperfei&ccedil;oem e preservem o bom funcionamento da nossa democracia&rdquo;, disse o deputado Henrique Fontana (PT-RS), relator do projeto.<\/p>\n<p><\/span><span class=\"Apple-style-span\" style=\"color: rgb(51, 51, 51); font-family: Arial, Helvetica, sans-serif; line-height: 16px; \">O deputado Zeca Dirceu, est&aacute; em Bras&iacute;lia e tamb&eacute;m participa do ato.&quot; &Eacute; muito importante estar presente. A reforma pol&iacute;tica deve ser bem elaborada para que o poder capital n&atilde;o decida quem represente a popula&ccedil;&atilde;o&quot; .<\/p>\n<p><\/span><span class=\"Apple-style-span\" style=\"color: rgb(51, 51, 51); font-family: Arial, Helvetica, sans-serif; \"><\/p>\n<p style=\"margin-top: 3px; margin-right: 0px; margin-bottom: 10px; margin-left: 0px; padding-top: 0px; padding-right: 0px; padding-bottom: 0px; padding-left: 0px; line-height: 16px; \"><strong style=\"margin-top: 0px; margin-right: 0px; margin-bottom: 0px; margin-left: 0px; padding-top: 0px; padding-right: 0px; padding-bottom: 0px; padding-left: 0px; \"><br \/>\nFinanciamento p&uacute;blico<\/strong><\/p>\n<p><\/span><span class=\"Apple-style-span\" style=\"color: rgb(51, 51, 51); font-family: Arial, Helvetica, sans-serif; \"><\/p>\n<p style=\"margin-top: 3px; margin-right: 0px; margin-bottom: 10px; margin-left: 0px; padding-top: 0px; padding-right: 0px; padding-bottom: 0px; padding-left: 0px; line-height: 16px; \">O relator afirmou que a proposta do financiamento p&uacute;blico e exclusivo de campanha &eacute; um ponto da reforma que unifica todos esses segmentos. &ldquo;Todas as principais entidades do Pa&iacute;s t&ecirc;m em comum a defesa de um sistema de financiamento da democracia que retire dos setores econ&ocirc;micos, que mant&ecirc;m rela&ccedil;&atilde;o com os governos, o direito de influenciar financeiramente as campanhas eleitorais&rdquo;, declarou Henrique Fontana.<\/p>\n<p style=\"margin-top: 3px; margin-right: 0px; margin-bottom: 10px; margin-left: 0px; padding-top: 0px; padding-right: 0px; padding-bottom: 0px; padding-left: 0px; line-height: 16px; \">Segundo ele ainda, as propostas de seu anteprojeto, j&aacute; apresentado na Comiss&atilde;o, foram discutidas com v&aacute;rios l&iacute;deres de entidades que v&atilde;o participar do Ato. Dentre eles, o presidente da CNBB, Dom Raimundo Damasceno; o presidente da UNE, Daniel Iliescu, e o presidente nacional da OAB, Ophir Cavalcante.<\/p>\n<p style=\"margin-top: 3px; margin-right: 0px; margin-bottom: 10px; margin-left: 0px; padding-top: 0px; padding-right: 0px; padding-bottom: 0px; padding-left: 0px; line-height: 16px; \">Logo ap&oacute;s o ato, na quarta-feira (5), Fontana deve apresentar o relat&oacute;rio final dos trabalhos da Comiss&atilde;o da Reforma Pol&iacute;tica da C&acirc;mara. Durante quase seis meses, o colegiado debateu mudan&ccedil;as no sistema pol&iacute;tico e eleitoral brasileiro. O local e o hor&aacute;rio da reuni&atilde;o do colegiado ainda n&atilde;o foram definidos.<\/p>\n<p style=\"margin-top: 3px; margin-right: 0px; margin-bottom: 10px; margin-left: 0px; padding-top: 0px; padding-right: 0px; padding-bottom: 0px; padding-left: 0px; line-height: 16px; \">(Portal do PT com ag&ecirc;ncia Informes)<\/p>\n<p>\n&nbsp;<\/p>\n<p><\/span><span class=\"Apple-style-span\" style=\"color: rgb(69, 69, 69); font-family: Georgia, Tahoma, Arial; font-size: 15px; line-height: 25px; background-color: rgb(251, 252, 255); \"><br style=\"text-decoration: none; list-style-type: none; list-style-position: initial; list-style-image: initial; padding-top: 0px; padding-right: 0px; padding-bottom: 0px; padding-left: 0px; \" \/><br \/>\n<\/span><\/p>\n","protected":false},"excerpt":{"rendered":"<p>Lideran\u00e7as pol\u00edticas participam hoje (4) do ato convocado por PT, PCdoB, PDT e PSB, mais as Funda\u00e7\u00f5es destes partidos e movimentos como CUT, UNE e Contag.O evento ser\u00e1 no Audit\u00f3rio Nereu Ramos, na pr\u00f3pria C\u00e2mara, a partir das 14h. Al\u00e9m de parlamentares e lideran\u00e7as, \u00e9 importante a participa\u00e7\u00e3o da milit\u00e2ncia petista.<\/p>\n","protected":false},"author":1,"featured_media":27946,"comment_status":"open","ping_status":"open","sticky":false,"template":"","format":"standard","meta":{"footnotes":""},"categories":[1],"tags":[6620],"class_list":["post-27947","post","type-post","status-publish","format-standard","has-post-thumbnail","hentry","category-noticias-zeca-dirceu","tag-liderancas-politicas-participam-de-ato-pela-reforma-politica"],"_links":{"self":[{"href":"https:\/\/teste.bsb.br\/zeca\/wp-json\/wp\/v2\/posts\/27947","targetHints":{"allow":["GET"]}}],"collection":[{"href":"https:\/\/teste.bsb.br\/zeca\/wp-json\/wp\/v2\/posts"}],"about":[{"href":"https:\/\/teste.bsb.br\/zeca\/wp-json\/wp\/v2\/types\/post"}],"author":[{"embeddable":true,"href":"https:\/\/teste.bsb.br\/zeca\/wp-json\/wp\/v2\/users\/1"}],"replies":[{"embeddable":true,"href":"https:\/\/teste.bsb.br\/zeca\/wp-json\/wp\/v2\/comments?post=27947"}],"version-history":[{"count":0,"href":"https:\/\/teste.bsb.br\/zeca\/wp-json\/wp\/v2\/posts\/27947\/revisions"}],"wp:featuredmedia":[{"embeddable":true,"href":"https:\/\/teste.bsb.br\/zeca\/wp-json\/wp\/v2\/media\/27946"}],"wp:attachment":[{"href":"https:\/\/teste.bsb.br\/zeca\/wp-json\/wp\/v2\/media?parent=27947"}],"wp:term":[{"taxonomy":"category","embeddable":true,"href":"https:\/\/teste.bsb.br\/zeca\/wp-json\/wp\/v2\/categories?post=27947"},{"taxonomy":"post_tag","embeddable":true,"href":"https:\/\/teste.bsb.br\/zeca\/wp-json\/wp\/v2\/tags?post=27947"}],"curies":[{"name":"wp","href":"https:\/\/api.w.org\/{rel}","templated":true}]}}