{"id":27945,"date":"2011-10-05T00:00:00","date_gmt":"2011-10-05T03:00:00","guid":{"rendered":"https:\/\/www.zecadirceu.com.br\/dia-nacional-da-micro-e-pequena-empresa-por-zeca-dirceu\/"},"modified":"2011-10-05T00:00:00","modified_gmt":"2011-10-05T03:00:00","slug":"dia-nacional-da-micro-e-pequena-empresa-por-zeca-dirceu","status":"publish","type":"post","link":"https:\/\/teste.bsb.br\/zeca\/dia-nacional-da-micro-e-pequena-empresa-por-zeca-dirceu\/","title":{"rendered":"Dia Nacional da Micro e Pequena Empresa, por Zeca Dirceu"},"content":{"rendered":"<p>&nbsp;Hoje &eacute; o dia Nacional da Micro e Pequena Empresa, uma data simb&oacute;lica institu&iacute;da para marcar a vig&ecirc;ncia do primeiro estatuto nacional da categoria, datado do ano de 1999. Para comemorar a data, um projeto de lei do executivo, que tramita na C&acirc;mara Federal, prev&ecirc; a cria&ccedil;&atilde;o de uma secretaria espec&iacute;fica para o setor.<\/p>\n<p class=\"MsoNormal\" style=\"text-align:justify\">Sou vice- l&iacute;der do PT na C&acirc;mara dos Deputados e atuo como membro efetivo da frente parlamentar em defesa da Micro e Pequena Empresa. <span>&nbsp;<\/span>Sei da import&acirc;ncia da cria&ccedil;&atilde;o desta secretaria, que ter&aacute; status de minist&eacute;rio. Com sua cria&ccedil;&atilde;o o empreendedor ter&aacute; ajuda para se conduzir em todas as pol&iacute;ticas novas, que j&aacute; foram iniciadas este ano, como por exemplo, o lan&ccedil;amento do Plano Brasil Maior; que ampliou a faixa do enquadramento do Simples e permitiu a milhares de empresas a inclus&atilde;o no sistema tribut&aacute;rio simplificado e, tamb&eacute;m, diminuiu impostos; o Programa Crescer, outro projeto que veio para facilitar a vida do micro e pequeno empreendedor, oferecendo atrav&eacute;s de uma pol&iacute;tica arrojada de micro cr&eacute;dito, condi&ccedil;&otilde;es de crescimento para a empresa e desenvolvimento para o Brasil.<\/p>\n<p class=\"MsoNormal\" style=\"text-align:justify\">As micro e pequenas empresas formam um dos segmentos que mais movimenta a economia no pa&iacute;s. Os pequenos neg&oacute;cios geram empregos, renda, amortecem crises e d&atilde;o dinamismo aos munic&iacute;pios. Para auxiliar os novos empres&aacute;rios o Sebrae\/PR &eacute; um parceiro que auxilia na conduta e organiza&ccedil;&atilde;o da cria&ccedil;&atilde;o da empresa. Os pequenos neg&oacute;cios est&atilde;o mais estruturados e tornam-se gigantes quando somados, pois geram empregos e desenvolvimento local.<\/p>\n<p class=\"MsoNormal\" style=\"text-align:justify\">Na avalia&ccedil;&atilde;o do gerente da Regional Oeste do Sebrae\/PR, Orestes Hotz, o maior ganho dos pequenos neg&oacute;cios, nos &uacute;ltimos anos, foi a conquista de um ambiente mais prop&iacute;cio ao desenvolvimento dos empreendimentos, movida pela maior integra&ccedil;&atilde;o das entidades de classe e poder p&uacute;blico.<\/p>\n<p class=\"MsoNormal\" style=\"text-align:justify\">No Paran&aacute;, o Sebrae\/PR trabalha com um universo que varia entre 450 mil e 500 mil micro e pequenas empresas legalizadas. Microempresas s&atilde;o os empreendimentos que t&ecirc;m faturamento bruto anual de at&eacute; R$ 240 mil. Pequenas empresas, acima de R$ 240 mil at&eacute; R$ 2,4 milh&otilde;es.<\/p>\n<p class=\"MsoNormal\" style=\"text-align:justify\">O Estado possui tamb&eacute;m outros cerca de 80 mil empreendedores individuais (aqueles que registram faturamento bruto anual de at&eacute; R$ 36 mil). De acordo com estudo feito pelo Sebrae Nacional e Dieese, em 2008, o Paran&aacute; tem ainda mais de 450 mil pequenos empreendimentos informais.<\/p>\n<p class=\"MsoNormal\" style=\"text-align:justify\">No Brasil, s&atilde;o mais de 6 milh&otilde;es de micro e pequenas empresas, 1,5 milh&atilde;o de empreendedores individuais e 10 milh&otilde;es de informais. As micro e pequenas empresas respondem por 99% das empresas; 60% dos empregos com carteira assinada; e 20% do Produto Interno Bruto (PIB).<\/p>\n","protected":false},"excerpt":{"rendered":"<p>Hoje \u00e9 o dia Nacional da Micro e Pequena Empresa, uma data simb\u00f3lica institu\u00edda para marcar a vig\u00eancia do primeiro estatuto nacional da categoria, datado do ano de 1999. Para comemorar a data, um projeto de lei do executivo, que tramita na C\u00e2mara Federal, prev\u00ea a cria\u00e7\u00e3o de uma secretaria espec\u00edfica para o setor.<br \/>\nSou vice- l\u00edder do PT na C\u00e2mara dos Deputados e atuo como membro efetivo da frente parlamentar em defesa da Micro e Pequena Empresa.  Sei da import\u00e2ncia da cria\u00e7\u00e3o desta secretaria, que ter\u00e1 status de minist\u00e9rio.<\/p>\n","protected":false},"author":1,"featured_media":27944,"comment_status":"open","ping_status":"open","sticky":false,"template":"","format":"standard","meta":{"footnotes":""},"categories":[1],"tags":[6618,6619],"class_list":["post-27945","post","type-post","status-publish","format-standard","has-post-thumbnail","hentry","category-noticias-zeca-dirceu","tag-dia-nacional-da-micro-e-pequena-empresa","tag-por-zeca-dirceu"],"_links":{"self":[{"href":"https:\/\/teste.bsb.br\/zeca\/wp-json\/wp\/v2\/posts\/27945","targetHints":{"allow":["GET"]}}],"collection":[{"href":"https:\/\/teste.bsb.br\/zeca\/wp-json\/wp\/v2\/posts"}],"about":[{"href":"https:\/\/teste.bsb.br\/zeca\/wp-json\/wp\/v2\/types\/post"}],"author":[{"embeddable":true,"href":"https:\/\/teste.bsb.br\/zeca\/wp-json\/wp\/v2\/users\/1"}],"replies":[{"embeddable":true,"href":"https:\/\/teste.bsb.br\/zeca\/wp-json\/wp\/v2\/comments?post=27945"}],"version-history":[{"count":0,"href":"https:\/\/teste.bsb.br\/zeca\/wp-json\/wp\/v2\/posts\/27945\/revisions"}],"wp:featuredmedia":[{"embeddable":true,"href":"https:\/\/teste.bsb.br\/zeca\/wp-json\/wp\/v2\/media\/27944"}],"wp:attachment":[{"href":"https:\/\/teste.bsb.br\/zeca\/wp-json\/wp\/v2\/media?parent=27945"}],"wp:term":[{"taxonomy":"category","embeddable":true,"href":"https:\/\/teste.bsb.br\/zeca\/wp-json\/wp\/v2\/categories?post=27945"},{"taxonomy":"post_tag","embeddable":true,"href":"https:\/\/teste.bsb.br\/zeca\/wp-json\/wp\/v2\/tags?post=27945"}],"curies":[{"name":"wp","href":"https:\/\/api.w.org\/{rel}","templated":true}]}}