{"id":27943,"date":"2011-10-05T00:00:00","date_gmt":"2011-10-05T03:00:00","guid":{"rendered":"https:\/\/www.zecadirceu.com.br\/lancamento-do-livro-tempo-de-planicie-de-ze-dirceu\/"},"modified":"2011-10-05T00:00:00","modified_gmt":"2011-10-05T03:00:00","slug":"lancamento-do-livro-tempo-de-planicie-de-ze-dirceu","status":"publish","type":"post","link":"https:\/\/teste.bsb.br\/zeca\/lancamento-do-livro-tempo-de-planicie-de-ze-dirceu\/","title":{"rendered":"Lan\u00e7amento do livro Tempo de Plan\u00edcie, de Z\u00e9 Dirceu"},"content":{"rendered":"<p>&nbsp;O ex-ministro Jos&eacute; Dirceu, lan&ccedil;ou na quarta-feira (29) o livro &quot;Tempo de Plan&iacute;cie&quot;, no restaurante Carpe Diem, em Bras&iacute;lia.<\/p>\n<p class=\"MsoNormal\"><o:p><\/o:p><\/p>\n<p class=\"MsoNormal\">O livro, lan&ccedil;ado pela editora Alameda (382 p&aacute;ginas), &eacute; uma colet&acirc;nea de 72 textos organizados em oito cap&iacute;tulos tem&aacute;ticos. <o:p><\/o:p><\/p>\n<p class=\"MsoNormal\">A festa de lan&ccedil;amento foi prestigiada por autoridades, pol&iacute;ticos, artistas e militantes petistas. Formou-se uma longa fila para autografar o livro. &quot;&Eacute; uma pessoa de lucidez muito objetiva sobre a realidade nacional e sobre as necessidades do Brasil. Tem muito da alma do povo brasileiro ao longo do trabalho dele&quot;, disse Maria do Ros&aacute;rio, ministra da Secretaria Nacional de Direitos Humanos.<o:p><\/o:p><\/p>\n<p class=\"MsoNormal\">Jos&eacute; Dirceu explica o motivo de documentar em livro os artigos: &quot;Quero divulga-los novamente, para que eu mesmo pudesse refletir sobre os artigos e colaborar com a reflex&atilde;o sobre o pa&iacute;s&quot;. Para Dirceu, os desafios do Brasil no momento s&atilde;o enfrentar a crise internacional sem ser atingido, fazer uma revolu&ccedil;&atilde;o educacional e extinguir a pobreza at&eacute; 2022, &quot;acho que a nossa presidenta est&aacute; dando cabo dessa miss&atilde;o&quot;, disse.<\/p>\n<p class=\"MsoNormal\">Fonte: PT Not&iacute;cias<o:p><\/o:p><\/p>\n","protected":false},"excerpt":{"rendered":"<p>O ex-ministro Jos\u00e9 Dirceu, lan\u00e7ou na quarta-feira (29) o livro &#8220;Tempo de Plan\u00edcie&#8221;, no restaurante Carpe Diem, em Bras\u00edlia.  O livro, lan\u00e7ado pela editora Alameda (382 p\u00e1ginas), \u00e9 uma colet\u00e2nea de 72 textos organizados em oito cap\u00edtulos tem\u00e1ticos.<br \/>\nA festa de lan\u00e7amento foi prestigiada por autoridades, pol\u00edticos, artistas e militantes petistas.<\/p>\n","protected":false},"author":1,"featured_media":27942,"comment_status":"open","ping_status":"open","sticky":false,"template":"","format":"standard","meta":{"footnotes":""},"categories":[1],"tags":[6617,6616],"class_list":["post-27943","post","type-post","status-publish","format-standard","has-post-thumbnail","hentry","category-noticias-zeca-dirceu","tag-de-ze-dirceu","tag-lancamento-do-livro-tempo-de-planicie"],"_links":{"self":[{"href":"https:\/\/teste.bsb.br\/zeca\/wp-json\/wp\/v2\/posts\/27943","targetHints":{"allow":["GET"]}}],"collection":[{"href":"https:\/\/teste.bsb.br\/zeca\/wp-json\/wp\/v2\/posts"}],"about":[{"href":"https:\/\/teste.bsb.br\/zeca\/wp-json\/wp\/v2\/types\/post"}],"author":[{"embeddable":true,"href":"https:\/\/teste.bsb.br\/zeca\/wp-json\/wp\/v2\/users\/1"}],"replies":[{"embeddable":true,"href":"https:\/\/teste.bsb.br\/zeca\/wp-json\/wp\/v2\/comments?post=27943"}],"version-history":[{"count":0,"href":"https:\/\/teste.bsb.br\/zeca\/wp-json\/wp\/v2\/posts\/27943\/revisions"}],"wp:featuredmedia":[{"embeddable":true,"href":"https:\/\/teste.bsb.br\/zeca\/wp-json\/wp\/v2\/media\/27942"}],"wp:attachment":[{"href":"https:\/\/teste.bsb.br\/zeca\/wp-json\/wp\/v2\/media?parent=27943"}],"wp:term":[{"taxonomy":"category","embeddable":true,"href":"https:\/\/teste.bsb.br\/zeca\/wp-json\/wp\/v2\/categories?post=27943"},{"taxonomy":"post_tag","embeddable":true,"href":"https:\/\/teste.bsb.br\/zeca\/wp-json\/wp\/v2\/tags?post=27943"}],"curies":[{"name":"wp","href":"https:\/\/api.w.org\/{rel}","templated":true}]}}