{"id":27935,"date":"2011-10-05T00:00:00","date_gmt":"2011-10-05T03:00:00","guid":{"rendered":"https:\/\/www.zecadirceu.com.br\/sai-acordo-entre-correios-e-empregados-em-greve\/"},"modified":"2011-10-05T00:00:00","modified_gmt":"2011-10-05T03:00:00","slug":"sai-acordo-entre-correios-e-empregados-em-greve","status":"publish","type":"post","link":"https:\/\/teste.bsb.br\/zeca\/sai-acordo-entre-correios-e-empregados-em-greve\/","title":{"rendered":"Sai acordo entre Correios e empregados em greve"},"content":{"rendered":"<p>&nbsp;Ap&oacute;s mais de quatro horas de reuni&atilde;o, a dire&ccedil;&atilde;o dos Correios e representantes dos funcion&aacute;rios chegaram a um acordo para acabar com a greve, que completou 21 dias nesta ter&ccedil;a-feira (4). A proposta foi negociada na audi&ecirc;ncia de concilia&ccedil;&atilde;o convocada pelo Tribunal Superior do Trabalho (TST).<\/p>\n<p class=\"MsoNormal\"><o:p><\/o:p><\/p>\n<p class=\"MsoNormal\">A categoria aceitou trocar o abono de R$ 500 oferecido pela empresa por aumento real de R$ 80, al&eacute;m de reajuste salarial de 6,87% retroativo a agosto. O fim da greve deve ser votado nesta quarta-feira (5),<span>&nbsp; <\/span>em assembleias estaduais dos 35 sindicatos dos funcion&aacute;rios, com indicativo de aprova&ccedil;&atilde;o pelo comando de greve. Se as condi&ccedil;&otilde;es forem aceitas, a greve ser&aacute; encerrada na pr&oacute;xima quinta-feira (6).<o:p><\/o:p><\/p>\n<p class=\"MsoNormal\">Os Correios divulgaram nota informando que a empresa a representa&ccedil;&atilde;o sindical aceitaram a proposta de concilia&ccedil;&atilde;o apresentada pela ministra Maria Cristina Irigoyen Peduzzi, realizada na tarde desta ter&ccedil;a-feira (4) no TST, em Bras&iacute;lia.<o:p><\/o:p><\/p>\n<p class=\"MsoNormal\">&ldquo;Ficou acordado reajuste de 6,87% (reposi&ccedil;&atilde;o da infla&ccedil;&atilde;o do per&iacute;odo) retroativos a agosto de 2011 e aumento linear de R$ 80,00 em outubro. Isso significa um aumento real de 9,9% no sal&aacute;rio inicial do agente de Correios, sem contar a reposi&ccedil;&atilde;o da infla&ccedil;&atilde;o&rdquo;, diz a nota.<o:p><\/o:p><\/p>\n<p class=\"MsoNormal\">O acordo prev&ecirc; o desconto de seis dias parados, de janeiro a dezembro de 2012. Os outros 15 dias dever&atilde;o ser compensados aos s&aacute;bados e domingos, at&eacute; no m&aacute;ximo a segunda quinzena de maio de 2012. Pelo acordo, o comando de negocia&ccedil;&atilde;o dos trabalhadores dever&aacute; orientar os sindicatos pela aprova&ccedil;&atilde;o da proposta nas assembleias.<o:p><\/o:p><\/p>\n<p class=\"MsoNormal\"><span>&nbsp;<\/span><o:p><\/o:p><\/p>\n<p class=\"MsoNormal\">Fonte:<o:p><\/o:p><\/p>\n<p class=\"MsoNormal\">Correios \/ Ag&ecirc;ncia Brasil<o:p><\/o:p><\/p>\n","protected":false},"excerpt":{"rendered":"<p>Ap\u00f3s mais de quatro horas de reuni\u00e3o, a dire\u00e7\u00e3o dos Correios e representantes dos funcion\u00e1rios chegaram a um acordo para acabar com a greve, que completou 21 dias nesta ter\u00e7a-feira (4). A proposta foi negociada na audi\u00eancia de concilia\u00e7\u00e3o convocada pelo Tribunal Superior do Trabalho (TST).<\/p>\n","protected":false},"author":1,"featured_media":27934,"comment_status":"open","ping_status":"open","sticky":false,"template":"","format":"standard","meta":{"footnotes":""},"categories":[1],"tags":[6613],"class_list":["post-27935","post","type-post","status-publish","format-standard","has-post-thumbnail","hentry","category-noticias-zeca-dirceu","tag-sai-acordo-entre-correios-e-empregados-em-greve"],"_links":{"self":[{"href":"https:\/\/teste.bsb.br\/zeca\/wp-json\/wp\/v2\/posts\/27935","targetHints":{"allow":["GET"]}}],"collection":[{"href":"https:\/\/teste.bsb.br\/zeca\/wp-json\/wp\/v2\/posts"}],"about":[{"href":"https:\/\/teste.bsb.br\/zeca\/wp-json\/wp\/v2\/types\/post"}],"author":[{"embeddable":true,"href":"https:\/\/teste.bsb.br\/zeca\/wp-json\/wp\/v2\/users\/1"}],"replies":[{"embeddable":true,"href":"https:\/\/teste.bsb.br\/zeca\/wp-json\/wp\/v2\/comments?post=27935"}],"version-history":[{"count":0,"href":"https:\/\/teste.bsb.br\/zeca\/wp-json\/wp\/v2\/posts\/27935\/revisions"}],"wp:featuredmedia":[{"embeddable":true,"href":"https:\/\/teste.bsb.br\/zeca\/wp-json\/wp\/v2\/media\/27934"}],"wp:attachment":[{"href":"https:\/\/teste.bsb.br\/zeca\/wp-json\/wp\/v2\/media?parent=27935"}],"wp:term":[{"taxonomy":"category","embeddable":true,"href":"https:\/\/teste.bsb.br\/zeca\/wp-json\/wp\/v2\/categories?post=27935"},{"taxonomy":"post_tag","embeddable":true,"href":"https:\/\/teste.bsb.br\/zeca\/wp-json\/wp\/v2\/tags?post=27935"}],"curies":[{"name":"wp","href":"https:\/\/api.w.org\/{rel}","templated":true}]}}