{"id":27929,"date":"2011-10-05T00:00:00","date_gmt":"2011-10-05T03:00:00","guid":{"rendered":"https:\/\/www.zecadirceu.com.br\/guarapuava-contemplada-com-10-creches-e-3-quadras-no-pac-2\/"},"modified":"2011-10-05T00:00:00","modified_gmt":"2011-10-05T03:00:00","slug":"guarapuava-contemplada-com-10-creches-e-3-quadras-no-pac-2","status":"publish","type":"post","link":"https:\/\/teste.bsb.br\/zeca\/guarapuava-contemplada-com-10-creches-e-3-quadras-no-pac-2\/","title":{"rendered":"Guarapuava contemplada com 10 creches e 3 quadras no PAC 2"},"content":{"rendered":"<p>&nbsp;A presidenta Dilma Rousseff anunciou, recentemente, o plano de amplia&ccedil;&atilde;o da rede de creches e pr&eacute;-escolas municipais e constru&ccedil;&atilde;o e coberturas de quadras esportivas escolares. Os projetos integram as a&ccedil;&otilde;es do Plano de Acelera&ccedil;&atilde;o do Crescimento (PAC 2) do governo federal. Na nova etapa do programa est&aacute; prevista a constru&ccedil;&atilde;o de 10 creches em Guarapuava. Al&eacute;m disso, est&aacute; prevista tamb&eacute;m a constru&ccedil;&atilde;o de 3 quadras poliesportivas e a cobertura de 1 quadra no munic&iacute;pio.<\/p>\n<p class=\"MsoNormal\"><o:p><\/o:p><\/p>\n<p class=\"MsoNormal\"><span>&nbsp;<\/span>O deputado federal Zeca Dirceu (PT-PR), que vinha solicitando a prioriza&ccedil;&atilde;o do munic&iacute;pio junto ao Minist&eacute;rio da Educa&ccedil;&atilde;o, destaca a import&acirc;ncia da amplia&ccedil;&atilde;o da rede de creches e quadras para o desenvolvimento da popula&ccedil;&atilde;o carente do munic&iacute;pio. &ldquo;Este resultado &eacute; fruto de um esfor&ccedil;o de muitos meses. Desde o in&iacute;cio do ano, venho fazendo reuni&otilde;es t&eacute;cnicas no MEC e ajustando as pend&ecirc;ncias para que o munic&iacute;pio pudesse, finalmente, ser contemplado. Guarapuava faz jus a estes investimentos e o governo federal acerta quando faz um compromisso com a cidade<span>&nbsp; <\/span>&rdquo;, afirmou o deputado.<o:p><\/o:p><\/p>\n<p class=\"MsoNormal\">A nova etapa do programa de constru&ccedil;&atilde;o de creches e pr&eacute;-escolas prev&ecirc; a execu&ccedil;&atilde;o de 4.943 novas escolas em 1.466 munic&iacute;pios. Somadas com as 1.484 creches em 1.040 munic&iacute;pios j&aacute; em constru&ccedil;&atilde;o, supera a meta de 6 mil unidades previstas pelo governo Dilma.<o:p><\/o:p><\/p>\n<p class=\"MsoNormal\"><span>&nbsp;<\/span>Cadastramento<o:p><\/o:p><\/p>\n<p class=\"MsoNormal\"><span>&nbsp;<\/span>A Secretaria Municipal de Educa&ccedil;&atilde;o do munic&iacute;pio tem at&eacute; o dia 30 de novembro para cadastrar a proposta no Sistema Integrado de Monitoramento, Execu&ccedil;&atilde;o e Controle (Simec), no m&oacute;dulo do Plano de A&ccedil;&otilde;es Articuladas (PAR) de 2010.<o:p><\/o:p><\/p>\n","protected":false},"excerpt":{"rendered":"<p>A presidenta Dilma Rousseff anunciou, recentemente, o plano de amplia\u00e7\u00e3o da rede de creches e pr\u00e9-escolas municipais e constru\u00e7\u00e3o e coberturas de quadras esportivas escolares. Os projetos integram as a\u00e7\u00f5es do Plano de Acelera\u00e7\u00e3o do Crescimento (PAC 2) do governo federal. Na nova etapa do programa est\u00e1 prevista a constru\u00e7\u00e3o de 10 creches em Guarapuava. Al\u00e9m disso, est\u00e1 prevista tamb\u00e9m a constru\u00e7\u00e3o de 3 quadras poliesportivas e a cobertura de 1 quadra no munic\u00edpio.<\/p>\n","protected":false},"author":1,"featured_media":27928,"comment_status":"open","ping_status":"open","sticky":false,"template":"","format":"standard","meta":{"footnotes":""},"categories":[1],"tags":[6610],"class_list":["post-27929","post","type-post","status-publish","format-standard","has-post-thumbnail","hentry","category-noticias-zeca-dirceu","tag-guarapuava-contemplada-com-10-creches-e-3-quadras-no-pac-2"],"_links":{"self":[{"href":"https:\/\/teste.bsb.br\/zeca\/wp-json\/wp\/v2\/posts\/27929","targetHints":{"allow":["GET"]}}],"collection":[{"href":"https:\/\/teste.bsb.br\/zeca\/wp-json\/wp\/v2\/posts"}],"about":[{"href":"https:\/\/teste.bsb.br\/zeca\/wp-json\/wp\/v2\/types\/post"}],"author":[{"embeddable":true,"href":"https:\/\/teste.bsb.br\/zeca\/wp-json\/wp\/v2\/users\/1"}],"replies":[{"embeddable":true,"href":"https:\/\/teste.bsb.br\/zeca\/wp-json\/wp\/v2\/comments?post=27929"}],"version-history":[{"count":0,"href":"https:\/\/teste.bsb.br\/zeca\/wp-json\/wp\/v2\/posts\/27929\/revisions"}],"wp:featuredmedia":[{"embeddable":true,"href":"https:\/\/teste.bsb.br\/zeca\/wp-json\/wp\/v2\/media\/27928"}],"wp:attachment":[{"href":"https:\/\/teste.bsb.br\/zeca\/wp-json\/wp\/v2\/media?parent=27929"}],"wp:term":[{"taxonomy":"category","embeddable":true,"href":"https:\/\/teste.bsb.br\/zeca\/wp-json\/wp\/v2\/categories?post=27929"},{"taxonomy":"post_tag","embeddable":true,"href":"https:\/\/teste.bsb.br\/zeca\/wp-json\/wp\/v2\/tags?post=27929"}],"curies":[{"name":"wp","href":"https:\/\/api.w.org\/{rel}","templated":true}]}}