{"id":27923,"date":"2011-10-05T00:00:00","date_gmt":"2011-10-05T03:00:00","guid":{"rendered":"https:\/\/www.zecadirceu.com.br\/umuarama-contemplada-com-duas-creches-e-duas-quadras-no-pac-2\/"},"modified":"2011-10-05T00:00:00","modified_gmt":"2011-10-05T03:00:00","slug":"umuarama-contemplada-com-duas-creches-e-duas-quadras-no-pac-2","status":"publish","type":"post","link":"https:\/\/teste.bsb.br\/zeca\/umuarama-contemplada-com-duas-creches-e-duas-quadras-no-pac-2\/","title":{"rendered":"Umuarama contemplada com duas  creches e duas quadras no PAC 2"},"content":{"rendered":"<p>&nbsp;<span class=\"Apple-style-span\" style=\"font-family: verdana, sans-serif; font-size: 16px; line-height: 18px; \">A presidenta Dilma Rousseff anunciou, recentemente, o plano de amplia&ccedil;&atilde;o da rede de creches e pr&eacute;-escolas municipais e constru&ccedil;&atilde;o e coberturas de quadras esportivas escolares. Os projetos integram as a&ccedil;&otilde;es do Plano de Acelera&ccedil;&atilde;o do Crescimento (PAC 2) do Governo Federal. Na nova etapa do programa est&aacute; prevista a constru&ccedil;&atilde;o de duas creches e a cobertura de duas quadras j&aacute; existentes em Umuarama.<br \/>\n<\/span><\/p>\n<p class=\"MsoNormal\" style=\"font-family: arial, sans-serif; font-size: 13px; margin-top: 0cm; margin-right: 0cm; margin-bottom: 10pt; margin-left: 0cm; text-align: justify; \"><span style=\"line-height: 18px; font-family: 'Times New Roman', serif; font-size: 12pt; \"><font face=\"verdana,sans-serif\"><br \/>\nO deputado federal Zeca Dirceu (PT-PR), que vinha solicitando a prioriza&ccedil;&atilde;o do munic&iacute;pio junto ao Minist&eacute;rio da Educa&ccedil;&atilde;o, destaca a import&acirc;ncia da amplia&ccedil;&atilde;o da rede de creches e quadras para o desenvolvimento da popula&ccedil;&atilde;o carente do munic&iacute;pio. &ldquo;S&atilde;o investimentos vultosos do Governo Federal, que v&atilde;o levar a Umuarama novos centros de educa&ccedil;&atilde;o infantil. Isso ser&aacute; construtivo n&atilde;o s&oacute; para as crian&ccedil;as, mas tamb&eacute;m para as m&atilde;es, que ter&atilde;o op&ccedil;&otilde;es de lugares seguros para deixarem seus filhos enquanto trabalham. Meu mandato continuar&aacute; trabalhando em prol de a&ccedil;&otilde;es concretas como esta&rdquo;, afirmou o deputado.<\/font><\/span><\/p>\n<p class=\"MsoNormal\" style=\"font-family: arial, sans-serif; font-size: 13px; margin-top: 0cm; margin-right: 0cm; margin-bottom: 10pt; margin-left: 0cm; text-align: justify; \"><span style=\"line-height: 18px; font-family: 'Times New Roman', serif; font-size: 12pt; \"><font face=\"verdana,sans-serif\">A nova etapa do programa de constru&ccedil;&atilde;o de creches e pr&eacute;-escolas prev&ecirc; a execu&ccedil;&atilde;o de 4.943 novas escolas em 1.466 munic&iacute;pios. Somadas com as 1.484 creches j&aacute; em constru&ccedil;&atilde;o em 1.040 munic&iacute;pios, supera a meta de seis mil unidades previstas pelo governo Dilma.<\/font><\/span><\/p>\n<p class=\"MsoNormal\" style=\"font-family: arial, sans-serif; font-size: 13px; margin-top: 0cm; margin-right: 0cm; margin-bottom: 10pt; margin-left: 0cm; text-align: justify; \"><span style=\"line-height: 18px; font-family: 'Times New Roman', serif; font-size: 12pt; \"><font face=\"verdana,sans-serif\">&nbsp;<\/font><\/span><\/p>\n<p class=\"MsoNormal\" style=\"font-family: arial, sans-serif; font-size: 13px; margin-top: 0cm; margin-right: 0cm; margin-bottom: 10pt; margin-left: 0cm; text-align: justify; \"><b><span style=\"line-height: 18px; font-family: 'Times New Roman', serif; font-size: 12pt; \"><font face=\"verdana,sans-serif\">Cadastramento<\/font><\/span><\/b><\/p>\n<div class=\"MsoNormal\" style=\"font-family: arial, sans-serif; font-size: 13px; margin-top: 0cm; margin-right: 0cm; margin-bottom: 10pt; margin-left: 0cm; text-align: justify; \"><span style=\"line-height: 18px; font-family: 'Times New Roman', serif; font-size: 12pt; \"><font face=\"verdana,sans-serif\">A Secretaria Municipal de Educa&ccedil;&atilde;o do munic&iacute;pio tem at&eacute; o dia 30 de novembro para cadastrar a proposta no Sistema Integrado de Monitoramento, Execu&ccedil;&atilde;o e Controle (Simec), no m&oacute;dulo do Plano de A&ccedil;&otilde;es Articuladas (PAR) de 2010.<\/font><\/span><\/div>\n<div class=\"MsoNormal\" style=\"font-family: arial, sans-serif; font-size: 13px; margin-top: 0cm; margin-right: 0cm; margin-bottom: 10pt; margin-left: 0cm; text-align: justify; \">&nbsp;<\/div>\n","protected":false},"excerpt":{"rendered":"<p>A presidenta Dilma Rousseff anunciou, recentemente, o plano de amplia\u00e7\u00e3o da rede de creches e pr\u00e9-escolas municipais e constru\u00e7\u00e3o e coberturas de quadras esportivas escolares. Os projetos integram as a\u00e7\u00f5es do Plano de Acelera\u00e7\u00e3o do Crescimento (PAC 2) do Governo Federal. Na nova etapa do programa est\u00e1 prevista a constru\u00e7\u00e3o de duas creches e a cobertura de duas quadras j\u00e1 existentes em Umuarama.O deputado federal Zeca Dirceu (PT-PR), que vinha solicitando a prioriza\u00e7\u00e3o do munic\u00edpio junto ao Minist\u00e9rio da Educa\u00e7\u00e3o, destaca a import\u00e2ncia da amplia\u00e7\u00e3o da rede de creches e quadras para o desenvolvimento da popula\u00e7\u00e3o carente do munic\u00edpio.<\/p>\n","protected":false},"author":1,"featured_media":27922,"comment_status":"open","ping_status":"open","sticky":false,"template":"","format":"standard","meta":{"footnotes":""},"categories":[1],"tags":[6606],"class_list":["post-27923","post","type-post","status-publish","format-standard","has-post-thumbnail","hentry","category-noticias-zeca-dirceu","tag-umuarama-contemplada-com-duas-creches-e-duas-quadras-no-pac-2"],"_links":{"self":[{"href":"https:\/\/teste.bsb.br\/zeca\/wp-json\/wp\/v2\/posts\/27923","targetHints":{"allow":["GET"]}}],"collection":[{"href":"https:\/\/teste.bsb.br\/zeca\/wp-json\/wp\/v2\/posts"}],"about":[{"href":"https:\/\/teste.bsb.br\/zeca\/wp-json\/wp\/v2\/types\/post"}],"author":[{"embeddable":true,"href":"https:\/\/teste.bsb.br\/zeca\/wp-json\/wp\/v2\/users\/1"}],"replies":[{"embeddable":true,"href":"https:\/\/teste.bsb.br\/zeca\/wp-json\/wp\/v2\/comments?post=27923"}],"version-history":[{"count":0,"href":"https:\/\/teste.bsb.br\/zeca\/wp-json\/wp\/v2\/posts\/27923\/revisions"}],"wp:featuredmedia":[{"embeddable":true,"href":"https:\/\/teste.bsb.br\/zeca\/wp-json\/wp\/v2\/media\/27922"}],"wp:attachment":[{"href":"https:\/\/teste.bsb.br\/zeca\/wp-json\/wp\/v2\/media?parent=27923"}],"wp:term":[{"taxonomy":"category","embeddable":true,"href":"https:\/\/teste.bsb.br\/zeca\/wp-json\/wp\/v2\/categories?post=27923"},{"taxonomy":"post_tag","embeddable":true,"href":"https:\/\/teste.bsb.br\/zeca\/wp-json\/wp\/v2\/tags?post=27923"}],"curies":[{"name":"wp","href":"https:\/\/api.w.org\/{rel}","templated":true}]}}