{"id":27921,"date":"2011-10-06T00:00:00","date_gmt":"2011-10-06T03:00:00","guid":{"rendered":"https:\/\/www.zecadirceu.com.br\/apple-anuncia-morte-de-steve-jobs\/"},"modified":"2011-10-06T00:00:00","modified_gmt":"2011-10-06T03:00:00","slug":"apple-anuncia-morte-de-steve-jobs","status":"publish","type":"post","link":"https:\/\/teste.bsb.br\/zeca\/apple-anuncia-morte-de-steve-jobs\/","title":{"rendered":"Apple anuncia morte de Steve Jobs"},"content":{"rendered":"<p>&nbsp;<span class=\"Apple-style-span\" style=\"font-family: verdana, 'arial sans-serif'; line-height: 16px; \"><span class=\"Apple-style-span\" style=\"font-family: verdana, arial, helvetica, sans-serif; \">O&nbsp;<a href=\"http:\/\/www.apple.com\/\" target=\"_blank\" style=\"margin-top: 0px; margin-right: 0px; margin-bottom: 0px; margin-left: 0px; padding-top: 0px; padding-right: 0px; padding-bottom: 2px; padding-left: 0px !important; list-style-type: none; list-style-position: initial; list-style-image: initial; border-top-style: none; border-right-style: none; border-bottom-style: dotted; border-left-style: none; border-width: initial; border-color: initial; text-decoration: none; display: inline !important; background-image: none !important; background-attachment: initial !important; background-origin: initial !important; background-clip: initial !important; background-color: initial !important; color: rgb(15, 128, 222); border-bottom-width: 1px; border-bottom-color: rgb(17, 128, 221); \">site da empresa publicou um comunicado<\/a>informando a morte. Ao acessar a p&aacute;gina, o internauta encontra uma imagem de Jobs, com as datas de nascimento e falecimento dele.<\/span><\/p>\n<p style=\"margin-top: 12px; margin-right: 10px; margin-bottom: 12px; margin-left: 0px; padding-top: 0px; padding-right: 0px; padding-bottom: 0px; padding-left: 0px; list-style-type: none; list-style-position: initial; list-style-image: initial; border-top-style: none; border-right-style: none; border-bottom-style: none; border-left-style: none; border-width: initial; border-color: initial; font-family: verdana, arial, helvetica, sans-serif; \">&quot;Estamos profundamente tristes por anunciar que Steve Jobs morreu hoje&quot;, diz um comunicado da Apple. &quot;O brilho de Steve, sua paix&atilde;o e energia foram fonte de incont&aacute;veis inova&ccedil;&otilde;es que enriqueceram e melhoraram nossas vidas. O mundo &eacute; imensamente melhor devido a Steve&quot;.<\/p>\n<p style=\"margin-top: 12px; margin-right: 10px; margin-bottom: 12px; margin-left: 0px; padding-top: 0px; padding-right: 0px; padding-bottom: 0px; padding-left: 0px; list-style-type: none; list-style-position: initial; list-style-image: initial; border-top-style: none; border-right-style: none; border-bottom-style: none; border-left-style: none; border-width: initial; border-color: initial; font-family: verdana, arial, helvetica, sans-serif; \">A Apple criou um email para que f&atilde;s possam enviar condol&ecirc;ncias. &quot;Se voc&ecirc; quer compartilhar pensamentos, mem&oacute;rias e condol&ecirc;ncias, envie um email para rememberingsteve@apple.com&quot;, diz o site da companhia.<\/p>\n<p style=\"margin-top: 12px; margin-right: 10px; margin-bottom: 12px; margin-left: 0px; padding-top: 0px; padding-right: 0px; padding-bottom: 0px; padding-left: 0px; list-style-type: none; list-style-position: initial; list-style-image: initial; border-top-style: none; border-right-style: none; border-bottom-style: none; border-left-style: none; border-width: initial; border-color: initial; font-family: verdana, arial, helvetica, sans-serif; \"><a name=\"ancora2\" style=\"margin-top: 0px; margin-right: 0px; margin-bottom: 0px; margin-left: 0px; padding-top: 0px; padding-right: 0px; padding-bottom: 2px; padding-left: 0px !important; list-style-type: none; list-style-position: initial; list-style-image: initial; border-top-style: none; border-right-style: none; border-left-style: none; border-width: initial; border-color: initial; text-decoration: none; display: inline !important; background-image: none !important; background-attachment: initial !important; background-origin: initial !important; background-clip: initial !important; background-color: initial !important; color: rgb(15, 128, 222); border-bottom-color: rgb(17, 128, 221); \"><\/a><br style=\"margin-top: 0px; margin-right: 0px; margin-bottom: 0px; margin-left: 0px; padding-top: 0px; padding-right: 0px; padding-bottom: 0px; padding-left: 0px; list-style-type: none; list-style-position: initial; list-style-image: initial; border-top-style: none; border-right-style: none; border-bottom-style: none; border-left-style: none; border-width: initial; border-color: initial; \" \/><br \/>\n<strong style=\"margin-top: 0px; margin-right: 0px; margin-bottom: 0px; margin-left: 0px; padding-top: 0px; padding-right: 0px; padding-bottom: 0px; padding-left: 0px; list-style-type: none; list-style-position: initial; list-style-image: initial; border-top-style: none; border-right-style: none; border-bottom-style: none; border-left-style: none; border-width: initial; border-color: initial; \">Biografia<\/strong><\/p>\n<p style=\"margin-top: 12px; margin-right: 10px; margin-bottom: 12px; margin-left: 0px; padding-top: 0px; padding-right: 0px; padding-bottom: 0px; padding-left: 0px; list-style-type: none; list-style-position: initial; list-style-image: initial; border-top-style: none; border-right-style: none; border-bottom-style: none; border-left-style: none; border-width: initial; border-color: initial; font-family: verdana, arial, helvetica, sans-serif; \">Nascido em 24 de fevereiro de 1955 em&nbsp;<strong style=\"margin-top: 0px; margin-right: 0px; margin-bottom: 0px; margin-left: 0px; padding-top: 0px; padding-right: 0px; padding-bottom: 0px; padding-left: 0px; list-style-type: none; list-style-position: initial; list-style-image: initial; border-top-style: none; border-right-style: none; border-bottom-style: none; border-left-style: none; border-width: initial; border-color: initial; \">S&atilde;o Francisco<\/strong>&nbsp;(EUA),&nbsp;<strong style=\"margin-top: 0px; margin-right: 0px; margin-bottom: 0px; margin-left: 0px; padding-top: 0px; padding-right: 0px; padding-bottom: 0px; padding-left: 0px; list-style-type: none; list-style-position: initial; list-style-image: initial; border-top-style: none; border-right-style: none; border-bottom-style: none; border-left-style: none; border-width: initial; border-color: initial; \">Steve Paul Jobs<\/strong>&nbsp;foi criado por pais adotivos e chegou &agrave; fama e ao sucesso empresarial nos anos 1980.<\/p>\n<p style=\"margin-top: 12px; margin-right: 10px; margin-bottom: 12px; margin-left: 0px; padding-top: 0px; padding-right: 0px; padding-bottom: 0px; padding-left: 0px; list-style-type: none; list-style-position: initial; list-style-image: initial; border-top-style: none; border-right-style: none; border-bottom-style: none; border-left-style: none; border-width: initial; border-color: initial; font-family: verdana, arial, helvetica, sans-serif; \">A Apple foi fundada na garagem da casa dos pais dele, em 1976, quando Jobs tinha 21 anos. A cria&ccedil;&atilde;o da empresa foi feita com a ajuda de&nbsp;<strong style=\"margin-top: 0px; margin-right: 0px; margin-bottom: 0px; margin-left: 0px; padding-top: 0px; padding-right: 0px; padding-bottom: 0px; padding-left: 0px; list-style-type: none; list-style-position: initial; list-style-image: initial; border-top-style: none; border-right-style: none; border-bottom-style: none; border-left-style: none; border-width: initial; border-color: initial; \">Steve Wozniak<\/strong>.<\/p>\n<p style=\"margin-top: 12px; margin-right: 10px; margin-bottom: 12px; margin-left: 0px; padding-top: 0px; padding-right: 0px; padding-bottom: 0px; padding-left: 0px; list-style-type: none; list-style-position: initial; list-style-image: initial; border-top-style: none; border-right-style: none; border-bottom-style: none; border-left-style: none; border-width: initial; border-color: initial; font-family: verdana, arial, helvetica, sans-serif; \">Sob o comando de Steve Jobs, a companhia introduziu os primeiros computadores&nbsp;<strong style=\"margin-top: 0px; margin-right: 0px; margin-bottom: 0px; margin-left: 0px; padding-top: 0px; padding-right: 0px; padding-bottom: 0px; padding-left: 0px; list-style-type: none; list-style-position: initial; list-style-image: initial; border-top-style: none; border-right-style: none; border-bottom-style: none; border-left-style: none; border-width: initial; border-color: initial; \">Apple<\/strong>, e mais tarde, o&nbsp;<strong style=\"margin-top: 0px; margin-right: 0px; margin-bottom: 0px; margin-left: 0px; padding-top: 0px; padding-right: 0px; padding-bottom: 0px; padding-left: 0px; list-style-type: none; list-style-position: initial; list-style-image: initial; border-top-style: none; border-right-style: none; border-bottom-style: none; border-left-style: none; border-width: initial; border-color: initial; \">Macintosh<\/strong>, que ficou muito popular na d&eacute;cada de 1980.<\/p>\n<p style=\"margin-top: 12px; margin-right: 10px; margin-bottom: 12px; margin-left: 0px; padding-top: 0px; padding-right: 0px; padding-bottom: 0px; padding-left: 0px; list-style-type: none; list-style-position: initial; list-style-image: initial; border-top-style: none; border-right-style: none; border-bottom-style: none; border-left-style: none; border-width: initial; border-color: initial; font-family: verdana, arial, helvetica, sans-serif; \">Entre as in&uacute;meras inova&ccedil;&otilde;es da Apple est&aacute; o &quot;<strong style=\"margin-top: 0px; margin-right: 0px; margin-bottom: 0px; margin-left: 0px; padding-top: 0px; padding-right: 0px; padding-bottom: 0px; padding-left: 0px; list-style-type: none; list-style-position: initial; list-style-image: initial; border-top-style: none; border-right-style: none; border-bottom-style: none; border-left-style: none; border-width: initial; border-color: initial; \">mouse<\/strong>&quot;, popularizado pela empresa para facilitar aos usu&aacute;rios a ativa&ccedil;&atilde;o de programas e a abertura de arquivos.<\/p>\n<p style=\"margin-top: 12px; margin-right: 10px; margin-bottom: 12px; margin-left: 0px; padding-top: 0px; padding-right: 0px; padding-bottom: 0px; padding-left: 0px; list-style-type: none; list-style-position: initial; list-style-image: initial; border-top-style: none; border-right-style: none; border-bottom-style: none; border-left-style: none; border-width: initial; border-color: initial; font-family: verdana, arial, helvetica, sans-serif; \">Ele enfrentava problemas de sa&uacute;de h&aacute; v&aacute;rios anos. Em 2004, teve identificada uma forma rara de c&acirc;ncer de p&acirc;ncreas e realizou transplante em 2009.<\/p>\n<p style=\"margin-top: 12px; margin-right: 10px; margin-bottom: 12px; margin-left: 0px; padding-top: 0px; padding-right: 0px; padding-bottom: 0px; padding-left: 0px; list-style-type: none; list-style-position: initial; list-style-image: initial; border-top-style: none; border-right-style: none; border-bottom-style: none; border-left-style: none; border-width: initial; border-color: initial; font-family: verdana, arial, helvetica, sans-serif; \">Jobs, que costumava fazer o lan&ccedil;amento dos principais produtos da empresa, n&atilde;o foi visto nesta ter&ccedil;a-feira (4), quando a&nbsp;<a href=\"http:\/\/www.gazetadopovo.com.br\/economia\/conteudo.phtml?tl=1&amp;id=1176706&amp;tit=iPhone-4S-decepciona-o-mercado\" style=\"margin-top: 0px; margin-right: 0px; margin-bottom: 0px; margin-left: 0px; padding-top: 0px; padding-right: 0px; padding-bottom: 2px; padding-left: 0px !important; list-style-type: none; list-style-position: initial; list-style-image: initial; border-top-style: none; border-right-style: none; border-bottom-style: dotted; border-left-style: none; border-width: initial; border-color: initial; text-decoration: none; display: inline !important; background-image: none !important; background-attachment: initial !important; background-origin: initial !important; background-clip: initial !important; background-color: initial !important; color: rgb(15, 128, 222); border-bottom-width: 1px; border-bottom-color: rgb(17, 128, 221); \">Apple lan&ccedil;ou iPhone 4S<\/a>. O evento, na pr&oacute;pria sede da Apple, foi apresentado por Tim Cook, o executivo assumiu o comando da empresa.<\/p>\n<p style=\"margin-top: 12px; margin-right: 10px; margin-bottom: 12px; margin-left: 0px; padding-top: 0px; padding-right: 0px; padding-bottom: 0px; padding-left: 0px; list-style-type: none; list-style-position: initial; list-style-image: initial; border-top-style: none; border-right-style: none; border-bottom-style: none; border-left-style: none; border-width: initial; border-color: initial; font-family: verdana, arial, helvetica, sans-serif; \"><a name=\"ancora3\" style=\"margin-top: 0px; margin-right: 0px; margin-bottom: 0px; margin-left: 0px; padding-top: 0px; padding-right: 0px; padding-bottom: 2px; padding-left: 0px !important; list-style-type: none; list-style-position: initial; list-style-image: initial; border-top-style: none; border-right-style: none; border-left-style: none; border-width: initial; border-color: initial; text-decoration: none; display: inline !important; background-image: none !important; background-attachment: initial !important; background-origin: initial !important; background-clip: initial !important; background-color: initial !important; color: rgb(15, 128, 222); border-bottom-color: rgb(17, 128, 221); \"><\/a><\/p>\n<p><\/span><span class=\"Apple-style-span\" style=\"font-family: verdana; font-size: 11px; background-color: rgb(241, 241, 241); \"><\/p>\n<h5 style=\"margin-top: 0px; margin-right: 0px; margin-bottom: 10px; margin-left: 0px; padding-top: 0px; padding-right: 0px; padding-bottom: 0px; padding-left: 0px; list-style-type: none; list-style-position: initial; list-style-image: initial; border-top-style: none; border-right-style: none; border-bottom-style: none; border-left-style: none; border-width: initial; border-color: initial; color: rgb(19, 77, 134); font: normal normal bold 14px\/normal verdana; \">Principais fatos da hist&oacute;ria da Apple<\/h5>\n<p style=\"margin-top: 10px; margin-right: 0px; margin-bottom: 10px; margin-left: 0px; padding-top: 0px; padding-right: 0px; padding-bottom: 0px; padding-left: 0px; list-style-type: none; list-style-position: initial; list-style-image: initial; border-top-style: none; border-right-style: none; border-bottom-style: none; border-left-style: none; border-width: initial; border-color: initial; font-family: verdana, arial, helvetica, sans-serif; font: normal normal normal 11px\/normal verdana !important; \"><strong style=\"margin-top: 0px; margin-right: 0px; margin-bottom: 0px; margin-left: 0px; padding-top: 0px; padding-right: 0px; padding-bottom: 0px; padding-left: 0px; list-style-type: none; list-style-position: initial; list-style-image: initial; border-top-style: none; border-right-style: none; border-bottom-style: none; border-left-style: none; border-width: initial; border-color: initial; \">1976<\/strong>: Steve Jobs e Steve Wozniak lan&ccedil;am o primeiro computador Apple<\/p>\n<p style=\"margin-top: 10px; margin-right: 0px; margin-bottom: 10px; margin-left: 0px; padding-top: 0px; padding-right: 0px; padding-bottom: 0px; padding-left: 0px; list-style-type: none; list-style-position: initial; list-style-image: initial; border-top-style: none; border-right-style: none; border-bottom-style: none; border-left-style: none; border-width: initial; border-color: initial; font-family: verdana, arial, helvetica, sans-serif; font: normal normal normal 11px\/normal verdana !important; \"><strong style=\"margin-top: 0px; margin-right: 0px; margin-bottom: 0px; margin-left: 0px; padding-top: 0px; padding-right: 0px; padding-bottom: 0px; padding-left: 0px; list-style-type: none; list-style-position: initial; list-style-image: initial; border-top-style: none; border-right-style: none; border-bottom-style: none; border-left-style: none; border-width: initial; border-color: initial; \">1977<\/strong>: O Apple II se converte no primeiro computador constru&iacute;do de forma em s&eacute;rie e um &ecirc;xito instant&acirc;neo<\/p>\n<p style=\"margin-top: 10px; margin-right: 0px; margin-bottom: 10px; margin-left: 0px; padding-top: 0px; padding-right: 0px; padding-bottom: 0px; padding-left: 0px; list-style-type: none; list-style-position: initial; list-style-image: initial; border-top-style: none; border-right-style: none; border-bottom-style: none; border-left-style: none; border-width: initial; border-color: initial; font-family: verdana, arial, helvetica, sans-serif; font: normal normal normal 11px\/normal verdana !important; \"><strong style=\"margin-top: 0px; margin-right: 0px; margin-bottom: 0px; margin-left: 0px; padding-top: 0px; padding-right: 0px; padding-bottom: 0px; padding-left: 0px; list-style-type: none; list-style-position: initial; list-style-image: initial; border-top-style: none; border-right-style: none; border-bottom-style: none; border-left-style: none; border-width: initial; border-color: initial; \">1980<\/strong>: Apple passa ser cotada na bolsa<\/p>\n<p style=\"margin-top: 10px; margin-right: 0px; margin-bottom: 10px; margin-left: 0px; padding-top: 0px; padding-right: 0px; padding-bottom: 0px; padding-left: 0px; list-style-type: none; list-style-position: initial; list-style-image: initial; border-top-style: none; border-right-style: none; border-bottom-style: none; border-left-style: none; border-width: initial; border-color: initial; font-family: verdana, arial, helvetica, sans-serif; font: normal normal normal 11px\/normal verdana !important; \"><strong style=\"margin-top: 0px; margin-right: 0px; margin-bottom: 0px; margin-left: 0px; padding-top: 0px; padding-right: 0px; padding-bottom: 0px; padding-left: 0px; list-style-type: none; list-style-position: initial; list-style-image: initial; border-top-style: none; border-right-style: none; border-bottom-style: none; border-left-style: none; border-width: initial; border-color: initial; \">1983<\/strong>: Introdu&ccedil;&atilde;o do Lisa, o primeiro computador pessoal com um mouse para navegar e com &iacute;cones no desktop<\/p>\n<p style=\"margin-top: 10px; margin-right: 0px; margin-bottom: 10px; margin-left: 0px; padding-top: 0px; padding-right: 0px; padding-bottom: 0px; padding-left: 0px; list-style-type: none; list-style-position: initial; list-style-image: initial; border-top-style: none; border-right-style: none; border-bottom-style: none; border-left-style: none; border-width: initial; border-color: initial; font-family: verdana, arial, helvetica, sans-serif; font: normal normal normal 11px\/normal verdana !important; \"><strong style=\"margin-top: 0px; margin-right: 0px; margin-bottom: 0px; margin-left: 0px; padding-top: 0px; padding-right: 0px; padding-bottom: 0px; padding-left: 0px; list-style-type: none; list-style-position: initial; list-style-image: initial; border-top-style: none; border-right-style: none; border-bottom-style: none; border-left-style: none; border-width: initial; border-color: initial; \">1984<\/strong>: Nasce o computador Macintosh<\/p>\n<p style=\"margin-top: 10px; margin-right: 0px; margin-bottom: 10px; margin-left: 0px; padding-top: 0px; padding-right: 0px; padding-bottom: 0px; padding-left: 0px; list-style-type: none; list-style-position: initial; list-style-image: initial; border-top-style: none; border-right-style: none; border-bottom-style: none; border-left-style: none; border-width: initial; border-color: initial; font-family: verdana, arial, helvetica, sans-serif; font: normal normal normal 11px\/normal verdana !important; \"><strong style=\"margin-top: 0px; margin-right: 0px; margin-bottom: 0px; margin-left: 0px; padding-top: 0px; padding-right: 0px; padding-bottom: 0px; padding-left: 0px; list-style-type: none; list-style-position: initial; list-style-image: initial; border-top-style: none; border-right-style: none; border-bottom-style: none; border-left-style: none; border-width: initial; border-color: initial; \">1985<\/strong>: Jobs renuncia pela primeira vez, depois de perder o controle da Apple em uma luta interna<\/p>\n<p style=\"margin-top: 10px; margin-right: 0px; margin-bottom: 10px; margin-left: 0px; padding-top: 0px; padding-right: 0px; padding-bottom: 0px; padding-left: 0px; list-style-type: none; list-style-position: initial; list-style-image: initial; border-top-style: none; border-right-style: none; border-bottom-style: none; border-left-style: none; border-width: initial; border-color: initial; font-family: verdana, arial, helvetica, sans-serif; font: normal normal normal 11px\/normal verdana !important; \"><strong style=\"margin-top: 0px; margin-right: 0px; margin-bottom: 0px; margin-left: 0px; padding-top: 0px; padding-right: 0px; padding-bottom: 0px; padding-left: 0px; list-style-type: none; list-style-position: initial; list-style-image: initial; border-top-style: none; border-right-style: none; border-bottom-style: none; border-left-style: none; border-width: initial; border-color: initial; \">1986<\/strong>: O diretor executivo da Apple, John Sculley, &eacute; nomeado presidente da firma<\/p>\n<p style=\"margin-top: 10px; margin-right: 0px; margin-bottom: 10px; margin-left: 0px; padding-top: 0px; padding-right: 0px; padding-bottom: 0px; padding-left: 0px; list-style-type: none; list-style-position: initial; list-style-image: initial; border-top-style: none; border-right-style: none; border-bottom-style: none; border-left-style: none; border-width: initial; border-color: initial; font-family: verdana, arial, helvetica, sans-serif; font: normal normal normal 11px\/normal verdana !important; \"><strong style=\"margin-top: 0px; margin-right: 0px; margin-bottom: 0px; margin-left: 0px; padding-top: 0px; padding-right: 0px; padding-bottom: 0px; padding-left: 0px; list-style-type: none; list-style-position: initial; list-style-image: initial; border-top-style: none; border-right-style: none; border-bottom-style: none; border-left-style: none; border-width: initial; border-color: initial; \">1996<\/strong>: Apple compra NeXT e transforma Jobs em assessor<\/p>\n<p style=\"margin-top: 10px; margin-right: 0px; margin-bottom: 10px; margin-left: 0px; padding-top: 0px; padding-right: 0px; padding-bottom: 0px; padding-left: 0px; list-style-type: none; list-style-position: initial; list-style-image: initial; border-top-style: none; border-right-style: none; border-bottom-style: none; border-left-style: none; border-width: initial; border-color: initial; font-family: verdana, arial, helvetica, sans-serif; font: normal normal normal 11px\/normal verdana !important; \"><strong style=\"margin-top: 0px; margin-right: 0px; margin-bottom: 0px; margin-left: 0px; padding-top: 0px; padding-right: 0px; padding-bottom: 0px; padding-left: 0px; list-style-type: none; list-style-position: initial; list-style-image: initial; border-top-style: none; border-right-style: none; border-bottom-style: none; border-left-style: none; border-width: initial; border-color: initial; \">1997<\/strong>: Jobs substitui Gil Amelio &agrave; frente da Apple<\/p>\n<p style=\"margin-top: 10px; margin-right: 0px; margin-bottom: 10px; margin-left: 0px; padding-top: 0px; padding-right: 0px; padding-bottom: 0px; padding-left: 0px; list-style-type: none; list-style-position: initial; list-style-image: initial; border-top-style: none; border-right-style: none; border-bottom-style: none; border-left-style: none; border-width: initial; border-color: initial; font-family: verdana, arial, helvetica, sans-serif; font: normal normal normal 11px\/normal verdana !important; \"><strong style=\"margin-top: 0px; margin-right: 0px; margin-bottom: 0px; margin-left: 0px; padding-top: 0px; padding-right: 0px; padding-bottom: 0px; padding-left: 0px; list-style-type: none; list-style-position: initial; list-style-image: initial; border-top-style: none; border-right-style: none; border-bottom-style: none; border-left-style: none; border-width: initial; border-color: initial; \">1998<\/strong>: Jobs moderniza a linha de produtos da Apple, produzindo os coloridos computadores iMac<\/p>\n<p style=\"margin-top: 10px; margin-right: 0px; margin-bottom: 10px; margin-left: 0px; padding-top: 0px; padding-right: 0px; padding-bottom: 0px; padding-left: 0px; list-style-type: none; list-style-position: initial; list-style-image: initial; border-top-style: none; border-right-style: none; border-bottom-style: none; border-left-style: none; border-width: initial; border-color: initial; font-family: verdana, arial, helvetica, sans-serif; font: normal normal normal 11px\/normal verdana !important; \"><strong style=\"margin-top: 0px; margin-right: 0px; margin-bottom: 0px; margin-left: 0px; padding-top: 0px; padding-right: 0px; padding-bottom: 0px; padding-left: 0px; list-style-type: none; list-style-position: initial; list-style-image: initial; border-top-style: none; border-right-style: none; border-bottom-style: none; border-left-style: none; border-width: initial; border-color: initial; \">1999<\/strong>: O iBook &eacute; apresentado ao mercado<\/p>\n<p style=\"margin-top: 10px; margin-right: 0px; margin-bottom: 10px; margin-left: 0px; padding-top: 0px; padding-right: 0px; padding-bottom: 0px; padding-left: 0px; list-style-type: none; list-style-position: initial; list-style-image: initial; border-top-style: none; border-right-style: none; border-bottom-style: none; border-left-style: none; border-width: initial; border-color: initial; font-family: verdana, arial, helvetica, sans-serif; font: normal normal normal 11px\/normal verdana !important; \"><strong style=\"margin-top: 0px; margin-right: 0px; margin-bottom: 0px; margin-left: 0px; padding-top: 0px; padding-right: 0px; padding-bottom: 0px; padding-left: 0px; list-style-type: none; list-style-position: initial; list-style-image: initial; border-top-style: none; border-right-style: none; border-bottom-style: none; border-left-style: none; border-width: initial; border-color: initial; \">2001<\/strong>: a Apple lan&ccedil;a o reprodutor de m&uacute;sica digital MP3, o iPod<\/p>\n<p style=\"margin-top: 10px; margin-right: 0px; margin-bottom: 10px; margin-left: 0px; padding-top: 0px; padding-right: 0px; padding-bottom: 0px; padding-left: 0px; list-style-type: none; list-style-position: initial; list-style-image: initial; border-top-style: none; border-right-style: none; border-bottom-style: none; border-left-style: none; border-width: initial; border-color: initial; font-family: verdana, arial, helvetica, sans-serif; font: normal normal normal 11px\/normal verdana !important; \"><strong style=\"margin-top: 0px; margin-right: 0px; margin-bottom: 0px; margin-left: 0px; padding-top: 0px; padding-right: 0px; padding-bottom: 0px; padding-left: 0px; list-style-type: none; list-style-position: initial; list-style-image: initial; border-top-style: none; border-right-style: none; border-bottom-style: none; border-left-style: none; border-width: initial; border-color: initial; \">2003<\/strong>: a Apple abre a loja de m&uacute;sica on-line iTunes<\/p>\n<p style=\"margin-top: 10px; margin-right: 0px; margin-bottom: 10px; margin-left: 0px; padding-top: 0px; padding-right: 0px; padding-bottom: 0px; padding-left: 0px; list-style-type: none; list-style-position: initial; list-style-image: initial; border-top-style: none; border-right-style: none; border-bottom-style: none; border-left-style: none; border-width: initial; border-color: initial; font-family: verdana, arial, helvetica, sans-serif; font: normal normal normal 11px\/normal verdana !important; \"><strong style=\"margin-top: 0px; margin-right: 0px; margin-bottom: 0px; margin-left: 0px; padding-top: 0px; padding-right: 0px; padding-bottom: 0px; padding-left: 0px; list-style-type: none; list-style-position: initial; list-style-image: initial; border-top-style: none; border-right-style: none; border-bottom-style: none; border-left-style: none; border-width: initial; border-color: initial; \">2007<\/strong>: a Apple lan&ccedil;a o iPhone, inaugurando a era das telas de touch<\/p>\n<p style=\"margin-top: 10px; margin-right: 0px; margin-bottom: 10px; margin-left: 0px; padding-top: 0px; padding-right: 0px; padding-bottom: 0px; padding-left: 0px; list-style-type: none; list-style-position: initial; list-style-image: initial; border-top-style: none; border-right-style: none; border-bottom-style: none; border-left-style: none; border-width: initial; border-color: initial; font-family: verdana, arial, helvetica, sans-serif; font: normal normal normal 11px\/normal verdana !important; \"><strong style=\"margin-top: 0px; margin-right: 0px; margin-bottom: 0px; margin-left: 0px; padding-top: 0px; padding-right: 0px; padding-bottom: 0px; padding-left: 0px; list-style-type: none; list-style-position: initial; list-style-image: initial; border-top-style: none; border-right-style: none; border-bottom-style: none; border-left-style: none; border-width: initial; border-color: initial; \">2010<\/strong>: Jobs apresenta o iPad<\/p>\n<p style=\"margin-top: 10px; margin-right: 0px; margin-bottom: 10px; margin-left: 0px; padding-top: 0px; padding-right: 0px; padding-bottom: 0px; padding-left: 0px; list-style-type: none; list-style-position: initial; list-style-image: initial; border-top-style: none; border-right-style: none; border-bottom-style: none; border-left-style: none; border-width: initial; border-color: initial; font-family: verdana, arial, helvetica, sans-serif; font: normal normal normal 11px\/normal verdana !important; \"><strong style=\"margin-top: 0px; margin-right: 0px; margin-bottom: 0px; margin-left: 0px; padding-top: 0px; padding-right: 0px; padding-bottom: 0px; padding-left: 0px; list-style-type: none; list-style-position: initial; list-style-image: initial; border-top-style: none; border-right-style: none; border-bottom-style: none; border-left-style: none; border-width: initial; border-color: initial; \">2011<\/strong>: Jobs lan&ccedil;a o servi&ccedil;o gratuito de armazenamento on-line iCloud<\/p>\n<p><\/span><span class=\"Apple-style-span\" style=\"color: rgb(163, 162, 162); font-family: verdana; font-size: 10px; \"><em style=\"margin-top: 0px; margin-right: 0px; margin-bottom: 0px; margin-left: 0px; padding-top: 0px; padding-right: 0px; padding-bottom: 0px; padding-left: 0px; list-style-type: none; list-style-position: initial; list-style-image: initial; border-top-style: none; border-right-style: none; border-bottom-style: none; border-left-style: none; border-width: initial; border-color: initial; text-transform: uppercase; color: rgb(19, 77, 134); font-style: normal; font-family: arial; \">AG&Ecirc;NCIA ESTADO E REUTERS<\/em><i style=\"margin-top: 0px; margin-right: 0px; margin-bottom: 0px; margin-left: 0px; padding-top: 0px; padding-right: 0px; padding-bottom: 0px; padding-left: 0px; list-style-type: none; list-style-position: initial; list-style-image: initial; border-top-style: none; border-right-style: none; border-bottom-style: none; border-left-style: none; border-width: initial; border-color: initial; \">&nbsp;APF \/&nbsp;Gazeta do Povo&nbsp;<\/i><\/span><\/p>\n","protected":false},"excerpt":{"rendered":"<p>A empresa Apple anunciou, na noite desta quarta-feira (5), a morte de Steve Jobs, cofundador e ex-CEO da companhia. Aos 56 anos, ele sofria de um c\u00e2ncer no p\u00e2ncreas e j\u00e1 havia renunciado \u00e0 presid\u00eancia da empresa.<\/p>\n<p>Uma nota divulgada \u00e0 imprensa pela fam\u00edlia afirma que ele morreu &#8220;tranquilamente&#8221;. Casado em 1991, em uma cerim\u00f4nia presidida por um monge budista, Jobs deixa tr\u00eas filhos com a esposa, e uma filha com uma mulher que conheceu antes do matrim\u00f4nio.<\/p>\n","protected":false},"author":1,"featured_media":27920,"comment_status":"open","ping_status":"open","sticky":false,"template":"","format":"standard","meta":{"footnotes":""},"categories":[1],"tags":[6605],"class_list":["post-27921","post","type-post","status-publish","format-standard","has-post-thumbnail","hentry","category-noticias-zeca-dirceu","tag-apple-anuncia-morte-de-steve-jobs"],"_links":{"self":[{"href":"https:\/\/teste.bsb.br\/zeca\/wp-json\/wp\/v2\/posts\/27921","targetHints":{"allow":["GET"]}}],"collection":[{"href":"https:\/\/teste.bsb.br\/zeca\/wp-json\/wp\/v2\/posts"}],"about":[{"href":"https:\/\/teste.bsb.br\/zeca\/wp-json\/wp\/v2\/types\/post"}],"author":[{"embeddable":true,"href":"https:\/\/teste.bsb.br\/zeca\/wp-json\/wp\/v2\/users\/1"}],"replies":[{"embeddable":true,"href":"https:\/\/teste.bsb.br\/zeca\/wp-json\/wp\/v2\/comments?post=27921"}],"version-history":[{"count":0,"href":"https:\/\/teste.bsb.br\/zeca\/wp-json\/wp\/v2\/posts\/27921\/revisions"}],"wp:featuredmedia":[{"embeddable":true,"href":"https:\/\/teste.bsb.br\/zeca\/wp-json\/wp\/v2\/media\/27920"}],"wp:attachment":[{"href":"https:\/\/teste.bsb.br\/zeca\/wp-json\/wp\/v2\/media?parent=27921"}],"wp:term":[{"taxonomy":"category","embeddable":true,"href":"https:\/\/teste.bsb.br\/zeca\/wp-json\/wp\/v2\/categories?post=27921"},{"taxonomy":"post_tag","embeddable":true,"href":"https:\/\/teste.bsb.br\/zeca\/wp-json\/wp\/v2\/tags?post=27921"}],"curies":[{"name":"wp","href":"https:\/\/api.w.org\/{rel}","templated":true}]}}