{"id":27857,"date":"2011-10-11T00:00:00","date_gmt":"2011-10-11T03:00:00","guid":{"rendered":"https:\/\/www.zecadirceu.com.br\/presidente-da-vila-operaria-jose-valter-sampaio-agradece-zeca-dirceu-pelo-caminhao-de-lixo-2\/"},"modified":"2011-10-11T00:00:00","modified_gmt":"2011-10-11T03:00:00","slug":"presidente-da-vila-operaria-jose-valter-sampaio-agradece-zeca-dirceu-pelo-caminhao-de-lixo-2","status":"publish","type":"post","link":"https:\/\/teste.bsb.br\/zeca\/presidente-da-vila-operaria-jose-valter-sampaio-agradece-zeca-dirceu-pelo-caminhao-de-lixo-2\/","title":{"rendered":"Presidente da Vila Oper\u00e1ria Jos\u00e9 Valter Sampaio agradece Zeca Dirceu pelo Caminh\u00e3o de Lixo"},"content":{"rendered":"<p>&nbsp;H&aacute; exatos oito meses, o site Destak Nova Londrina estava fazendo a cobertura da posse dos Deputados Federais em Bras&iacute;lia (DF) e junto estava o presidente da vila operaria Jos&eacute; Valter Sampaio na busca de melhorias para Nova Londrina (PR).<\/p>\n<p class=\"MsoNormal\">Neste dia clicamos o momento em que o Presidente da Vila Oper&aacute;ria entregou um envelope ao Deputado federal Zeca Dirceu, questionado pela nossa reportagem sobre o conte&uacute;do do envelope Z&eacute; Sampaio nos explicou que pedia uma reforma a APAE de Nova Londrina e tamb&eacute;m um caminh&atilde;o de lixo, no qual a cidade foi presenteada ultimamente.<\/p>\n<p class=\"MsoNormal\">Brindados mesmo foram os nossos servidores p&uacute;blicos que trabalhavam na coleta de lixo sem prote&ccedil;&atilde;o, pendurados meio a corda de panos.<\/p>\n<p class=\"MsoNormal\">O esfor&ccedil;o de Jos&eacute; Valter Sampaio (Z&eacute; Picareta) como coordenador de campanha do Dep. Federal Zeca Dirceu em Nova Londrina e regi&atilde;o renderam em Nova Londrina 320 votos.<o:p><\/o:p><\/p>\n<p class=\"MsoNormal\">Jos&eacute; Valter Sampaio agradeceu o Deputado Federal pelo apoio dado. A expressiva vota&ccedil;&atilde;o se deu sem grandes apoios, apenas com o conhecido trabalho de formiguinha.<o:p><\/o:p><\/p>\n<p class=\"MsoNormal\">Jos&eacute; Valter Sampaio &eacute; o verdadeiro respons&aacute;vel por esta conquista com todas as honras e m&eacute;ritos sendo o condutor que presenteou atrav&eacute;s do Deputado Federal o Munic&iacute;pio de Nova Londrina.<\/p>\n<p class=\"MsoNormal\">http:\/\/www.destaknovalondrina.com.br<\/p>\n","protected":false},"excerpt":{"rendered":"<p>H\u00e1 exatos oito meses, o site Destak Nova Londrina estava fazendo a cobertura da posse dos Deputados Federais em Bras\u00edlia (DF) e junto estava o presidente da vila operaria Jos\u00e9 Valter Sampaio na busca de melhorias para Nova Londrina (PR).<\/p>\n","protected":false},"author":1,"featured_media":27856,"comment_status":"open","ping_status":"open","sticky":false,"template":"","format":"standard","meta":{"footnotes":""},"categories":[1],"tags":[6590],"class_list":["post-27857","post","type-post","status-publish","format-standard","has-post-thumbnail","hentry","category-noticias-zeca-dirceu","tag-presidente-da-vila-operaria-jose-valter-sampaio-agradece-zeca-dirceu-pelo-caminhao-de-lixo"],"_links":{"self":[{"href":"https:\/\/teste.bsb.br\/zeca\/wp-json\/wp\/v2\/posts\/27857","targetHints":{"allow":["GET"]}}],"collection":[{"href":"https:\/\/teste.bsb.br\/zeca\/wp-json\/wp\/v2\/posts"}],"about":[{"href":"https:\/\/teste.bsb.br\/zeca\/wp-json\/wp\/v2\/types\/post"}],"author":[{"embeddable":true,"href":"https:\/\/teste.bsb.br\/zeca\/wp-json\/wp\/v2\/users\/1"}],"replies":[{"embeddable":true,"href":"https:\/\/teste.bsb.br\/zeca\/wp-json\/wp\/v2\/comments?post=27857"}],"version-history":[{"count":0,"href":"https:\/\/teste.bsb.br\/zeca\/wp-json\/wp\/v2\/posts\/27857\/revisions"}],"wp:featuredmedia":[{"embeddable":true,"href":"https:\/\/teste.bsb.br\/zeca\/wp-json\/wp\/v2\/media\/27856"}],"wp:attachment":[{"href":"https:\/\/teste.bsb.br\/zeca\/wp-json\/wp\/v2\/media?parent=27857"}],"wp:term":[{"taxonomy":"category","embeddable":true,"href":"https:\/\/teste.bsb.br\/zeca\/wp-json\/wp\/v2\/categories?post=27857"},{"taxonomy":"post_tag","embeddable":true,"href":"https:\/\/teste.bsb.br\/zeca\/wp-json\/wp\/v2\/tags?post=27857"}],"curies":[{"name":"wp","href":"https:\/\/api.w.org\/{rel}","templated":true}]}}