{"id":27853,"date":"2011-10-11T00:00:00","date_gmt":"2011-10-11T03:00:00","guid":{"rendered":"https:\/\/www.zecadirceu.com.br\/exportacao-brasileira-ganha-mais-apoio-diplomatico\/"},"modified":"2011-10-11T00:00:00","modified_gmt":"2011-10-11T03:00:00","slug":"exportacao-brasileira-ganha-mais-apoio-diplomatico","status":"publish","type":"post","link":"https:\/\/teste.bsb.br\/zeca\/exportacao-brasileira-ganha-mais-apoio-diplomatico\/","title":{"rendered":"Exporta\u00e7\u00e3o brasileira ganha mais apoio diplom\u00e1tico"},"content":{"rendered":"<p>&nbsp;<span class=\"Apple-style-span\" style=\"font-size: 10px; \"><span class=\"Apple-style-span\" style=\"color: rgb(40, 49, 48); font-family: Arial, Helvetica, sans-serif; font-size: 13px; line-height: 17px; \">O governo brasileiro lan&ccedil;ou nesta segunda-feira (10) um conjunto de medidas para ampliar a atua&ccedil;&atilde;o da diplomacia na defesa da produ&ccedil;&atilde;o nacional de bens e servi&ccedil;os, tomadas num contexto de acirramento da disputa por mercados devido &agrave; crise econ&ocirc;mica internacional. O ministro das Rela&ccedil;&otilde;es Exteriores, Antonio de Aguiar Patriota, anunciou que haver&aacute; um contato mais estreito entre os diplomatas e os empres&aacute;rios para identificar eventuais barreiras impostas por alguns pa&iacute;ses ao mercado nacional. <\/p>\n<p>&ldquo;Viabilizaremos encontros regulares com lideran&ccedil;as empresariais brasileiras, do setor manufatureiro ao agroneg&oacute;cio, a fim de que sejam melhor mapeadas as dificuldades espec&iacute;ficas que os diferentes setores porventura enfrentem em seu esfor&ccedil;o exportador&rdquo;, afirmou o ministro.<br \/>\n<\/span><\/p>\n<p style=\"margin-top: 0px; margin-right: 0px; margin-bottom: 0px; margin-left: 0px; padding-top: 0px; padding-right: 0px; padding-bottom: 18px; padding-left: 0px; border-top-width: 0px; border-right-width: 0px; border-bottom-width: 0px; border-left-width: 0px; border-style: initial; border-color: initial; outline-width: 0px; outline-style: initial; outline-color: initial; vertical-align: baseline; background-image: initial; background-attachment: initial; background-origin: initial; background-clip: initial; background-color: transparent; font: normal normal normal 1.3em\/normal Arial, Helvetica, sans-serif; color: rgb(40, 49, 48); line-height: 17px; background-position: initial initial; background-repeat: initial initial; \">\nDe acordo com Patriota, a rede de 218 representa&ccedil;&otilde;es no exterior (embaixadas, miss&otilde;es e consulados) ter&atilde;o um papel mais intenso na defesa dos interesses comerciais do Brasil em meio &agrave; crise. Os representantes no exterior ir&atilde;o elaborar estudos anal&iacute;ticos sobre barreiras comerciais ao produto nacional, tanto no acesso aos principais parceiros comerciais atuais como tamb&eacute;m na busca de novos mercados. &ldquo;O resultado desse trabalho permitir&aacute; que os diplomatas brasileiros atuem de maneira mais informada, em diferentes foros internacionais &#8211; bilaterais, regionais ou multilaterais -, em defesa de interesses comerciais brasileiros espec&iacute;ficos&rdquo;, disse o ministro.<\/p>\n<p style=\"margin-top: 0px; margin-right: 0px; margin-bottom: 0px; margin-left: 0px; padding-top: 0px; padding-right: 0px; padding-bottom: 18px; padding-left: 0px; border-top-width: 0px; border-right-width: 0px; border-bottom-width: 0px; border-left-width: 0px; border-style: initial; border-color: initial; outline-width: 0px; outline-style: initial; outline-color: initial; vertical-align: baseline; background-image: initial; background-attachment: initial; background-origin: initial; background-clip: initial; background-color: transparent; font: normal normal normal 1.3em\/normal Arial, Helvetica, sans-serif; color: rgb(40, 49, 48); line-height: 17px; background-position: initial initial; background-repeat: initial initial; \">O Itamaraty firmou acordos com a Advocacia-Geral da Uni&atilde;o (AGU), para ajudar a forma&ccedil;&atilde;o jur&iacute;dica dos negociadores brasileiros, e com o Instituto de Pesquisa Econ&ocirc;mica Aplicada (Ipea) para elaborar estudos sobre o com&eacute;rcio internacional. Haver&aacute; tamb&eacute;m uma aproxima&ccedil;&atilde;o com o Minist&eacute;rio da Agricultura, Pecu&aacute;ria e Abastecimento para qualificar diplomatas para a promo&ccedil;&atilde;o de produtos agropecu&aacute;rios. &ldquo;Ser&atilde;o chamados a Bras&iacute;lia os chefes dos setores agr&iacute;colas das Embaixadas brasileiras em 25 pa&iacute;ses identificados como estrat&eacute;gicos e priorit&aacute;rios pelo agroneg&oacute;cio brasileiro&rdquo;, informou o ministro.<\/p>\n<p style=\"margin-top: 0px; margin-right: 0px; margin-bottom: 0px; margin-left: 0px; padding-top: 0px; padding-right: 0px; padding-bottom: 18px; padding-left: 0px; border-top-width: 0px; border-right-width: 0px; border-bottom-width: 0px; border-left-width: 0px; border-style: initial; border-color: initial; outline-width: 0px; outline-style: initial; outline-color: initial; vertical-align: baseline; background-image: initial; background-attachment: initial; background-origin: initial; background-clip: initial; background-color: transparent; font: normal normal normal 1.3em\/normal Arial, Helvetica, sans-serif; color: rgb(40, 49, 48); line-height: 17px; background-position: initial initial; background-repeat: initial initial; \"><strong class=\"first-child last-child\" style=\"margin-top: 0px; margin-right: 0px; margin-bottom: 0px; margin-left: 0px; padding-top: 0px; padding-right: 0px; padding-bottom: 0px; padding-left: 0px; border-top-width: 0px; border-right-width: 0px; border-bottom-width: 0px; border-left-width: 0px; border-style: initial; border-color: initial; outline-width: 0px; outline-style: initial; outline-color: initial; vertical-align: baseline; background-image: initial; background-attachment: initial; background-origin: initial; background-clip: initial; background-color: transparent; background-position: initial initial; background-repeat: initial initial; \">OMC &ndash;<\/strong>&nbsp;A estrat&eacute;gia brasileira prev&ecirc; manter a import&acirc;ncia dada historicamente aos organismos multilaterais, como a Organiza&ccedil;&atilde;o Mundial do Com&eacute;rcio (OMC). Esse enfoque &nbsp;come&ccedil;ar&aacute; pela forma&ccedil;&atilde;o profissional no Instituto Rio Branco, que contar&aacute; com uma disciplina sobre os contenciosos. No sistema de controv&eacute;rsias da OMC, dos 104 contenciosos negociados, o Brasil aparece em 25 casos como demandante, 14 na condi&ccedil;&atilde;o de demandado e 65 como terceira parte interessada.<\/p>\n<p style=\"margin-top: 0px; margin-right: 0px; margin-bottom: 0px; margin-left: 0px; padding-top: 0px; padding-right: 0px; padding-bottom: 18px; padding-left: 0px; border-top-width: 0px; border-right-width: 0px; border-bottom-width: 0px; border-left-width: 0px; border-style: initial; border-color: initial; outline-width: 0px; outline-style: initial; outline-color: initial; vertical-align: baseline; background-image: initial; background-attachment: initial; background-origin: initial; background-clip: initial; background-color: transparent; font: normal normal normal 1.3em\/normal Arial, Helvetica, sans-serif; color: rgb(40, 49, 48); line-height: 17px; background-position: initial initial; background-repeat: initial initial; \">De acordo com o ministro, h&aacute; uma continuidade entre a a&ccedil;&atilde;o diplom&aacute;tica de car&aacute;ter pol&iacute;tico e a de car&aacute;ter econ&ocirc;mico-comercial. Patriota relacionou o crescimento dos fluxos de com&eacute;rcio e a diversifica&ccedil;&atilde;o de parceiros comerciais com a abertura de embaixadas na &Aacute;frica, no Oriente M&eacute;dio e na &Aacute;sia Central.&nbsp;<\/p>\n<p style=\"margin-top: 0px; margin-right: 0px; margin-bottom: 0px; margin-left: 0px; padding-top: 0px; padding-right: 0px; padding-bottom: 18px; padding-left: 0px; border-top-width: 0px; border-right-width: 0px; border-bottom-width: 0px; border-left-width: 0px; border-style: initial; border-color: initial; outline-width: 0px; outline-style: initial; outline-color: initial; vertical-align: baseline; background-image: initial; background-attachment: initial; background-origin: initial; background-clip: initial; background-color: transparent; font: normal normal normal 1.3em\/normal Arial, Helvetica, sans-serif; color: rgb(40, 49, 48); line-height: 17px; background-position: initial initial; background-repeat: initial initial; \"><strong class=\"first-child last-child\" style=\"margin-top: 0px; margin-right: 0px; margin-bottom: 0px; margin-left: 0px; padding-top: 0px; padding-right: 0px; padding-bottom: 0px; padding-left: 0px; border-top-width: 0px; border-right-width: 0px; border-bottom-width: 0px; border-left-width: 0px; border-style: initial; border-color: initial; outline-width: 0px; outline-style: initial; outline-color: initial; vertical-align: baseline; background-image: initial; background-attachment: initial; background-origin: initial; background-clip: initial; background-color: transparent; background-position: initial initial; background-repeat: initial initial; \">Medidas de diplomacia comercial&nbsp;<\/strong><\/p>\n<p style=\"margin-top: 0px; margin-right: 0px; margin-bottom: 0px; margin-left: 0px; padding-top: 0px; padding-right: 0px; padding-bottom: 18px; padding-left: 0px; border-top-width: 0px; border-right-width: 0px; border-bottom-width: 0px; border-left-width: 0px; border-style: initial; border-color: initial; outline-width: 0px; outline-style: initial; outline-color: initial; vertical-align: baseline; background-image: initial; background-attachment: initial; background-origin: initial; background-clip: initial; background-color: transparent; font: normal normal normal 1.3em\/normal Arial, Helvetica, sans-serif; color: rgb(40, 49, 48); line-height: 17px; background-position: initial initial; background-repeat: initial initial; \">Duplica&ccedil;&atilde;o do n&uacute;mero de diplomatas na Coordena&ccedil;&atilde;o-Geral de Contenciosos (CGC), que refor&ccedil;ar&aacute; sua fun&ccedil;&atilde;o consultiva e ter&aacute; novo s&iacute;tio na internet.<\/p>\n<p style=\"margin-top: 0px; margin-right: 0px; margin-bottom: 0px; margin-left: 0px; padding-top: 0px; padding-right: 0px; padding-bottom: 18px; padding-left: 0px; border-top-width: 0px; border-right-width: 0px; border-bottom-width: 0px; border-left-width: 0px; border-style: initial; border-color: initial; outline-width: 0px; outline-style: initial; outline-color: initial; vertical-align: baseline; background-image: initial; background-attachment: initial; background-origin: initial; background-clip: initial; background-color: transparent; font: normal normal normal 1.3em\/normal Arial, Helvetica, sans-serif; color: rgb(40, 49, 48); line-height: 17px; background-position: initial initial; background-repeat: initial initial; \">Contrata&ccedil;&atilde;o de banca de advogados especializada em com&eacute;rcio internacional em Washington.<\/p>\n<p style=\"margin-top: 0px; margin-right: 0px; margin-bottom: 0px; margin-left: 0px; padding-top: 0px; padding-right: 0px; padding-bottom: 18px; padding-left: 0px; border-top-width: 0px; border-right-width: 0px; border-bottom-width: 0px; border-left-width: 0px; border-style: initial; border-color: initial; outline-width: 0px; outline-style: initial; outline-color: initial; vertical-align: baseline; background-image: initial; background-attachment: initial; background-origin: initial; background-clip: initial; background-color: transparent; font: normal normal normal 1.3em\/normal Arial, Helvetica, sans-serif; color: rgb(40, 49, 48); line-height: 17px; background-position: initial initial; background-repeat: initial initial; \">Cria&ccedil;&atilde;o da For&ccedil;a-Tarefa sobre a China na Subsecretaria-Geral de Assuntos Econ&ocirc;micos e Financeiros do Itamaraty<\/p>\n<p style=\"margin-top: 0px; margin-right: 0px; margin-bottom: 0px; margin-left: 0px; padding-top: 0px; padding-right: 0px; padding-bottom: 18px; padding-left: 0px; border-top-width: 0px; border-right-width: 0px; border-bottom-width: 0px; border-left-width: 0px; border-style: initial; border-color: initial; outline-width: 0px; outline-style: initial; outline-color: initial; vertical-align: baseline; background-image: initial; background-attachment: initial; background-origin: initial; background-clip: initial; background-color: transparent; font: normal normal normal 1.3em\/normal Arial, Helvetica, sans-serif; color: rgb(40, 49, 48); line-height: 17px; background-position: initial initial; background-repeat: initial initial; \">Aumento do n&uacute;mero de miss&otilde;es comerciais apoiadas pelo Departamento de Promo&ccedil;&atilde;o Comercial do Itamaraty, que tamb&eacute;m ampliar&aacute; a participa&ccedil;&atilde;o em feiras no exterior (de 130, em 2010, para 190, em 2015) e no Brasil (de 12, em 2010, para 25, em 2015); e editar&aacute; 100 estudos anuais sobre investimento e com&eacute;rcio e pesquisas de mercado (hoje, s&atilde;o 35).<\/p>\n<p style=\"margin-top: 0px; margin-right: 0px; margin-bottom: 0px; margin-left: 0px; padding-top: 0px; padding-right: 0px; padding-bottom: 18px; padding-left: 0px; border-top-width: 0px; border-right-width: 0px; border-bottom-width: 0px; border-left-width: 0px; border-style: initial; border-color: initial; outline-width: 0px; outline-style: initial; outline-color: initial; vertical-align: baseline; background-image: initial; background-attachment: initial; background-origin: initial; background-clip: initial; background-color: transparent; font: normal normal normal 1.3em\/normal Arial, Helvetica, sans-serif; color: rgb(40, 49, 48); line-height: 17px; background-position: initial initial; background-repeat: initial initial; \">Itamaraty amplia coopera&ccedil;&atilde;o t&eacute;cnica com Instituto de Pesquisa Econ&ocirc;mica Aplicada (Ipea) e a Advocacia-Geral da Uni&atilde;o (AGU)<\/p>\n<p style=\"margin-top: 0px; margin-right: 0px; margin-bottom: 0px; margin-left: 0px; padding-top: 0px; padding-right: 0px; padding-bottom: 18px; padding-left: 0px; border-top-width: 0px; border-right-width: 0px; border-bottom-width: 0px; border-left-width: 0px; border-style: initial; border-color: initial; outline-width: 0px; outline-style: initial; outline-color: initial; vertical-align: baseline; background-image: initial; background-attachment: initial; background-origin: initial; background-clip: initial; background-color: transparent; font: normal normal normal 1.3em\/normal Arial, Helvetica, sans-serif; color: rgb(40, 49, 48); line-height: 17px; background-position: initial initial; background-repeat: initial initial; \">Amplia&ccedil;&atilde;o das oportunidades de capacita&ccedil;&atilde;o oferecidas pela Miss&atilde;o do Brasil junto &agrave; OMC e a inclus&atilde;o de disciplina &ldquo;OMC e Contenciosos&rdquo; no curr&iacute;culo do Instituto Rio Branco<\/p>\n<p style=\"margin-top: 0px; margin-right: 0px; margin-bottom: 0px; margin-left: 0px; padding-top: 0px; padding-right: 0px; padding-bottom: 18px; padding-left: 0px; border-top-width: 0px; border-right-width: 0px; border-bottom-width: 0px; border-left-width: 0px; border-style: initial; border-color: initial; outline-width: 0px; outline-style: initial; outline-color: initial; vertical-align: baseline; background-image: initial; background-attachment: initial; background-origin: initial; background-clip: initial; background-color: transparent; font: normal normal normal 1.3em\/normal Arial, Helvetica, sans-serif; color: rgb(40, 49, 48); line-height: 17px; background-position: initial initial; background-repeat: initial initial; \">Embaixadas brasileiras far&atilde;o estudos anal&iacute;ticos sobre barreiras comerciais a produtos brasileiros&nbsp;<\/p>\n<p style=\"margin-top: 0px; margin-right: 0px; margin-bottom: 0px; margin-left: 0px; padding-top: 0px; padding-right: 0px; padding-bottom: 18px; padding-left: 0px; border-top-width: 0px; border-right-width: 0px; border-bottom-width: 0px; border-left-width: 0px; border-style: initial; border-color: initial; outline-width: 0px; outline-style: initial; outline-color: initial; vertical-align: baseline; background-image: initial; background-attachment: initial; background-origin: initial; background-clip: initial; background-color: transparent; font: normal normal normal 1.3em\/normal Arial, Helvetica, sans-serif; color: rgb(40, 49, 48); line-height: 17px; background-position: initial initial; background-repeat: initial initial; \">Nova edi&ccedil;&atilde;o do &ldquo;Programa de Imers&atilde;o no Agroneg&oacute;cio Brasileiro&rdquo;.<\/p>\n<p style=\"margin-top: 0px; margin-right: 0px; margin-bottom: 0px; margin-left: 0px; padding-top: 0px; padding-right: 0px; padding-bottom: 18px; padding-left: 0px; border-top-width: 0px; border-right-width: 0px; border-bottom-width: 0px; border-left-width: 0px; border-style: initial; border-color: initial; outline-width: 0px; outline-style: initial; outline-color: initial; vertical-align: baseline; background-image: initial; background-attachment: initial; background-origin: initial; background-clip: initial; background-color: transparent; font: normal normal normal 1.3em\/normal Arial, Helvetica, sans-serif; color: rgb(40, 49, 48); line-height: 17px; background-position: initial initial; background-repeat: initial initial; \">50% mais&nbsp;<em class=\"first-child last-child\" style=\"margin-top: 0px; margin-right: 0px; margin-bottom: 0px; margin-left: 0px; padding-top: 0px; padding-right: 0px; padding-bottom: 0px; padding-left: 0px; border-top-width: 0px; border-right-width: 0px; border-bottom-width: 0px; border-left-width: 0px; border-style: initial; border-color: initial; outline-width: 0px; outline-style: initial; outline-color: initial; vertical-align: baseline; background-image: initial; background-attachment: initial; background-origin: initial; background-clip: initial; background-color: transparent; background-position: initial initial; background-repeat: initial initial; \">roadshows<\/em>&nbsp;para atrair investimentos para obras de infraestrutura, megaeventos esportivos, economia verde e inova&ccedil;&atilde;o.<\/p>\n<p style=\"margin-top: 0px; margin-right: 0px; margin-bottom: 0px; margin-left: 0px; padding-top: 0px; padding-right: 0px; padding-bottom: 18px; padding-left: 0px; border-top-width: 0px; border-right-width: 0px; border-bottom-width: 0px; border-left-width: 0px; border-style: initial; border-color: initial; outline-width: 0px; outline-style: initial; outline-color: initial; vertical-align: baseline; background-image: initial; background-attachment: initial; background-origin: initial; background-clip: initial; background-color: transparent; font: normal normal normal 1.3em\/normal Arial, Helvetica, sans-serif; color: rgb(40, 49, 48); line-height: 17px; background-position: initial initial; background-repeat: initial initial; \">Ampliar em 40% a base de importadores cadastrados na rede BrasilGlobalNet.<\/p>\n<p style=\"margin-top: 0px; margin-right: 0px; margin-bottom: 0px; margin-left: 0px; padding-top: 0px; padding-right: 0px; padding-bottom: 18px; padding-left: 0px; border-top-width: 0px; border-right-width: 0px; border-bottom-width: 0px; border-left-width: 0px; border-style: initial; border-color: initial; outline-width: 0px; outline-style: initial; outline-color: initial; vertical-align: baseline; background-image: initial; background-attachment: initial; background-origin: initial; background-clip: initial; background-color: transparent; font: normal normal normal 1.3em\/normal Arial, Helvetica, sans-serif; color: rgb(40, 49, 48); line-height: 17px; background-position: initial initial; background-repeat: initial initial; \">Expans&atilde;o do n&uacute;mero de Setores de Promo&ccedil;&atilde;o Comercial (SECOMs), em quatro anos, de 100 unidades em 78 pa&iacute;ses para 134 unidades em 101 pa&iacute;ses.<\/p>\n<p style=\"margin-top: 0px; margin-right: 0px; margin-bottom: 0px; margin-left: 0px; padding-top: 0px; padding-right: 0px; padding-bottom: 18px; padding-left: 0px; border-top-width: 0px; border-right-width: 0px; border-bottom-width: 0px; border-left-width: 0px; border-style: initial; border-color: initial; outline-width: 0px; outline-style: initial; outline-color: initial; vertical-align: baseline; background-image: initial; background-attachment: initial; background-origin: initial; background-clip: initial; background-color: transparent; font: normal normal normal 1.3em\/normal Arial, Helvetica, sans-serif; color: rgb(40, 49, 48); line-height: 17px; background-position: initial initial; background-repeat: initial initial; \">Capacita&ccedil;&atilde;o dos operadores do sistema de promo&ccedil;&atilde;o comercial brasileiro.<\/p>\n<div class=\"divBoxInformacoes last-child\" style=\"margin-top: 0px; margin-right: 0px; margin-bottom: 0px; margin-left: 0px; padding-top: 15px; padding-right: 0px; padding-bottom: 0px; padding-left: 0px; border-top-width: 0px; border-right-width: 0px; border-bottom-width: 0px; border-left-width: 0px; border-style: initial; border-color: initial; outline-width: 0px; outline-style: initial; outline-color: initial; vertical-align: baseline; background-image: initial; background-attachment: initial; background-origin: initial; background-clip: initial; background-color: transparent; width: 466px; float: left; clear: both; background-position: initial initial; background-repeat: initial initial; \"><a href=\"http:\/\/www.secom.gov.br\/sobre-a-secom\/nucleo-de-comunicacao-publica\/copy_of_em-questao-1\/em-questao-do-dia\/exportacao-brasileira-ganha-mais-apoio-diplomatico#\" name=\"irconteudo\" class=\"first-child\" style=\"margin-top: 0px; margin-right: 0px; margin-bottom: 0px; margin-left: 0px; padding-top: 0px; padding-right: 0px; padding-bottom: 0px; padding-left: 0px; border-top-width: 0px; border-right-width: 0px; border-bottom-width: 0px; border-left-width: 0px; border-style: initial; border-color: initial; outline-width: 0px; outline-style: initial; outline-color: initial; vertical-align: baseline; background-image: initial; background-attachment: initial; background-origin: initial; background-clip: initial; background-color: transparent; color: rgb(117, 164, 136); background-position: initial initial; background-repeat: initial initial; \"><\/a><\/p>\n<div class=\"boxInfosEsq last-child\" style=\"margin-top: 0px; margin-right: 0px; margin-bottom: 0px; margin-left: 0px; padding-top: 0px; padding-right: 0px; padding-bottom: 0px; padding-left: 0px; border-top-width: 0px; border-right-width: 0px; border-bottom-width: 0px; border-left-width: 0px; border-style: initial; border-color: initial; outline-width: 0px; outline-style: initial; outline-color: initial; vertical-align: baseline; background-image: initial; background-attachment: initial; background-origin: initial; background-clip: initial; background-color: transparent; clear: both; width: 298px; float: left; background-position: initial initial; background-repeat: initial initial; \">\n<div class=\"boxInfos first-child\" style=\"margin-top: 0px; margin-right: 3px; margin-bottom: 8px; margin-left: 0px; padding-top: 0px; padding-right: 0px; padding-bottom: 0px; padding-left: 0px; border-top-width: 0px; border-right-width: 0px; border-bottom-width: 0px; border-left-width: 0px; border-style: initial; border-color: initial; outline-width: 0px; outline-style: initial; outline-color: initial; vertical-align: baseline; background-image: initial; background-attachment: initial; background-origin: initial; background-clip: initial; background-color: transparent; width: 142px; float: left; text-align: center; height: 24px; background-position: initial initial; background-repeat: initial initial; \">&nbsp;<\/div>\n<\/div>\n<\/div>\n<p><\/span><\/p>\n","protected":false},"excerpt":{"rendered":"<p>O governo brasileiro lan\u00e7ou nesta segunda-feira (10) um conjunto de medidas para ampliar a atua\u00e7\u00e3o da diplomacia na defesa da produ\u00e7\u00e3o nacional de bens e servi\u00e7os, tomadas num contexto de acirramento da disputa por mercados devido \u00e0 crise econ\u00f4mica internacional. O ministro das Rela\u00e7\u00f5es Exteriores, Antonio de Aguiar Patriota, anunciou que haver\u00e1 um contato mais estreito entre os diplomatas e os empres\u00e1rios para identificar eventuais barreiras impostas por alguns pa\u00edses ao mercado nacional.<\/p>\n","protected":false},"author":1,"featured_media":27852,"comment_status":"open","ping_status":"open","sticky":false,"template":"","format":"standard","meta":{"footnotes":""},"categories":[1],"tags":[6589],"class_list":["post-27853","post","type-post","status-publish","format-standard","has-post-thumbnail","hentry","category-noticias-zeca-dirceu","tag-exportacao-brasileira-ganha-mais-apoio-diplomatico"],"_links":{"self":[{"href":"https:\/\/teste.bsb.br\/zeca\/wp-json\/wp\/v2\/posts\/27853","targetHints":{"allow":["GET"]}}],"collection":[{"href":"https:\/\/teste.bsb.br\/zeca\/wp-json\/wp\/v2\/posts"}],"about":[{"href":"https:\/\/teste.bsb.br\/zeca\/wp-json\/wp\/v2\/types\/post"}],"author":[{"embeddable":true,"href":"https:\/\/teste.bsb.br\/zeca\/wp-json\/wp\/v2\/users\/1"}],"replies":[{"embeddable":true,"href":"https:\/\/teste.bsb.br\/zeca\/wp-json\/wp\/v2\/comments?post=27853"}],"version-history":[{"count":0,"href":"https:\/\/teste.bsb.br\/zeca\/wp-json\/wp\/v2\/posts\/27853\/revisions"}],"wp:featuredmedia":[{"embeddable":true,"href":"https:\/\/teste.bsb.br\/zeca\/wp-json\/wp\/v2\/media\/27852"}],"wp:attachment":[{"href":"https:\/\/teste.bsb.br\/zeca\/wp-json\/wp\/v2\/media?parent=27853"}],"wp:term":[{"taxonomy":"category","embeddable":true,"href":"https:\/\/teste.bsb.br\/zeca\/wp-json\/wp\/v2\/categories?post=27853"},{"taxonomy":"post_tag","embeddable":true,"href":"https:\/\/teste.bsb.br\/zeca\/wp-json\/wp\/v2\/tags?post=27853"}],"curies":[{"name":"wp","href":"https:\/\/api.w.org\/{rel}","templated":true}]}}