{"id":27825,"date":"2011-10-11T00:00:00","date_gmt":"2011-10-11T03:00:00","guid":{"rendered":"https:\/\/www.zecadirceu.com.br\/lula-recebe-world-food-prize-nos-estados-unidos\/"},"modified":"2011-10-11T00:00:00","modified_gmt":"2011-10-11T03:00:00","slug":"lula-recebe-world-food-prize-nos-estados-unidos","status":"publish","type":"post","link":"https:\/\/teste.bsb.br\/zeca\/lula-recebe-world-food-prize-nos-estados-unidos\/","title":{"rendered":"Lula recebe World Food Prize nos Estados Unidos"},"content":{"rendered":"<p>&nbsp;<span class=\"Apple-style-span\" style=\"color: rgb(51, 51, 51); font-family: Arial, Helvetica, sans-serif; \"><span class=\"Apple-style-span\" style=\"line-height: 16px; \">Nesta quarta-feira (12), o ex-presidente Luiz In&aacute;cio Lula da Silva viaja para Des Moines, capital de Iowa (EUA), onde receber&aacute; na quinta-feira (13) o World Food Prize, um reconhecimento aos esfor&ccedil;os do seu governo no combate &agrave; fome e &agrave; pobreza no Brasil. Junto a Lula receber&aacute; o pr&ecirc;mio o ex-presidente de Gana, John Agyekum Kufuor.<br \/>\n<\/span><\/p>\n<p style=\"margin-top: 3px; margin-right: 0px; margin-bottom: 10px; margin-left: 0px; padding-top: 0px; padding-right: 0px; padding-bottom: 0px; padding-left: 0px; line-height: 16px; \">\nNa sexta-feira (14), em semin&aacute;rio sobre combate &agrave; fome que ocorre junto ao evento, Lula far&aacute; uma confer&ecirc;ncia sobre pol&iacute;ticas p&uacute;blicas de seguran&ccedil;a alimentar, desenvolvimento e redu&ccedil;&atilde;o da pobreza.<\/p>\n<p style=\"margin-top: 3px; margin-right: 0px; margin-bottom: 10px; margin-left: 0px; padding-top: 0px; padding-right: 0px; padding-bottom: 0px; padding-left: 0px; line-height: 16px; \">O World Food Prize foi criado pelo cientista e pr&ecirc;mio Nobel da Paz de 1970 Norman E. Borlaug, um dos principais respons&aacute;veis pela &ldquo;revolu&ccedil;&atilde;o verde&rdquo; que aumentou a produ&ccedil;&atilde;o de alimentos no planeta. Ele premia pessoas que deram contribui&ccedil;&otilde;es significativas para melhorar a qualidade, quantidade ou acesso aos alimentos no mundo. Ap&oacute;s 25 anos de exist&ecirc;ncia, essa &eacute; a primeira vez em que s&atilde;o premiados governantes que tiveram atua&ccedil;&atilde;o de destaque na redu&ccedil;&atilde;o da fome e pobreza em seus pa&iacute;ses.<\/p>\n<p style=\"margin-top: 3px; margin-right: 0px; margin-bottom: 10px; margin-left: 0px; padding-top: 0px; padding-right: 0px; padding-bottom: 0px; padding-left: 0px; line-height: 16px; \">A cerim&ocirc;nia e a confer&ecirc;ncia de Lula ser&atilde;o transmitidas pelo site www.worldfoodprize.org A cerim&ocirc;nia de premia&ccedil;&atilde;o come&ccedil;a &agrave;s 21h (hor&aacute;rio de Bras&iacute;lia) da quinta-feira, 13 de outubro, e a confer&ecirc;ncia de Lula ser&aacute; &agrave;s 11h da sexta-feira, 14 de outubro. Profissionais de imprensa que quiserem cobrir o evento no local devem se registrar em www.worldfoodprize.org\/pressregister<\/p>\n<p style=\"margin-top: 3px; margin-right: 0px; margin-bottom: 10px; margin-left: 0px; padding-top: 0px; padding-right: 0px; padding-bottom: 0px; padding-left: 0px; line-height: 16px; \">(Assessoria de Imprensa\/Instituto Lula)<\/p>\n<p><\/span><\/p>\n","protected":false},"excerpt":{"rendered":"<p>Nesta quarta-feira (12), o ex-presidente Luiz In\u00e1cio Lula da Silva viaja para Des Moines, capital de Iowa (EUA), onde receber\u00e1 na quinta-feira (13) o World Food Prize, um reconhecimento aos esfor\u00e7os do seu governo no combate \u00e0 fome e \u00e0 pobreza no Brasil. Junto a Lula receber\u00e1 o pr\u00eamio o ex-presidente de Gana, John Agyekum Kufuor.<\/p>\n","protected":false},"author":1,"featured_media":27824,"comment_status":"open","ping_status":"open","sticky":false,"template":"","format":"standard","meta":{"footnotes":""},"categories":[1],"tags":[6580],"class_list":["post-27825","post","type-post","status-publish","format-standard","has-post-thumbnail","hentry","category-noticias-zeca-dirceu","tag-lula-recebe-world-food-prize-nos-estados-unidos"],"_links":{"self":[{"href":"https:\/\/teste.bsb.br\/zeca\/wp-json\/wp\/v2\/posts\/27825","targetHints":{"allow":["GET"]}}],"collection":[{"href":"https:\/\/teste.bsb.br\/zeca\/wp-json\/wp\/v2\/posts"}],"about":[{"href":"https:\/\/teste.bsb.br\/zeca\/wp-json\/wp\/v2\/types\/post"}],"author":[{"embeddable":true,"href":"https:\/\/teste.bsb.br\/zeca\/wp-json\/wp\/v2\/users\/1"}],"replies":[{"embeddable":true,"href":"https:\/\/teste.bsb.br\/zeca\/wp-json\/wp\/v2\/comments?post=27825"}],"version-history":[{"count":0,"href":"https:\/\/teste.bsb.br\/zeca\/wp-json\/wp\/v2\/posts\/27825\/revisions"}],"wp:featuredmedia":[{"embeddable":true,"href":"https:\/\/teste.bsb.br\/zeca\/wp-json\/wp\/v2\/media\/27824"}],"wp:attachment":[{"href":"https:\/\/teste.bsb.br\/zeca\/wp-json\/wp\/v2\/media?parent=27825"}],"wp:term":[{"taxonomy":"category","embeddable":true,"href":"https:\/\/teste.bsb.br\/zeca\/wp-json\/wp\/v2\/categories?post=27825"},{"taxonomy":"post_tag","embeddable":true,"href":"https:\/\/teste.bsb.br\/zeca\/wp-json\/wp\/v2\/tags?post=27825"}],"curies":[{"name":"wp","href":"https:\/\/api.w.org\/{rel}","templated":true}]}}