{"id":27819,"date":"2011-10-12T00:00:00","date_gmt":"2011-10-12T03:00:00","guid":{"rendered":"https:\/\/www.zecadirceu.com.br\/mensagem-do-dia-das-criancas\/"},"modified":"2011-10-12T00:00:00","modified_gmt":"2011-10-12T03:00:00","slug":"mensagem-do-dia-das-criancas","status":"publish","type":"post","link":"https:\/\/teste.bsb.br\/zeca\/mensagem-do-dia-das-criancas\/","title":{"rendered":"Mensagem do Dia das Crian\u00e7as"},"content":{"rendered":"<p>&nbsp;Hoje 12 de outubro comemoramos o dia da crian&ccedil;a. Minha mensagem &nbsp;&eacute; direcionada, principalmente, as fam&iacute;lias, gestores p&uacute;blicos, lideran&ccedil;as pol&iacute;ticas que atuam na forma&ccedil;&atilde;o das nossas crian&ccedil;as,direcionem seus esfor&ccedil;os ,cada vez mais, para uma educa&ccedil;&atilde;o de qualidade, uma sa&uacute;de eficiente, a&ccedil;&otilde;es sociais que impactem a vida de nossas crian&ccedil;as, para que as tornem cidad&atilde;os de sucesso, com um futuro digno. <\/p>\n<p>O meu mandato de deputado federal est&aacute; comprometido com as causas relacionadas &agrave; inf&acirc;ncia, adolesc&ecirc;ncia e juventude. Assim como fiz quando prefeito, por dois mandatos em Cruzeiro do Oeste, que me levou ao t&iacute;tulo de Prefeito Amigo da Crian&ccedil;a, da Abrinq. Quero, tamb&eacute;m, marcar este mandato que tem a crian&ccedil;a como foco e prioridade.&nbsp;<\/p>\n<div>&nbsp;<\/div>\n<div>Um feliz dia das crian&ccedil;as a todos. Lembrando que fomos elas ontem, e que &nbsp;amanh&atilde; o futuro a elas pertence!<\/div>\n<div>&nbsp;<\/div>\n<div>Ou&ccedil;a na &iacute;ntegra a mensagem no &iacute;cone abaixo.<\/div>\n","protected":false},"excerpt":{"rendered":"<p>Hoje 12 de outubro comemoramos o dia da crian\u00e7a. Minha mensagem \u00e9 direcionada, principalmente, as fam\u00edlias, gestores p\u00fablicos, lideran\u00e7as pol\u00edticas que atuam na forma\u00e7\u00e3o das nossas crian\u00e7as, que direcionem seus esfor\u00e7os, cada vez mais, para uma educa\u00e7\u00e3o de qualidade, uma sa\u00fade eficiente, a\u00e7\u00f5es sociais que impactem a vida de nossas crian\u00e7as, para que as tornem cidad\u00e3os de sucesso, com um futuro digno. <\/p>\n<p>Um feliz dia das crian\u00e7as a todos. Lembrando que fomos elas ontem, e que  amanh\u00e3 o futuro a elas pertence!<\/p>\n<p>Ou\u00e7a na \u00edntegra a mensagem no \u00edcone abaixo.<\/p>\n","protected":false},"author":1,"featured_media":27818,"comment_status":"open","ping_status":"open","sticky":false,"template":"","format":"standard","meta":{"footnotes":""},"categories":[1],"tags":[6578],"class_list":["post-27819","post","type-post","status-publish","format-standard","has-post-thumbnail","hentry","category-noticias-zeca-dirceu","tag-mensagem-do-dia-das-criancas"],"_links":{"self":[{"href":"https:\/\/teste.bsb.br\/zeca\/wp-json\/wp\/v2\/posts\/27819","targetHints":{"allow":["GET"]}}],"collection":[{"href":"https:\/\/teste.bsb.br\/zeca\/wp-json\/wp\/v2\/posts"}],"about":[{"href":"https:\/\/teste.bsb.br\/zeca\/wp-json\/wp\/v2\/types\/post"}],"author":[{"embeddable":true,"href":"https:\/\/teste.bsb.br\/zeca\/wp-json\/wp\/v2\/users\/1"}],"replies":[{"embeddable":true,"href":"https:\/\/teste.bsb.br\/zeca\/wp-json\/wp\/v2\/comments?post=27819"}],"version-history":[{"count":0,"href":"https:\/\/teste.bsb.br\/zeca\/wp-json\/wp\/v2\/posts\/27819\/revisions"}],"wp:featuredmedia":[{"embeddable":true,"href":"https:\/\/teste.bsb.br\/zeca\/wp-json\/wp\/v2\/media\/27818"}],"wp:attachment":[{"href":"https:\/\/teste.bsb.br\/zeca\/wp-json\/wp\/v2\/media?parent=27819"}],"wp:term":[{"taxonomy":"category","embeddable":true,"href":"https:\/\/teste.bsb.br\/zeca\/wp-json\/wp\/v2\/categories?post=27819"},{"taxonomy":"post_tag","embeddable":true,"href":"https:\/\/teste.bsb.br\/zeca\/wp-json\/wp\/v2\/tags?post=27819"}],"curies":[{"name":"wp","href":"https:\/\/api.w.org\/{rel}","templated":true}]}}