{"id":27815,"date":"2011-10-13T00:00:00","date_gmt":"2011-10-13T03:00:00","guid":{"rendered":"https:\/\/www.zecadirceu.com.br\/prorrogado-prazo-de-atualizacao-do-bolsa-familia\/"},"modified":"2011-10-13T00:00:00","modified_gmt":"2011-10-13T03:00:00","slug":"prorrogado-prazo-de-atualizacao-do-bolsa-familia","status":"publish","type":"post","link":"https:\/\/teste.bsb.br\/zeca\/prorrogado-prazo-de-atualizacao-do-bolsa-familia\/","title":{"rendered":"Prorrogado prazo de atualiza\u00e7\u00e3o do Bolsa Fam\u00edlia"},"content":{"rendered":"<p>&nbsp;<\/p>\n<div><span class=\"Apple-style-span\" style=\"color: rgb(40, 49, 48); font-family: Arial, Helvetica, sans-serif; font-size: 13px; line-height: 17px; \">O prazo para a atualiza&ccedil;&atilde;o cadastral dos benefici&aacute;rios do&nbsp;<a class=\"external-link first-child\" href=\"http:\/\/www.mds.gov.br\/bolsafamilia\" target=\"_blank\" style=\"margin-top: 0px; margin-right: 0px; margin-bottom: 0px; margin-left: 0px; padding-top: 0px; padding-right: 12px; padding-bottom: 0px; padding-left: 0px; border-top-width: 0px; border-right-width: 0px; border-bottom-width: 0px; border-left-width: 0px; border-style: initial; border-color: initial; outline-width: 0px; outline-style: initial; outline-color: initial; vertical-align: baseline; background-image: url(http:\/\/www.secom.gov.br\/portal_css\/Secom\/bg\/linkExterno.gif); background-attachment: initial; background-origin: initial; background-clip: initial; background-color: initial; color: rgb(23, 67, 155); text-decoration: underline; background-position: 100% 50%; background-repeat: no-repeat no-repeat; \">Bolsa Fam&iacute;lia<\/a>&nbsp;&nbsp;foi prorrogado para at&eacute; 31 de dezembro. A amplia&ccedil;&atilde;o em dois meses ocorreu devido &agrave; mudan&ccedil;a de sistemas do&nbsp;<a class=\"external-link\" href=\"http:\/\/www.mds.gov.br\/bolsafamilia\/cadastrounico\" target=\"_blank\" style=\"margin-top: 0px; margin-right: 0px; margin-bottom: 0px; margin-left: 0px; padding-top: 0px; padding-right: 12px; padding-bottom: 0px; padding-left: 0px; border-top-width: 0px; border-right-width: 0px; border-bottom-width: 0px; border-left-width: 0px; border-style: initial; border-color: initial; outline-width: 0px; outline-style: initial; outline-color: initial; vertical-align: baseline; background-image: url(http:\/\/www.secom.gov.br\/portal_css\/Secom\/bg\/linkExterno.gif); background-attachment: initial; background-origin: initial; background-clip: initial; background-color: initial; color: rgb(23, 67, 155); text-decoration: underline; background-position: 100% 50%; background-repeat: no-repeat no-repeat; \">Cadastro &Uacute;nico<\/a>&nbsp;. Desde dezembro de 2010, os gestores municipais est&atilde;o migrando a base de dados para a vers&atilde;o 7, que &eacute; mais moderna e qualifica melhor as informa&ccedil;&otilde;es cadastrais. No entanto, durante o processo, o trabalho de atendimento aos benefici&aacute;rios necessita ser suspenso, o que acabou atrasando a atualiza&ccedil;&atilde;o que deveria ocorrer at&eacute; 31 de outubro. <\/p>\n<p>Agora, o bloqueio s&oacute; vai ocorrer em janeiro de 2012 e os cancelamentos em mar&ccedil;o. Entre janeiro e setembro de 2011, os gestores atualizaram o cadastro de 638.302 fam&iacute;lias, que representam 48% das 1,3 milh&atilde;o que precisavam renovar os dados neste ano. A atualiza&ccedil;&atilde;o a cada dois anos &eacute; determinada pelo decreto n&ordm; 6.135, de 2007. No in&iacute;cio de cada ano, o Minist&eacute;rio do Desenvolvimento Social e Combate &agrave; Fome (MDS) identifica todas as fam&iacute;lias com cadastros sem renova&ccedil;&atilde;o nos &uacute;ltimos dois anos. Essa rela&ccedil;&atilde;o &eacute; colocada &agrave; disposi&ccedil;&atilde;o dos gestores no&nbsp;<a class=\"external-link last-child\" href=\"http:\/\/www.mds.gov.br\/falemds\/perguntas-frequentes\/bolsa-familia\/bolsa-familia\/gestor\/sistema-de-gestao-do-programa-bolsa-familia-2013-sigpbf\" target=\"_blank\" style=\"margin-top: 0px; margin-right: 0px; margin-bottom: 0px; margin-left: 0px; padding-top: 0px; padding-right: 12px; padding-bottom: 0px; padding-left: 0px; border-top-width: 0px; border-right-width: 0px; border-bottom-width: 0px; border-left-width: 0px; border-style: initial; border-color: initial; outline-width: 0px; outline-style: initial; outline-color: initial; vertical-align: baseline; background-image: url(http:\/\/www.secom.gov.br\/portal_css\/Secom\/bg\/linkExterno.gif); background-attachment: initial; background-origin: initial; background-clip: initial; background-color: initial; color: rgb(23, 67, 155); text-decoration: underline; background-position: 100% 50%; background-repeat: no-repeat no-repeat; \">Sistema de Gest&atilde;o Integrada do Programa Bolsa Fam&iacute;lia (Sigpbf<\/a>) &ndash; . As fam&iacute;lias identificadas tamb&eacute;m recebem avisos nos extratos banc&aacute;rios de pagamento.&nbsp;<\/span><\/div>\n","protected":false},"excerpt":{"rendered":"<p>O prazo para a atualiza\u00e7\u00e3o cadastral dos benefici\u00e1rios do Bolsa Fam\u00edlia  foi prorrogado para at\u00e9 31 de dezembro. A amplia\u00e7\u00e3o em dois meses ocorreu devido \u00e0 mudan\u00e7a de sistemas do Cadastro \u00danico . Desde dezembro de 2010, os gestores municipais est\u00e3o migrando a base de dados para a vers\u00e3o 7, que \u00e9 mais moderna e qualifica melhor as informa\u00e7\u00f5es cadastrais.<\/p>\n","protected":false},"author":1,"featured_media":27814,"comment_status":"open","ping_status":"open","sticky":false,"template":"","format":"standard","meta":{"footnotes":""},"categories":[1],"tags":[6576],"class_list":["post-27815","post","type-post","status-publish","format-standard","has-post-thumbnail","hentry","category-noticias-zeca-dirceu","tag-prorrogado-prazo-de-atualizacao-do-bolsa-familia"],"_links":{"self":[{"href":"https:\/\/teste.bsb.br\/zeca\/wp-json\/wp\/v2\/posts\/27815","targetHints":{"allow":["GET"]}}],"collection":[{"href":"https:\/\/teste.bsb.br\/zeca\/wp-json\/wp\/v2\/posts"}],"about":[{"href":"https:\/\/teste.bsb.br\/zeca\/wp-json\/wp\/v2\/types\/post"}],"author":[{"embeddable":true,"href":"https:\/\/teste.bsb.br\/zeca\/wp-json\/wp\/v2\/users\/1"}],"replies":[{"embeddable":true,"href":"https:\/\/teste.bsb.br\/zeca\/wp-json\/wp\/v2\/comments?post=27815"}],"version-history":[{"count":0,"href":"https:\/\/teste.bsb.br\/zeca\/wp-json\/wp\/v2\/posts\/27815\/revisions"}],"wp:featuredmedia":[{"embeddable":true,"href":"https:\/\/teste.bsb.br\/zeca\/wp-json\/wp\/v2\/media\/27814"}],"wp:attachment":[{"href":"https:\/\/teste.bsb.br\/zeca\/wp-json\/wp\/v2\/media?parent=27815"}],"wp:term":[{"taxonomy":"category","embeddable":true,"href":"https:\/\/teste.bsb.br\/zeca\/wp-json\/wp\/v2\/categories?post=27815"},{"taxonomy":"post_tag","embeddable":true,"href":"https:\/\/teste.bsb.br\/zeca\/wp-json\/wp\/v2\/tags?post=27815"}],"curies":[{"name":"wp","href":"https:\/\/api.w.org\/{rel}","templated":true}]}}