{"id":27799,"date":"2011-10-13T00:00:00","date_gmt":"2011-10-13T03:00:00","guid":{"rendered":"https:\/\/www.zecadirceu.com.br\/gleisi-assina-cessao-de-area-do-13o-bib-de-ponta-grossa\/"},"modified":"2011-10-13T00:00:00","modified_gmt":"2011-10-13T03:00:00","slug":"gleisi-assina-cessao-de-area-do-13o-bib-de-ponta-grossa","status":"publish","type":"post","link":"https:\/\/teste.bsb.br\/zeca\/gleisi-assina-cessao-de-area-do-13o-bib-de-ponta-grossa\/","title":{"rendered":"Gleisi assina cess\u00e3o de \u00e1rea do 13\u00ba BIB de Ponta Grossa"},"content":{"rendered":"<p>&nbsp;Est&aacute; confirmada para sexta-feira, 14, &agrave;s 17 horas, a assinatura do conv&ecirc;nio para a cess&atilde;o de parte da &aacute;rea do 13&ordm; Batalh&atilde;o de Infantaria Blindada (BIB) para a constru&ccedil;&atilde;o de um bin&aacute;rio com a Avenida Carlos Cavalcanti, no bairro Uvaranas, no munic&iacute;pio de Ponta Grossa.<\/p>\n<p class=\"MsoNormal\"><span>&nbsp;<\/span>O evento acontece na sede do IBGE, em Curitiba, com a presen&ccedil;a da ministra-chefe da Casa Civil, Gleisi Hoffmann, da ministra do Planejamento, Miriam Belchior, do ministro das Comunica&ccedil;&otilde;es, Paulo Bernardo de Souza, do prefeito Pedro Wosgrau Filho e do secret&aacute;rio Municipal de Governo, Jo&atilde;o Barbiero. Os ministros estar&atilde;o em Curitiba acompanhando a presidente Dilma Rousseff, que vai participar de uma solenidade no Parque Barig&uuml;i para libera&ccedil;&atilde;o de recursos para a constru&ccedil;&atilde;o do metr&ocirc; na capital do Estado.<o:p><\/o:p><\/p>\n<p class=\"MsoNormal\">Com a firma&ccedil;&atilde;o do conv&ecirc;nio o munic&iacute;pio ter&aacute; poucos detalhes para acertar, diretamente com o 13&ordm; BIB, e logo estar&aacute; liberado para abrir o processo de licita&ccedil;&atilde;o. Segundo o secret&aacute;rio de Planejamento, Jos&eacute; Ribamar Kr&uuml;ger, o edital ficar&aacute; aberto por 30 dias e a previs&atilde;o &eacute; de que, ainda neste ano, a empresa que far&aacute; a obra ser&aacute; conhecida.<\/p>\n","protected":false},"excerpt":{"rendered":"<p>Est\u00e1 confirmada para sexta-feira, 14, \u00e0s 17 horas, a assinatura do conv\u00eanio para a cess\u00e3o de parte da \u00e1rea do 13\u00ba Batalh\u00e3o de Infantaria Blindada (BIB) para a constru\u00e7\u00e3o de um bin\u00e1rio com a Avenida Carlos Cavalcanti, no bairro Uvaranas, no munic\u00edpio de Ponta Grossa.<\/p>\n","protected":false},"author":1,"featured_media":27798,"comment_status":"open","ping_status":"open","sticky":false,"template":"","format":"standard","meta":{"footnotes":""},"categories":[1],"tags":[6572,6571],"class_list":["post-27799","post","type-post","status-publish","format-standard","has-post-thumbnail","hentry","category-noticias-zeca-dirceu","tag-em-ponta-grossa","tag-gleisi-assina-cessao-de-area-do-13o-bib-amanha"],"_links":{"self":[{"href":"https:\/\/teste.bsb.br\/zeca\/wp-json\/wp\/v2\/posts\/27799","targetHints":{"allow":["GET"]}}],"collection":[{"href":"https:\/\/teste.bsb.br\/zeca\/wp-json\/wp\/v2\/posts"}],"about":[{"href":"https:\/\/teste.bsb.br\/zeca\/wp-json\/wp\/v2\/types\/post"}],"author":[{"embeddable":true,"href":"https:\/\/teste.bsb.br\/zeca\/wp-json\/wp\/v2\/users\/1"}],"replies":[{"embeddable":true,"href":"https:\/\/teste.bsb.br\/zeca\/wp-json\/wp\/v2\/comments?post=27799"}],"version-history":[{"count":0,"href":"https:\/\/teste.bsb.br\/zeca\/wp-json\/wp\/v2\/posts\/27799\/revisions"}],"wp:featuredmedia":[{"embeddable":true,"href":"https:\/\/teste.bsb.br\/zeca\/wp-json\/wp\/v2\/media\/27798"}],"wp:attachment":[{"href":"https:\/\/teste.bsb.br\/zeca\/wp-json\/wp\/v2\/media?parent=27799"}],"wp:term":[{"taxonomy":"category","embeddable":true,"href":"https:\/\/teste.bsb.br\/zeca\/wp-json\/wp\/v2\/categories?post=27799"},{"taxonomy":"post_tag","embeddable":true,"href":"https:\/\/teste.bsb.br\/zeca\/wp-json\/wp\/v2\/tags?post=27799"}],"curies":[{"name":"wp","href":"https:\/\/api.w.org\/{rel}","templated":true}]}}