{"id":27795,"date":"2011-10-13T00:00:00","date_gmt":"2011-10-13T03:00:00","guid":{"rendered":"https:\/\/www.zecadirceu.com.br\/comunicacao-do-brasil-para-o-exterior-recebe-premio-internacional\/"},"modified":"2011-10-13T00:00:00","modified_gmt":"2011-10-13T03:00:00","slug":"comunicacao-do-brasil-para-o-exterior-recebe-premio-internacional","status":"publish","type":"post","link":"https:\/\/teste.bsb.br\/zeca\/comunicacao-do-brasil-para-o-exterior-recebe-premio-internacional\/","title":{"rendered":"Comunica\u00e7\u00e3o do Brasil para o exterior recebe pr\u00eamio internacional"},"content":{"rendered":"<p>&nbsp;<span class=\"Apple-style-span\" style=\"font-size: 10px; \"><span class=\"Apple-style-span\" style=\"color: rgb(40, 49, 48); font-family: Arial, Helvetica, sans-serif; font-size: 13px; line-height: 17px; \">A Secretaria de Comunica&ccedil;&atilde;o Social da Presid&ecirc;ncia da Rep&uacute;blica recebeu o pr&ecirc;mio &quot;Stevie 2011&quot; de melhor campanha de comunica&ccedil;&atilde;o em temas globais pela s&eacute;rie de teleconfer&ecirc;ncias de autoridades brasileiras com meios de comunica&ccedil;&atilde;o e analistas internacionais. As confer&ecirc;ncias integram o projeto de promo&ccedil;&atilde;o do Brasil no exterior. A cerim&ocirc;nia de entrega do pr&ecirc;mio foi realizada nesta ter&ccedil;a-feira (11), em Abu Dhabi, nos Emirados &Aacute;rabes Unidos.&nbsp;<br \/>\n<\/span><\/p>\n<p style=\"margin-top: 0px; margin-right: 0px; margin-bottom: 0px; margin-left: 0px; padding-top: 0px; padding-right: 0px; padding-bottom: 18px; padding-left: 0px; border-top-width: 0px; border-right-width: 0px; border-bottom-width: 0px; border-left-width: 0px; border-style: initial; border-color: initial; outline-width: 0px; outline-style: initial; outline-color: initial; vertical-align: baseline; background-image: initial; background-attachment: initial; background-origin: initial; background-clip: initial; background-color: transparent; font: normal normal normal 1.3em\/normal Arial, Helvetica, sans-serif; color: rgb(40, 49, 48); line-height: 17px; background-position: initial initial; background-repeat: initial initial; \">\nDesde o in&iacute;cio de 2009, o projeto tem difundido informa&ccedil;&otilde;es junto a jornalistas e formadores de opini&atilde;o no exterior a respeito do Brasil nos planos econ&ocirc;mico, social, ambiental e pol&iacute;tico-institucional. As entrevistas virtuais s&atilde;o realizadas em ingl&ecirc;s (ou em portugu&ecirc;s, com tradu&ccedil;&atilde;o).&nbsp;<\/p>\n<p style=\"margin-top: 0px; margin-right: 0px; margin-bottom: 0px; margin-left: 0px; padding-top: 0px; padding-right: 0px; padding-bottom: 18px; padding-left: 0px; border-top-width: 0px; border-right-width: 0px; border-bottom-width: 0px; border-left-width: 0px; border-style: initial; border-color: initial; outline-width: 0px; outline-style: initial; outline-color: initial; vertical-align: baseline; background-image: initial; background-attachment: initial; background-origin: initial; background-clip: initial; background-color: transparent; font: normal normal normal 1.3em\/normal Arial, Helvetica, sans-serif; color: rgb(40, 49, 48); line-height: 17px; background-position: initial initial; background-repeat: initial initial; \">No total, foram realizadas 16 teleconfer&ecirc;ncias em 2010, com t&oacute;picos que inclu&iacute;ram dos resultados do PIB &agrave; perspectiva do Banco Central para a economia; mudan&ccedil;a clim&aacute;tica, G-20 e FMI; Copa do Mundo e Olimp&iacute;adas; e programas de desenvolvimento e inclus&atilde;o social. As teleconfer&ecirc;ncias de 2010 atra&iacute;ram cerca de 300 participantes de 20 pa&iacute;ses, e resultaram em mais de 2,5 mil not&iacute;cias publicadas. O programa continua em 2011. Em sua oitava edi&ccedil;&atilde;o global, o &quot;Stevie International Business Award&quot; recebeu mais de tr&ecirc;s mil inscri&ccedil;&otilde;es, de mais de 40 pa&iacute;ses.&nbsp;<\/p>\n<p>Fonte: Secom<\/p>\n<p><\/span><\/p>\n","protected":false},"excerpt":{"rendered":"<p>A Secretaria de Comunica\u00e7\u00e3o Social da Presid\u00eancia da Rep\u00fablica recebeu o pr\u00eamio &#8220;Stevie 2011&#8221; de melhor campanha de comunica\u00e7\u00e3o em temas globais pela s\u00e9rie de teleconfer\u00eancias de autoridades brasileiras com meios de comunica\u00e7\u00e3o e analistas internacionais. As confer\u00eancias integram o projeto de promo\u00e7\u00e3o do Brasil no exterior. A cerim\u00f4nia de entrega do pr\u00eamio foi realizada nesta ter\u00e7a-feira (11), em Abu Dhabi, nos Emirados \u00c1rabes Unidos.<\/p>\n","protected":false},"author":1,"featured_media":27794,"comment_status":"open","ping_status":"open","sticky":false,"template":"","format":"standard","meta":{"footnotes":""},"categories":[1],"tags":[6569],"class_list":["post-27795","post","type-post","status-publish","format-standard","has-post-thumbnail","hentry","category-noticias-zeca-dirceu","tag-comunicacao-do-brasil-para-o-exterior-recebe-premio-internacional"],"_links":{"self":[{"href":"https:\/\/teste.bsb.br\/zeca\/wp-json\/wp\/v2\/posts\/27795","targetHints":{"allow":["GET"]}}],"collection":[{"href":"https:\/\/teste.bsb.br\/zeca\/wp-json\/wp\/v2\/posts"}],"about":[{"href":"https:\/\/teste.bsb.br\/zeca\/wp-json\/wp\/v2\/types\/post"}],"author":[{"embeddable":true,"href":"https:\/\/teste.bsb.br\/zeca\/wp-json\/wp\/v2\/users\/1"}],"replies":[{"embeddable":true,"href":"https:\/\/teste.bsb.br\/zeca\/wp-json\/wp\/v2\/comments?post=27795"}],"version-history":[{"count":0,"href":"https:\/\/teste.bsb.br\/zeca\/wp-json\/wp\/v2\/posts\/27795\/revisions"}],"wp:featuredmedia":[{"embeddable":true,"href":"https:\/\/teste.bsb.br\/zeca\/wp-json\/wp\/v2\/media\/27794"}],"wp:attachment":[{"href":"https:\/\/teste.bsb.br\/zeca\/wp-json\/wp\/v2\/media?parent=27795"}],"wp:term":[{"taxonomy":"category","embeddable":true,"href":"https:\/\/teste.bsb.br\/zeca\/wp-json\/wp\/v2\/categories?post=27795"},{"taxonomy":"post_tag","embeddable":true,"href":"https:\/\/teste.bsb.br\/zeca\/wp-json\/wp\/v2\/tags?post=27795"}],"curies":[{"name":"wp","href":"https:\/\/api.w.org\/{rel}","templated":true}]}}