{"id":27793,"date":"2011-10-13T00:00:00","date_gmt":"2011-10-13T03:00:00","guid":{"rendered":"https:\/\/www.zecadirceu.com.br\/entra-em-vigor-hoje-lei-que-amplia-prazo-do-aviso-previo\/"},"modified":"2011-10-13T00:00:00","modified_gmt":"2011-10-13T03:00:00","slug":"entra-em-vigor-hoje-lei-que-amplia-prazo-do-aviso-previo","status":"publish","type":"post","link":"https:\/\/teste.bsb.br\/zeca\/entra-em-vigor-hoje-lei-que-amplia-prazo-do-aviso-previo\/","title":{"rendered":"Entra em vigor hoje lei que amplia prazo do aviso pr\u00e9vio"},"content":{"rendered":"<p>&nbsp;<span class=\"Apple-style-span\" style=\"font-family: 'Times New Roman', serif; font-size: 16px; \">Passam a valer a partir de hoje (13) as novas regras do aviso pr&eacute;vio. A lei publicada no<i>&nbsp;<a href=\"http:\/\/in.gov.br\/\" target=\"_blank\" style=\"color: rgb(0, 0, 204); \"><span style=\"color: blue; \">Di&aacute;rio Oficial da Uni&atilde;o<\/span><\/a><\/i>&nbsp;aumenta de 30 para 90 dias o tempo de concess&atilde;o do aviso nas demiss&otilde;es sem justa causa.<br \/>\n<\/span><\/p>\n<p class=\"MsoNormal\" style=\"font-family: arial, sans-serif; font-size: 13px; margin-top: 0px; margin-right: 0px; margin-bottom: 0px; margin-left: 0px; \"><span style=\"font-size: 12pt; font-family: 'Times New Roman', serif; \"><br \/>\nO projeto, aprovado na C&acirc;mara no &uacute;ltimo dia 21, tramitava no Congresso desde 1989 e foi sancionado sem vetos pela presidenta Dilma Rousseff.<br \/>\n<br type=\"_moz\" \/><br \/>\n<\/span><\/p>\n<p class=\"MsoNormal\" style=\"font-family: arial, sans-serif; font-size: 13px; margin-top: 0px; margin-right: 0px; margin-bottom: 0px; margin-left: 0px; \"><span style=\"font-size: 12pt; font-family: 'Times New Roman', serif; \">O prazo do aviso aumenta proporcionalmente ao tempo de servi&ccedil;o prestado na mesma empresa. Al&eacute;m do direito aos 30 dias (j&aacute; previsto em lei), o trabalhador ter&aacute; direito ao acr&eacute;scimo de tr&ecirc;s dias a cada ano de servi&ccedil;o, limitado a 90 dias de aviso pr&eacute;vio.<br \/>\n<br type=\"_moz\" \/><br \/>\n<\/span><\/p>\n<p class=\"MsoNormal\" style=\"font-family: arial, sans-serif; font-size: 13px; margin-top: 0px; margin-right: 0px; margin-bottom: 0px; margin-left: 0px; \"><span style=\"font-size: 12pt; font-family: 'Times New Roman', serif; \">Em caso de demiss&atilde;o volunt&aacute;ria, o empregado deve trabalhar pelo mesmo per&iacute;odo ou ressarcir a empresa pelo tempo devido. Mas a empresa pode optar por liberar o empregado, sem &ocirc;nus.<br \/>\n<br type=\"_moz\" \/><br \/>\n<\/span><\/p>\n<p class=\"MsoNormal\" style=\"font-family: arial, sans-serif; font-size: 13px; margin-top: 0px; margin-right: 0px; margin-bottom: 0px; margin-left: 0px; \"><span style=\"font-size: 12pt; font-family: 'Times New Roman', serif; \">De acordo com a Casa Civil, o novo prazo de aviso pr&eacute;vio vale para demiss&otilde;es que ocorrerem a partir de hoje. N&atilde;o influencia quem pediu demiss&atilde;o ou foi demitido antes da vig&ecirc;ncia da nova regra.<br \/>\n<br type=\"_moz\" \/><br \/>\n<\/span><\/p>\n<p class=\"MsoNormal\" style=\"font-family: arial, sans-serif; font-size: 13px; margin-top: 0px; margin-right: 0px; margin-bottom: 0px; margin-left: 0px; \"><i><span style=\"font-size: 12pt; font-family: 'Times New Roman', serif; \"><br \/>\n<\/span><\/i><span class=\"Apple-style-span\" style=\"font-family: 'Times New Roman', serif; font-size: 16px; \">Christina Machado<br \/>\n<i>Rep&oacute;rter da Ag&ecirc;ncia Brasil<\/i><\/span><i><span style=\"font-size: 12pt; font-family: 'Times New Roman', serif; \"><br \/>\nEdi&ccedil;&atilde;o: Talita Cavalcante<\/span><\/i><\/p>\n","protected":false},"excerpt":{"rendered":"<p>Passam a valer a partir de hoje (13) as novas regras do aviso pr\u00e9vio. A lei publicada no Di\u00e1rio Oficial da Uni\u00e3o aumenta de 30 para 90 dias o tempo de concess\u00e3o do aviso nas demiss\u00f5es sem justa causa. O projeto, aprovado na C\u00e2mara no \u00faltimo dia 21, tramitava no Congresso desde 1989 e foi sancionado sem vetos pela presidenta Dilma Rousseff.<\/p>\n","protected":false},"author":1,"featured_media":27792,"comment_status":"open","ping_status":"open","sticky":false,"template":"","format":"standard","meta":{"footnotes":""},"categories":[1],"tags":[6568],"class_list":["post-27793","post","type-post","status-publish","format-standard","has-post-thumbnail","hentry","category-noticias-zeca-dirceu","tag-entra-em-vigor-hoje-lei-que-amplia-prazo-do-aviso-previo"],"_links":{"self":[{"href":"https:\/\/teste.bsb.br\/zeca\/wp-json\/wp\/v2\/posts\/27793","targetHints":{"allow":["GET"]}}],"collection":[{"href":"https:\/\/teste.bsb.br\/zeca\/wp-json\/wp\/v2\/posts"}],"about":[{"href":"https:\/\/teste.bsb.br\/zeca\/wp-json\/wp\/v2\/types\/post"}],"author":[{"embeddable":true,"href":"https:\/\/teste.bsb.br\/zeca\/wp-json\/wp\/v2\/users\/1"}],"replies":[{"embeddable":true,"href":"https:\/\/teste.bsb.br\/zeca\/wp-json\/wp\/v2\/comments?post=27793"}],"version-history":[{"count":0,"href":"https:\/\/teste.bsb.br\/zeca\/wp-json\/wp\/v2\/posts\/27793\/revisions"}],"wp:featuredmedia":[{"embeddable":true,"href":"https:\/\/teste.bsb.br\/zeca\/wp-json\/wp\/v2\/media\/27792"}],"wp:attachment":[{"href":"https:\/\/teste.bsb.br\/zeca\/wp-json\/wp\/v2\/media?parent=27793"}],"wp:term":[{"taxonomy":"category","embeddable":true,"href":"https:\/\/teste.bsb.br\/zeca\/wp-json\/wp\/v2\/categories?post=27793"},{"taxonomy":"post_tag","embeddable":true,"href":"https:\/\/teste.bsb.br\/zeca\/wp-json\/wp\/v2\/tags?post=27793"}],"curies":[{"name":"wp","href":"https:\/\/api.w.org\/{rel}","templated":true}]}}