{"id":27787,"date":"2011-10-13T00:00:00","date_gmt":"2011-10-13T03:00:00","guid":{"rendered":"https:\/\/www.zecadirceu.com.br\/dilma-anuncia-hoje-em-curitiba-investimentos-do-pac-da-mobilidade\/"},"modified":"2011-10-13T00:00:00","modified_gmt":"2011-10-13T03:00:00","slug":"dilma-anuncia-hoje-em-curitiba-investimentos-do-pac-da-mobilidade","status":"publish","type":"post","link":"https:\/\/teste.bsb.br\/zeca\/dilma-anuncia-hoje-em-curitiba-investimentos-do-pac-da-mobilidade\/","title":{"rendered":"Dilma anuncia hoje em Curitiba investimentos do PAC da Mobilidade"},"content":{"rendered":"<p>&nbsp;<span class=\"Apple-style-span\" style=\"font-family: Arial, Helvetica, sans-serif; line-height: 18px; \">A presidente Dilma Rousseff esteve nesta quinta=feira (13), em Curitiba, para anunciar os investimentos relativos ao Programa de Acelera&ccedil;&atilde;o do Crescimento (PAC) da Mobilidade das Grandes Cidades. No total, o governo quer investir R$18 bilh&otilde;es para melhorar a mobilidade urbana nas cidades brasileiras.<\/p>\n<p style=\"margin-top: 0px; margin-right: 0px; margin-bottom: 1.5em; margin-left: 0px; padding-top: 0px; padding-right: 0px; padding-bottom: 0px; padding-left: 0px; border-top-width: 0px; border-right-width: 0px; border-bottom-width: 0px; border-left-width: 0px; border-style: initial; border-color: initial; outline-width: 0px; outline-style: initial; outline-color: initial; font-size: 12px; vertical-align: baseline; background-image: initial; background-attachment: initial; background-origin: initial; background-clip: initial; background-color: transparent; background-position: initial initial; background-repeat: initial initial; \">\nEm Curitiba, os recursos devem ser usados para a constru&ccedil;&atilde;o do metr&ocirc;. O custo total da obra &eacute; avaliado em R$ 2,2 bilh&otilde;es. O governo federal dever&aacute; investir R$ 1,75 bilh&atilde;o, sendo R$ 1 bilh&atilde;o a fundo perdido do Or&ccedil;amento Geral da Uni&atilde;o (OGU) e cerca de R$ 700 milh&otilde;es do Programa de Acelera&ccedil;&atilde;o do Crescimento (PAC). O projeto prev&ecirc; ainda investimentos de R$ 300 milh&otilde;es do governo do estado. Da prefeitura, est&atilde;o previstos somente R$ 150 milh&otilde;es.<\/p>\n<p style=\"margin-top: 0px; margin-right: 0px; margin-bottom: 1.5em; margin-left: 0px; padding-top: 0px; padding-right: 0px; padding-bottom: 0px; padding-left: 0px; border-top-width: 0px; border-right-width: 0px; border-bottom-width: 0px; border-left-width: 0px; border-style: initial; border-color: initial; outline-width: 0px; outline-style: initial; outline-color: initial; font-size: 12px; vertical-align: baseline; background-image: initial; background-attachment: initial; background-origin: initial; background-clip: initial; background-color: transparent; background-position: initial initial; background-repeat: initial initial; \">A ideia &eacute; investir na melhoria do sistema de transporte p&uacute;blico coletivo dos munic&iacute;pios que est&atilde;o em&nbsp; regi&otilde;es metropolitanas e t&ecirc;m mais de 700 mil habitantes. De acordo com novo cronograma, at&eacute; o fim do m&ecirc;s todos os projetos selecionados em grandes regi&otilde;es urbanas do pa&iacute;s ser&atilde;o conhecidos.<\/p>\n<p style=\"margin-top: 0px; margin-right: 0px; margin-bottom: 1.5em; margin-left: 0px; padding-top: 0px; padding-right: 0px; padding-bottom: 0px; padding-left: 0px; border-top-width: 0px; border-right-width: 0px; border-bottom-width: 0px; border-left-width: 0px; border-style: initial; border-color: initial; outline-width: 0px; outline-style: initial; outline-color: initial; font-size: 12px; vertical-align: baseline; background-image: initial; background-attachment: initial; background-origin: initial; background-clip: initial; background-color: transparent; background-position: initial initial; background-repeat: initial initial; \">Integra&ccedil;&atilde;o &#8211; A primeira linha do Metr&ocirc; Curitibano &eacute; a Linha Azul, ligando o extremo Sul da cidade (CIC), ao Norte (Santa C&acirc;ndida). A primeira etapa da Linha Azul do metr&ocirc; ter&aacute; 14,2 quil&ocirc;metros de extens&atilde;o, ligando o extremo sul ao centro da cidade. Neste trecho, estar&atilde;o 13 esta&ccedil;&otilde;es desde a CIC-Sul, pr&oacute;ximo &agrave; Rua Nicola Pelanda, at&eacute; a Rua das Flores, no Centro.<\/p>\n<p style=\"margin-top: 0px; margin-right: 0px; margin-bottom: 1.5em; margin-left: 0px; padding-top: 0px; padding-right: 0px; padding-bottom: 0px; padding-left: 0px; border-top-width: 0px; border-right-width: 0px; border-bottom-width: 0px; border-left-width: 0px; border-style: initial; border-color: initial; outline-width: 0px; outline-style: initial; outline-color: initial; font-size: 12px; vertical-align: baseline; background-image: initial; background-attachment: initial; background-origin: initial; background-clip: initial; background-color: transparent; background-position: initial initial; background-repeat: initial initial; \">A frota do metr&ocirc; na primeira etapa ser&aacute; de 18 trens, compostos por cinco carros cada, com capacidade para transportar 1.450 passageiros por viagem. Cada carro equivale a um &ocirc;nibus biarticulado.<\/p>\n<p>Fonte:<a href=\"http:\/\/debatepublico.com.br\/\">http:\/\/debatepublico.com.br<\/a><\/p>\n<p><\/span><\/p>\n","protected":false},"excerpt":{"rendered":"<p>A presidente Dilma Rousseff esteve nesta quinta=feira (13), em Curitiba, para anunciar os investimentos relativos ao Programa de Acelera\u00e7\u00e3o do Crescimento (PAC) da Mobilidade das Grandes Cidades. No total, o governo quer investir R$18 bilh\u00f5es para melhorar a mobilidade urbana nas cidades brasileiras.<\/p>\n","protected":false},"author":1,"featured_media":27786,"comment_status":"open","ping_status":"open","sticky":false,"template":"","format":"standard","meta":{"footnotes":""},"categories":[1],"tags":[6565],"class_list":["post-27787","post","type-post","status-publish","format-standard","has-post-thumbnail","hentry","category-noticias-zeca-dirceu","tag-dilma-anuncia-hoje-em-curitiba-investimentos-do-pac-da-mobilidade"],"_links":{"self":[{"href":"https:\/\/teste.bsb.br\/zeca\/wp-json\/wp\/v2\/posts\/27787","targetHints":{"allow":["GET"]}}],"collection":[{"href":"https:\/\/teste.bsb.br\/zeca\/wp-json\/wp\/v2\/posts"}],"about":[{"href":"https:\/\/teste.bsb.br\/zeca\/wp-json\/wp\/v2\/types\/post"}],"author":[{"embeddable":true,"href":"https:\/\/teste.bsb.br\/zeca\/wp-json\/wp\/v2\/users\/1"}],"replies":[{"embeddable":true,"href":"https:\/\/teste.bsb.br\/zeca\/wp-json\/wp\/v2\/comments?post=27787"}],"version-history":[{"count":0,"href":"https:\/\/teste.bsb.br\/zeca\/wp-json\/wp\/v2\/posts\/27787\/revisions"}],"wp:featuredmedia":[{"embeddable":true,"href":"https:\/\/teste.bsb.br\/zeca\/wp-json\/wp\/v2\/media\/27786"}],"wp:attachment":[{"href":"https:\/\/teste.bsb.br\/zeca\/wp-json\/wp\/v2\/media?parent=27787"}],"wp:term":[{"taxonomy":"category","embeddable":true,"href":"https:\/\/teste.bsb.br\/zeca\/wp-json\/wp\/v2\/categories?post=27787"},{"taxonomy":"post_tag","embeddable":true,"href":"https:\/\/teste.bsb.br\/zeca\/wp-json\/wp\/v2\/tags?post=27787"}],"curies":[{"name":"wp","href":"https:\/\/api.w.org\/{rel}","templated":true}]}}