{"id":27785,"date":"2011-10-14T00:00:00","date_gmt":"2011-10-14T03:00:00","guid":{"rendered":"https:\/\/www.zecadirceu.com.br\/ministro-da-justica-cumpre-agenda-hoje-em-foz-do-iguacu\/"},"modified":"2011-10-14T00:00:00","modified_gmt":"2011-10-14T03:00:00","slug":"ministro-da-justica-cumpre-agenda-hoje-em-foz-do-iguacu","status":"publish","type":"post","link":"https:\/\/teste.bsb.br\/zeca\/ministro-da-justica-cumpre-agenda-hoje-em-foz-do-iguacu\/","title":{"rendered":"Ministro da Justi\u00e7a cumpre agenda hoje em Foz do Igua\u00e7u"},"content":{"rendered":"<p>&nbsp;Hoje o ministro de Estado da Justi&ccedil;a, Jos&eacute; Eduardo Cardozo, estar&aacute; em Foz do Igua&ccedil;u, em agenda oficial para tr&ecirc;s ocasi&otilde;es: Abertura a 52&ordm; Caravana da Anistia, que acontece na C&acirc;mara Municipal da cidade; Semin&aacute;rio Internacional de Combate a Pirataria e Delitos a Propriedade Intelectual e Assinatura do Termo de Coopera&ccedil;&atilde;o entre MJ e a Escola Nacional de Magistratura sobre a&ccedil;&otilde;es conjuntas em mat&eacute;ria de Combate a Pirataria, no Hotel Mabu e Assinatura do Termo de Coopera&ccedil;&atilde;o entre<span>&nbsp; <\/span>o Reitor da UNILA e MJ sobre Justi&ccedil;a e de Transi&ccedil;&atilde;o na Am&eacute;rica Latina, no Campus da Unila, no Parque Tecnol&oacute;gico de<span>&nbsp; <\/span>Foz do Igua&ccedil;u.<\/p>\n<p class=\"MsoNormal\"><o:p><\/o:p><\/p>\n","protected":false},"excerpt":{"rendered":"<p>Hoje o ministro de Estado da Justi\u00e7a, Jos\u00e9 Eduardo Cardozo, estar\u00e1 em Foz do Igua\u00e7u, em agenda oficial para tr\u00eas ocasi\u00f5es: Abertura a 52\u00ba Caravana da Anistia, que acontece na C\u00e2mara Municipal da cidade;  Semin\u00e1rio Internacional de Combate a Pirataria e Delitos a Propriedade Intelectual e Assinatura do Termo de Coopera\u00e7\u00e3o entre MJ e a Escola Nacional de Magistratura sobre a\u00e7\u00f5es conjuntas em mat\u00e9ria de Combate a Pirataria, no Hotel Mabu e Assinatura do Termo de Coopera\u00e7\u00e3o entre  o Reitor da UNILA e MJ sobre Justi\u00e7a e de Transi\u00e7\u00e3o na Am\u00e9rica Latina, no Campus da Unila, no Parque Tecnol\u00f3gico de  Foz do Igua\u00e7u.<\/p>\n","protected":false},"author":1,"featured_media":27784,"comment_status":"open","ping_status":"open","sticky":false,"template":"","format":"standard","meta":{"footnotes":""},"categories":[1],"tags":[6564],"class_list":["post-27785","post","type-post","status-publish","format-standard","has-post-thumbnail","hentry","category-noticias-zeca-dirceu","tag-ministro-da-justica-cumpre-agenda-hoje-em-foz-do-iguacu"],"_links":{"self":[{"href":"https:\/\/teste.bsb.br\/zeca\/wp-json\/wp\/v2\/posts\/27785","targetHints":{"allow":["GET"]}}],"collection":[{"href":"https:\/\/teste.bsb.br\/zeca\/wp-json\/wp\/v2\/posts"}],"about":[{"href":"https:\/\/teste.bsb.br\/zeca\/wp-json\/wp\/v2\/types\/post"}],"author":[{"embeddable":true,"href":"https:\/\/teste.bsb.br\/zeca\/wp-json\/wp\/v2\/users\/1"}],"replies":[{"embeddable":true,"href":"https:\/\/teste.bsb.br\/zeca\/wp-json\/wp\/v2\/comments?post=27785"}],"version-history":[{"count":0,"href":"https:\/\/teste.bsb.br\/zeca\/wp-json\/wp\/v2\/posts\/27785\/revisions"}],"wp:featuredmedia":[{"embeddable":true,"href":"https:\/\/teste.bsb.br\/zeca\/wp-json\/wp\/v2\/media\/27784"}],"wp:attachment":[{"href":"https:\/\/teste.bsb.br\/zeca\/wp-json\/wp\/v2\/media?parent=27785"}],"wp:term":[{"taxonomy":"category","embeddable":true,"href":"https:\/\/teste.bsb.br\/zeca\/wp-json\/wp\/v2\/categories?post=27785"},{"taxonomy":"post_tag","embeddable":true,"href":"https:\/\/teste.bsb.br\/zeca\/wp-json\/wp\/v2\/tags?post=27785"}],"curies":[{"name":"wp","href":"https:\/\/api.w.org\/{rel}","templated":true}]}}