{"id":27783,"date":"2011-10-14T00:00:00","date_gmt":"2011-10-14T03:00:00","guid":{"rendered":"https:\/\/www.zecadirceu.com.br\/professores-de-matematica-terao-15-mil-vagas-de-mestrado-gratuitas\/"},"modified":"2011-10-14T00:00:00","modified_gmt":"2011-10-14T03:00:00","slug":"professores-de-matematica-terao-15-mil-vagas-de-mestrado-gratuitas","status":"publish","type":"post","link":"https:\/\/teste.bsb.br\/zeca\/professores-de-matematica-terao-15-mil-vagas-de-mestrado-gratuitas\/","title":{"rendered":"Professores de matem\u00e1tica ter\u00e3o 1,5 mil vagas de mestrado gratuitas"},"content":{"rendered":"<p>&nbsp;<span class=\"Apple-style-span\" style=\"color: rgb(40, 49, 48); font-family: Arial, Helvetica, sans-serif; font-size: 13px; line-height: 17px; \">Est&atilde;o abertas at&eacute; o pr&oacute;ximo dia 26 as inscri&ccedil;&otilde;es para curso de mestrado profissional, gratuito, destinado &agrave; qualifica&ccedil;&atilde;o de professores de matem&aacute;tica. S&atilde;o oferecidas 1.525 vagas, em todo Pa&iacute;s, em 65 polos da Universidade Aberta do Brasil (UAB). Financiado pela Coordena&ccedil;&atilde;o de Aperfei&ccedil;oamento de Pessoal de N&iacute;vel Superior (Capes) do Minist&eacute;rio da Educa&ccedil;&atilde;o, o curso de p&oacute;s-gradua&ccedil;&atilde;o destina-se a professores de matem&aacute;tica da educa&ccedil;&atilde;o b&aacute;sica, especialmente de escolas p&uacute;blicas.<br style=\"margin-top: 0px; margin-right: 0px; margin-bottom: 0px; margin-left: 0px; padding-top: 0px; padding-right: 0px; padding-bottom: 0px; padding-left: 0px; \" \/><br \/>\nO curso ser&aacute; ministrado na modalidade semipresencial por uma rede de institui&ccedil;&otilde;es de educa&ccedil;&atilde;o superior ligadas &agrave; UAB, sob a coordena&ccedil;&atilde;o da Sociedade Brasileira de Matem&aacute;tica.<br style=\"margin-top: 0px; margin-right: 0px; margin-bottom: 0px; margin-left: 0px; padding-top: 0px; padding-right: 0px; padding-bottom: 0px; padding-left: 0px; \" \/><br \/>\n<strong style=\"margin-top: 0px; margin-right: 0px; margin-bottom: 0px; margin-left: 0px; padding-top: 0px; padding-right: 0px; padding-bottom: 0px; padding-left: 0px; border-top-width: 0px; border-right-width: 0px; border-bottom-width: 0px; border-left-width: 0px; border-style: initial; border-color: initial; outline-width: 0px; outline-style: initial; outline-color: initial; vertical-align: baseline; background-image: initial; background-attachment: initial; background-origin: initial; background-clip: initial; background-color: transparent; background-position: initial initial; background-repeat: initial initial; \"><br \/>\nExame<\/strong><br style=\"margin-top: 0px; margin-right: 0px; margin-bottom: 0px; margin-left: 0px; padding-top: 0px; padding-right: 0px; padding-bottom: 0px; padding-left: 0px; \" \/><br \/>\nPara concorrer &agrave;s vagas, os candidatos ter&atilde;o de passar pelo Exame Nacional de Acesso, que consiste em prova &uacute;nica, em 26 de novembro, com quest&otilde;es objetivas e discursivas e dura&ccedil;&atilde;o m&aacute;xima de quatro horas. Cada polo do programa destinar&aacute; 80% das vagas a professores da rede p&uacute;blica de educa&ccedil;&atilde;o b&aacute;sica.<br style=\"margin-top: 0px; margin-right: 0px; margin-bottom: 0px; margin-left: 0px; padding-top: 0px; padding-right: 0px; padding-bottom: 0px; padding-left: 0px; \" \/><br \/>\nConfira os&nbsp;<a class=\"external-link\" href=\"http:\/\/www.profmat-sbm.org.br\/instituicoes2012.asp\" target=\"_blank\" style=\"margin-top: 0px; margin-right: 0px; margin-bottom: 0px; margin-left: 0px; padding-top: 0px; padding-right: 12px; padding-bottom: 0px; padding-left: 0px; border-top-width: 0px; border-right-width: 0px; border-bottom-width: 0px; border-left-width: 0px; border-style: initial; border-color: initial; outline-width: 0px; outline-style: initial; outline-color: initial; vertical-align: baseline; background-image: url(http:\/\/www.secom.gov.br\/portal_css\/Secom\/bg\/linkExterno.gif); background-attachment: initial; background-origin: initial; background-clip: initial; background-color: initial; color: rgb(23, 67, 155); text-decoration: underline; background-position: 100% 50%; background-repeat: no-repeat no-repeat; \">polos<\/a>&nbsp;que oferecem o curso.<br style=\"margin-top: 0px; margin-right: 0px; margin-bottom: 0px; margin-left: 0px; padding-top: 0px; padding-right: 0px; padding-bottom: 0px; padding-left: 0px; \" \/><br \/>\nAcesse o&nbsp;<a class=\"external-link\" href=\"http:\/\/www.profmat-sbm.org.br\/docs\/Edital_Exame_nacional_PROFMAT_2012.pdf\" target=\"_blank\" style=\"margin-top: 0px; margin-right: 0px; margin-bottom: 0px; margin-left: 0px; padding-top: 0px; padding-right: 12px; padding-bottom: 0px; padding-left: 0px; border-top-width: 0px; border-right-width: 0px; border-bottom-width: 0px; border-left-width: 0px; border-style: initial; border-color: initial; outline-width: 0px; outline-style: initial; outline-color: initial; vertical-align: baseline; background-image: url(http:\/\/www.secom.gov.br\/portal_css\/Secom\/bg\/linkExterno.gif); background-attachment: initial; background-origin: initial; background-clip: initial; background-color: initial; color: rgb(23, 67, 155); text-decoration: underline; background-position: 100% 50%; background-repeat: no-repeat no-repeat; \">edital<\/a>.<br style=\"margin-top: 0px; margin-right: 0px; margin-bottom: 0px; margin-left: 0px; padding-top: 0px; padding-right: 0px; padding-bottom: 0px; padding-left: 0px; \" \/><br \/>\n<strong style=\"margin-top: 0px; margin-right: 0px; margin-bottom: 0px; margin-left: 0px; padding-top: 0px; padding-right: 0px; padding-bottom: 0px; padding-left: 0px; border-top-width: 0px; border-right-width: 0px; border-bottom-width: 0px; border-left-width: 0px; border-style: initial; border-color: initial; outline-width: 0px; outline-style: initial; outline-color: initial; vertical-align: baseline; background-image: initial; background-attachment: initial; background-origin: initial; background-clip: initial; background-color: transparent; background-position: initial initial; background-repeat: initial initial; \"><br \/>\nN&uacute;mero de alunos que cursam p&oacute;s-gradua&ccedil;&atilde;o aumentou 21,6% de 2006 a 2010<\/strong><br class=\"last-child\" style=\"margin-top: 0px; margin-right: 0px; margin-bottom: 0px; margin-left: 0px; padding-top: 0px; padding-right: 0px; padding-bottom: 0px; padding-left: 0px; \" \/><br \/>\nDe acordo com estudo apresentado na &uacute;ltima ter&ccedil;a-feira (11), pela Financiadora de Estudos e Projetos (Finep), 132.420 alunos entraram para a p&oacute;s no Brasil em 2006. J&aacute; em 2010, este n&uacute;mero aumentou 21,6%, chegando a 161.068 alunos. Considerando apenas as universidades federais, a varia&ccedil;&atilde;o foi de 31%.<\/p>\n<p>Secom<br type=\"_moz\" \/><br \/>\n<\/span><\/p>\n","protected":false},"excerpt":{"rendered":"<p>Est\u00e3o abertas at\u00e9 o pr\u00f3ximo dia 26 as inscri\u00e7\u00f5es para curso de mestrado profissional, gratuito, destinado \u00e0 qualifica\u00e7\u00e3o de professores de matem\u00e1tica. S\u00e3o oferecidas 1.525 vagas, em todo Pa\u00eds, em 65 polos da Universidade Aberta do Brasil (UAB). Financiado pela Coordena\u00e7\u00e3o de Aperfei\u00e7oamento de Pessoal de N\u00edvel Superior (Capes) do Minist\u00e9rio da Educa\u00e7\u00e3o, o curso de p\u00f3s-gradua\u00e7\u00e3o destina-se a professores de matem\u00e1tica da educa\u00e7\u00e3o b\u00e1sica, especialmente de escolas p\u00fablicas.<\/p>\n","protected":false},"author":1,"featured_media":27782,"comment_status":"open","ping_status":"open","sticky":false,"template":"","format":"standard","meta":{"footnotes":""},"categories":[1],"tags":[6563,6562],"class_list":["post-27783","post","type-post","status-publish","format-standard","has-post-thumbnail","hentry","category-noticias-zeca-dirceu","tag-5-mil-vagas-de-mestrado-gratuitas","tag-professores-de-matematica-terao-1"],"_links":{"self":[{"href":"https:\/\/teste.bsb.br\/zeca\/wp-json\/wp\/v2\/posts\/27783","targetHints":{"allow":["GET"]}}],"collection":[{"href":"https:\/\/teste.bsb.br\/zeca\/wp-json\/wp\/v2\/posts"}],"about":[{"href":"https:\/\/teste.bsb.br\/zeca\/wp-json\/wp\/v2\/types\/post"}],"author":[{"embeddable":true,"href":"https:\/\/teste.bsb.br\/zeca\/wp-json\/wp\/v2\/users\/1"}],"replies":[{"embeddable":true,"href":"https:\/\/teste.bsb.br\/zeca\/wp-json\/wp\/v2\/comments?post=27783"}],"version-history":[{"count":0,"href":"https:\/\/teste.bsb.br\/zeca\/wp-json\/wp\/v2\/posts\/27783\/revisions"}],"wp:featuredmedia":[{"embeddable":true,"href":"https:\/\/teste.bsb.br\/zeca\/wp-json\/wp\/v2\/media\/27782"}],"wp:attachment":[{"href":"https:\/\/teste.bsb.br\/zeca\/wp-json\/wp\/v2\/media?parent=27783"}],"wp:term":[{"taxonomy":"category","embeddable":true,"href":"https:\/\/teste.bsb.br\/zeca\/wp-json\/wp\/v2\/categories?post=27783"},{"taxonomy":"post_tag","embeddable":true,"href":"https:\/\/teste.bsb.br\/zeca\/wp-json\/wp\/v2\/tags?post=27783"}],"curies":[{"name":"wp","href":"https:\/\/api.w.org\/{rel}","templated":true}]}}