{"id":27767,"date":"2011-10-14T00:00:00","date_gmt":"2011-10-14T03:00:00","guid":{"rendered":"https:\/\/www.zecadirceu.com.br\/prazo-de-inscricao-para-o-encontro-mundial-de-blogueiros-e-prorrogado\/"},"modified":"2011-10-14T00:00:00","modified_gmt":"2011-10-14T03:00:00","slug":"prazo-de-inscricao-para-o-encontro-mundial-de-blogueiros-e-prorrogado","status":"publish","type":"post","link":"https:\/\/teste.bsb.br\/zeca\/prazo-de-inscricao-para-o-encontro-mundial-de-blogueiros-e-prorrogado\/","title":{"rendered":"Prazo de inscri\u00e7\u00e3o para o Encontro Mundial de Blogueiros \u00e9 prorrogado"},"content":{"rendered":"<p>&nbsp;As inscri&ccedil;&otilde;es para o 1&ordm; Encontro Mundial de Blogueiros, que ocorre entre os dias 27 e 29 de outubro, em Foz do Igua&ccedil;u, poder&atilde;o ser feitas at&eacute; o dia 24 (segunda-feira). O valor da ades&atilde;o &eacute; de R$ 100,00, sendo que estudantes pagam meia. Para se inscrever, basta acessar a p&aacute;gina do evento. At&eacute; agora, mais de 400 pessoas j&aacute; garantiram presen&ccedil;a.<\/p>\n<p class=\"MsoNormal\"><o:p><\/o:p><\/p>\n<p class=\"MsoNormal\">A programa&ccedil;&atilde;o do Encontro tamb&eacute;m foi atualizada. Amy Goodman, do programa estadunidenseDemocracy Now, n&atilde;o poder&aacute; comparecer por conta de seu envolvimento na cobertura das manifesta&ccedil;&otilde;es em Wall Street. O ve&iacute;culo tem realizado um papel importante na reportagem dos protestos. Em seu lugar, foi confirmada a presen&ccedil;a de Andr&eacute;s Thomas Conteris, fundador do Democracy Now En Espa&ntilde;ol.<o:p><\/o:p><\/p>\n<p class=\"MsoNormal\">Confira a programa&ccedil;&atilde;o completa<o:p><\/o:p><\/p>\n<p class=\"MsoNormal\">27 de outubro &ndash; quinta-feira<o:p><\/o:p><\/p>\n<p class=\"MsoNormal\">20 horas &ndash; abertura oficial e confraterniza&ccedil;&atilde;o no Mirante de Itaipu;<o:p><\/o:p><\/p>\n<p class=\"MsoNormal\">28 de outubro &ndash; sexta-feira<o:p><\/o:p><\/p>\n<p class=\"MsoNormal\">9 horas &ndash; Debate: &ldquo;O papel das novas m&iacute;dias&rdquo;<o:p><\/o:p><\/p>\n<p class=\"MsoNormal\">&#8211; Ign&aacute;cio Ramonet &ndash; criador do Le Monde Diplomatique e autor do livro &ldquo;A explos&atilde;o do jornalismo&rdquo;;<o:p><\/o:p><\/p>\n<p class=\"MsoNormal\">&#8211; Kristinn Hrafnsson &ndash; porta-voz do WikiLeaks;<o:p><\/o:p><\/p>\n<p class=\"MsoNormal\">&#8211; D&ecirc;nis de Moraes &ndash; autor do livro &ldquo;Muta&ccedil;&otilde;es do vis&iacute;vel: da comunica&ccedil;&atilde;o de massa &agrave; comunica&ccedil;&atilde;o em rede&rdquo;;<o:p><\/o:p><\/p>\n<p class=\"MsoNormal\">&#8211; Luis Nassif &ndash; jornalista e blogueiro;<o:p><\/o:p><\/p>\n<p class=\"MsoNormal\">* Mesa dirigida por Natalia Vianna (Ag&ecirc;ncia P&uacute;blica) e Tatiane Pires (blogueira do RS);<o:p><\/o:p><\/p>\n<p class=\"MsoNormal\">14 horas &ndash; Painel: &ldquo;Experi&ecirc;ncias nos EUA e Europa&rdquo;<o:p><\/o:p><\/p>\n<p class=\"MsoNormal\">&#8211; Pascual Serrano &ndash; blogueiro e fundador do s&iacute;tio Rebeli&oacute;n (Espanha);<o:p><\/o:p><\/p>\n<p class=\"MsoNormal\">&#8211; Andr&eacute;s Thomas Conteris &ndash; fundador do Democracy Now! em Espanhol (EUA)<o:p><\/o:p><\/p>\n<p class=\"MsoNormal\">&#8211; Jillian York &ndash; blogueira, colunista do Huffington Post, Guardian e Al Jazeera (EUA);<o:p><\/o:p><\/p>\n<p class=\"MsoNormal\">&#8211; Enrique Palma &ndash; jornalista e blogueiro (Fran&ccedil;a);<o:p><\/o:p><\/p>\n<p class=\"MsoNormal\">* Mesa dirigida por Renata Mielli (Bar&atilde;o de Itarar&eacute;) e Altino Machado (blogueiro do Acre);<o:p><\/o:p><\/p>\n<p class=\"MsoNormal\">16 horas &ndash; Painel: &ldquo;Experi&ecirc;ncias na &Aacute;sia e &Aacute;frica&rdquo;<o:p><\/o:p><\/p>\n<p class=\"MsoNormal\">&#8211; Ahmed Bahgat &ndash; blogueiro e ativista digital na &ldquo;revolta do mundo &aacute;rabe&rdquo; (Egito);<o:p><\/o:p><\/p>\n<p class=\"MsoNormal\">&#8211; Atanu Dey &ndash; blogueira da &Iacute;ndia e especialista em Tecnologia da Informa&ccedil;&atilde;o (&Iacute;ndia) &#91;*];<o:p><\/o:p><\/p>\n<p class=\"MsoNormal\">&#8211; Pepe Escobar &ndash; jornalista e colunista do s&iacute;tio &Aacute;sia Times Online (Jap&atilde;o);<o:p><\/o:p><\/p>\n<p class=\"MsoNormal\">&#8211; Mar-Jordan Degadjor &ndash; blogueiro e diretor da ONG &Aacute;frica para o Futuro (Gana);<o:p><\/o:p><\/p>\n<p class=\"MsoNormal\">* Mesa dirigida por Renato Rovai (Altercom) e S&eacute;rgio Telles (blogueiro do Rio de Janeiro);<o:p><\/o:p><\/p>\n<p class=\"MsoNormal\">Dia 29 de outubro &ndash; s&aacute;bado:<o:p><\/o:p><\/p>\n<p class=\"MsoNormal\">9 horas &ndash; Painel: &ldquo;Experi&ecirc;ncias na Am&eacute;rica Latina&rdquo;<o:p><\/o:p><\/p>\n<p class=\"MsoNormal\">&#8211; Iroel S&aacute;nchez &ndash; blogueiro da p&aacute;gina La Pupila Insomne e do s&iacute;tio CubaDebate (Cuba);<o:p><\/o:p><\/p>\n<p class=\"MsoNormal\">&#8211; Osvaldo Leon &ndash; editor s&iacute;tio da Ag&ecirc;ncia Latinoamericana de Informa&ccedil;&atilde;o &ndash; Alai (Equador);<o:p><\/o:p><\/p>\n<p class=\"MsoNormal\">&#8211; Martin Becerra &ndash; professor universit&aacute;rio e blogueiro (Argentina);<o:p><\/o:p><\/p>\n<p class=\"MsoNormal\">&#8211; Jesse Freeston &ndash; blogueiro e ativista dos direitos humanos (Honduras);<o:p><\/o:p><\/p>\n<p class=\"MsoNormal\">&#8211; Martin Granovsky (P&aacute;gina 12 &ndash; Argentina));<o:p><\/o:p><\/p>\n<p class=\"MsoNormal\">&#8211; Luiz Navarro (La Jornada &ndash; M&eacute;xico);<o:p><\/o:p><\/p>\n<p class=\"MsoNormal\">* Mesa dirigida por S&eacute;rgio Bertoni (blogueiro do Paran&aacute;) e Cido Ara&uacute;jo (blogueiro de S&atilde;o Paulo);<o:p><\/o:p><\/p>\n<p class=\"MsoNormal\">14 horas &ndash; Painel: &ldquo;As experi&ecirc;ncias no Brasil&rdquo;<o:p><\/o:p><\/p>\n<p class=\"MsoNormal\">&#8211; Leandro Fortes &ndash; jornalista da revista CartaCapital, blogueiro e da comiss&atilde;o nacional do BlogProg;<o:p><\/o:p><\/p>\n<p class=\"MsoNormal\">&#8211; Esmael Moraes &ndash; criador do blog do Esmael.<o:p><\/o:p><\/p>\n<p class=\"MsoNormal\">&#8211; Concei&ccedil;&atilde;o Oliveira &ndash; criadora do blog Maria Fr&ocirc; e tuiteira.<o:p><\/o:p><\/p>\n<p class=\"MsoNormal\">* Mesa dirigida por Maria In&ecirc;s Nassif (Carta Maior) e Daniel Bezerra (blogueiro do Cear&aacute;);<o:p><\/o:p><\/p>\n<p class=\"MsoNormal\">16 horas &ndash; Debate: A luta pela liberdade de express&atilde;o e pela democratiza&ccedil;&atilde;o da comunica&ccedil;&atilde;o<o:p><\/o:p><\/p>\n<p class=\"MsoNormal\">&ndash; Paulo Bernardo &ndash; ministro das Comunica&ccedil;&otilde;es do Brasil &#91;*];<o:p><\/o:p><\/p>\n<p class=\"MsoNormal\">&#8211; Jesse Chac&oacute;n &ndash; ex-ministro das Comunica&ccedil;&otilde;es da Venezuela;<o:p><\/o:p><\/p>\n<p class=\"MsoNormal\">&#8211; Damian Loreti &ndash; integrante da comiss&atilde;o que elaborou a Ley de Medios na Argentina;<o:p><\/o:p><\/p>\n<p class=\"MsoNormal\">&#8211; Blanca Josales &ndash; ministra das Comunica&ccedil;&otilde;es do Peru;<o:p><\/o:p><\/p>\n<p class=\"MsoNormal\">* Mesa dirigida por Julieta Palmeira (Bahia) e Tica Moreno (blogueiras feministas);<o:p><\/o:p><\/p>\n<p class=\"MsoNormal\">18 horas &ndash; Plen&aacute;ria e ato de encerramento<o:p><\/o:p><\/p>\n<p class=\"MsoNormal\">&#8211; Aprova&ccedil;&atilde;o da Carta de Foz do Igua&ccedil;u (propostas e organiza&ccedil;&atilde;o).<o:p><\/o:p><\/p>\n<p class=\"MsoNormal\">* Mesa dirigida por Joaquim Palhares e Altamiro Borges;<o:p><\/o:p><\/p>\n<p class=\"MsoNormal\">* Os nomes com asterisco ainda n&atilde;o foram confirmados.<\/p>\n","protected":false},"excerpt":{"rendered":"<p>As inscri\u00e7\u00f5es para o 1\u00ba Encontro Mundial de Blogueiros, que ocorre entre os dias 27 e 29 de outubro, em Foz do Igua\u00e7u, poder\u00e3o ser feitas at\u00e9 o dia 24 (segunda-feira). O valor da ades\u00e3o \u00e9 de R$ 100,00, sendo que estudantes pagam meia. Para se inscrever, basta acessar a p\u00e1gina do evento. At\u00e9 agora, mais de 400 pessoas j\u00e1 garantiram presen\u00e7a.<\/p>\n","protected":false},"author":1,"featured_media":27766,"comment_status":"open","ping_status":"open","sticky":false,"template":"","format":"standard","meta":{"footnotes":""},"categories":[1],"tags":[6551],"class_list":["post-27767","post","type-post","status-publish","format-standard","has-post-thumbnail","hentry","category-noticias-zeca-dirceu","tag-prazo-de-inscricao-para-o-encontro-mundial-de-blogueiros-e-prorrogado"],"_links":{"self":[{"href":"https:\/\/teste.bsb.br\/zeca\/wp-json\/wp\/v2\/posts\/27767","targetHints":{"allow":["GET"]}}],"collection":[{"href":"https:\/\/teste.bsb.br\/zeca\/wp-json\/wp\/v2\/posts"}],"about":[{"href":"https:\/\/teste.bsb.br\/zeca\/wp-json\/wp\/v2\/types\/post"}],"author":[{"embeddable":true,"href":"https:\/\/teste.bsb.br\/zeca\/wp-json\/wp\/v2\/users\/1"}],"replies":[{"embeddable":true,"href":"https:\/\/teste.bsb.br\/zeca\/wp-json\/wp\/v2\/comments?post=27767"}],"version-history":[{"count":0,"href":"https:\/\/teste.bsb.br\/zeca\/wp-json\/wp\/v2\/posts\/27767\/revisions"}],"wp:featuredmedia":[{"embeddable":true,"href":"https:\/\/teste.bsb.br\/zeca\/wp-json\/wp\/v2\/media\/27766"}],"wp:attachment":[{"href":"https:\/\/teste.bsb.br\/zeca\/wp-json\/wp\/v2\/media?parent=27767"}],"wp:term":[{"taxonomy":"category","embeddable":true,"href":"https:\/\/teste.bsb.br\/zeca\/wp-json\/wp\/v2\/categories?post=27767"},{"taxonomy":"post_tag","embeddable":true,"href":"https:\/\/teste.bsb.br\/zeca\/wp-json\/wp\/v2\/tags?post=27767"}],"curies":[{"name":"wp","href":"https:\/\/api.w.org\/{rel}","templated":true}]}}