{"id":27761,"date":"2011-10-17T00:00:00","date_gmt":"2011-10-17T02:00:00","guid":{"rendered":"https:\/\/www.zecadirceu.com.br\/upas-serao-implantadas-nas-12-cidades-da-copa\/"},"modified":"2011-10-17T00:00:00","modified_gmt":"2011-10-17T02:00:00","slug":"upas-serao-implantadas-nas-12-cidades-da-copa","status":"publish","type":"post","link":"https:\/\/teste.bsb.br\/zeca\/upas-serao-implantadas-nas-12-cidades-da-copa\/","title":{"rendered":"UPAs ser\u00e3o implantadas nas 12 cidades da Copa"},"content":{"rendered":"<p>&nbsp;O Brasil vai implantar Unidades de Pronto Atendimento (UPAs) em todas as 12 cidades que ser&atilde;o sede da Copa do Mundo de Futebol de 2014. Segundo o Minist&eacute;rio da Sa&uacute;de, um dos objetivos &eacute; ampliar a assist&ecirc;ncia de urg&ecirc;ncia e emerg&ecirc;ncia, necess&aacute;ria para eventos com grande concentra&ccedil;&atilde;o de pessoas. O modelo das UPAs foi criado em 2007, pelo governo do Rio de Janeiro.<\/p>\n<p class=\"MsoNormal\" style=\"font-family: arial, sans-serif; font-size: 13px; margin-top: 0px; margin-right: 0px; margin-bottom: 0px; margin-left: 0px; \"><span style=\"font-size: 12pt; font-family: 'Times New Roman', serif; \"><br \/>\n&ldquo;Al&eacute;m disso, tamb&eacute;m enxergamos na Copa de 2014 uma grande oportunidade de divulgar informa&ccedil;&otilde;es referentes &agrave; sa&uacute;de para a popula&ccedil;&atilde;o. Na Copa da &Aacute;frica, por exemplo, foi feita uma ampla divulga&ccedil;&atilde;o de a&ccedil;&otilde;es para preven&ccedil;&atilde;o de doen&ccedil;as sexualmente transmiss&iacute;veis e queremos aproveitar essa ideia&rdquo;, afirma o secret&aacute;rio-executivo adjunto do Minist&eacute;rio da Sa&uacute;de e coordenador da C&acirc;mara Tem&aacute;tica de Sa&uacute;de, Adriano Massuda.<\/span><\/p>\n<p class=\"MsoNormal\" style=\"font-family: arial, sans-serif; font-size: 13px; margin-top: 0px; margin-right: 0px; margin-bottom: 0px; margin-left: 0px; \"><span style=\"font-size: 12pt; font-family: 'Times New Roman', serif; \"><br \/>\nO an&uacute;ncio foi feito durante o 4&ordm; encontro da C&acirc;mara Tem&aacute;tica da Sa&uacute;de para a Copa 2014, realizado nesta semana que passou, no Rio de Janeiro. O encontro d&aacute; continuidade &agrave; elabora&ccedil;&atilde;o do plano de a&ccedil;&atilde;o em Assist&ecirc;ncia e Vigil&acirc;ncia em Sa&uacute;de para o evento esportivo.<\/span><\/p>\n<p class=\"MsoNormal\" style=\"font-family: arial, sans-serif; font-size: 13px; margin-top: 0px; margin-right: 0px; margin-bottom: 0px; margin-left: 0px; \"><span style=\"font-size: 12pt; font-family: 'Times New Roman', serif; \"><br \/>\nEste foi o quarto encontro do grupo formado por representantes do Minist&eacute;rio da Sa&uacute;de, Ag&ecirc;ncia Nacional de Vigil&acirc;ncia Sanit&aacute;ria (Anvisa), Ag&ecirc;ncia Nacional de Sa&uacute;de Suplementar (ANS) e das cidades e estados que receber&atilde;o os jogos. Bras&iacute;lia e Fortaleza sediaram as tr&ecirc;s primeiras reuni&otilde;es.<\/span><\/p>\n<p class=\"MsoNormal\" style=\"font-family: arial, sans-serif; font-size: 13px; margin-top: 0px; margin-right: 0px; margin-bottom: 0px; margin-left: 0px; \"><span style=\"font-size: 12pt; font-family: 'Times New Roman', serif; \"><br \/>\nNos primeiros encontros, as cidades-sede conheceram experi&ecirc;ncias nacionais e internacionais de organiza&ccedil;&atilde;o em sa&uacute;de para megaeventos. Em agosto, os representantes dos estados e munic&iacute;pios apresentaram um diagn&oacute;stico da situa&ccedil;&atilde;o da rede de servi&ccedil;os de assist&ecirc;ncia e vigil&acirc;ncia em sa&uacute;de nas cidades que receber&atilde;o os turistas durante o evento, bem como os planos de investimentos programados.<\/span><\/p>\n<p class=\"MsoNormal\" style=\"font-family: arial, sans-serif; font-size: 13px; margin-top: 0px; margin-right: 0px; margin-bottom: 0px; margin-left: 0px; \"><b><span style=\"font-size: 12pt; font-family: 'Times New Roman', serif; \"><br \/>\nDiretrizes<\/span><\/b><\/p>\n<p class=\"MsoNormal\" style=\"font-family: arial, sans-serif; font-size: 13px; margin-top: 0px; margin-right: 0px; margin-bottom: 0px; margin-left: 0px; \"><span style=\"font-size: 12pt; font-family: 'Times New Roman', serif; \">A C&acirc;mara Tem&aacute;tica de Sa&uacute;de foi criada para coordenar o planejamento de a&ccedil;&otilde;es nacionais na &aacute;rea da sa&uacute;de, estabelecendo diretrizes gerais e metas, a&ccedil;&otilde;es estrat&eacute;gicas articulando e apoiando essas a&ccedil;&otilde;es com os munic&iacute;pios sede; focar o desenvolvimento de capacidade b&aacute;sica de vigil&acirc;ncia sanit&aacute;ria nos pontos de entrada do Pa&iacute;s, como portos, aeroportos e fronteiras e intensificar a vigil&acirc;ncia em estabelecimentos e infraestrutura de interesses sanit&aacute;rios.<\/span><\/p>\n<p class=\"MsoNormal\" style=\"font-family: arial, sans-serif; font-size: 13px; margin-top: 0px; margin-right: 0px; margin-bottom: 0px; margin-left: 0px; \"><span style=\"font-size: 12pt; font-family: 'Times New Roman', serif; \">Dentro da estrutura montada para propor pol&iacute;ticas p&uacute;blicas para a realiza&ccedil;&atilde;o do Mundial da Fifa, a C&acirc;mara atua em tr&ecirc;s eixos tem&aacute;ticos &#8211; Assist&ecirc;ncia e Sa&uacute;de, Vigil&acirc;ncia Sanit&aacute;ria e Epidemiol&oacute;gica e Gest&atilde;o.<\/p>\n<p>Portal Brasil<br type=\"_moz\" \/><br \/>\n<\/span><\/p>\n","protected":false},"excerpt":{"rendered":"<p>O Brasil vai implantar Unidades de Pronto Atendimento (UPAs) em todas as 12 cidades que ser\u00e3o sede da Copa do Mundo de Futebol de 2014. Segundo o Minist\u00e9rio da Sa\u00fade, um dos objetivos \u00e9 ampliar a assist\u00eancia de urg\u00eancia e emerg\u00eancia, necess\u00e1ria para eventos com grande concentra\u00e7\u00e3o de pessoas. O modelo das UPAs foi criado em 2007, pelo governo do Rio de Janeiro.<\/p>\n","protected":false},"author":1,"featured_media":27760,"comment_status":"open","ping_status":"open","sticky":false,"template":"","format":"standard","meta":{"footnotes":""},"categories":[1],"tags":[6548],"class_list":["post-27761","post","type-post","status-publish","format-standard","has-post-thumbnail","hentry","category-noticias-zeca-dirceu","tag-upas-serao-implantadas-nas-12-cidades-da-copa"],"_links":{"self":[{"href":"https:\/\/teste.bsb.br\/zeca\/wp-json\/wp\/v2\/posts\/27761","targetHints":{"allow":["GET"]}}],"collection":[{"href":"https:\/\/teste.bsb.br\/zeca\/wp-json\/wp\/v2\/posts"}],"about":[{"href":"https:\/\/teste.bsb.br\/zeca\/wp-json\/wp\/v2\/types\/post"}],"author":[{"embeddable":true,"href":"https:\/\/teste.bsb.br\/zeca\/wp-json\/wp\/v2\/users\/1"}],"replies":[{"embeddable":true,"href":"https:\/\/teste.bsb.br\/zeca\/wp-json\/wp\/v2\/comments?post=27761"}],"version-history":[{"count":0,"href":"https:\/\/teste.bsb.br\/zeca\/wp-json\/wp\/v2\/posts\/27761\/revisions"}],"wp:featuredmedia":[{"embeddable":true,"href":"https:\/\/teste.bsb.br\/zeca\/wp-json\/wp\/v2\/media\/27760"}],"wp:attachment":[{"href":"https:\/\/teste.bsb.br\/zeca\/wp-json\/wp\/v2\/media?parent=27761"}],"wp:term":[{"taxonomy":"category","embeddable":true,"href":"https:\/\/teste.bsb.br\/zeca\/wp-json\/wp\/v2\/categories?post=27761"},{"taxonomy":"post_tag","embeddable":true,"href":"https:\/\/teste.bsb.br\/zeca\/wp-json\/wp\/v2\/tags?post=27761"}],"curies":[{"name":"wp","href":"https:\/\/api.w.org\/{rel}","templated":true}]}}