{"id":27755,"date":"2011-10-17T00:00:00","date_gmt":"2011-10-17T02:00:00","guid":{"rendered":"https:\/\/www.zecadirceu.com.br\/programa-brasil-sem-miseria-chega-ao-sul-para-retirar-716-mil-brasileiros-da-pobreza\/"},"modified":"2011-10-17T00:00:00","modified_gmt":"2011-10-17T02:00:00","slug":"programa-brasil-sem-miseria-chega-ao-sul-para-retirar-716-mil-brasileiros-da-pobreza","status":"publish","type":"post","link":"https:\/\/teste.bsb.br\/zeca\/programa-brasil-sem-miseria-chega-ao-sul-para-retirar-716-mil-brasileiros-da-pobreza\/","title":{"rendered":"Programa Brasil Sem Mis\u00e9ria chega ao Sul para retirar 716 mil brasileiros da pobreza"},"content":{"rendered":"<p>&nbsp;As oportunidades de emprego na constru&ccedil;&atilde;o civil e nos supermercados e o est&iacute;mulo ao aumento da produ&ccedil;&atilde;o da agricultura familiar marcam o lan&ccedil;amento do Brasil Sem Mis&eacute;ria no Sul, a quarta regi&atilde;o a firmar com o governo federal a meta de superar a extrema pobreza. O acordo foi feito na sexta-feira (14), em Porto Alegre, com os governos estaduais. O objetivo &eacute; retirar da extrema pobreza 716 mil brasileiros que vivem na regi&atilde;o Sul. No Pa&iacute;s, a meta do programa &eacute; atender 16,2 milh&otilde;es de pessoas (4,3% delas no Sul), com transfer&ecirc;ncia de renda, acesso a servi&ccedil;os p&uacute;blicos nas &aacute;reas de educa&ccedil;&atilde;o, sa&uacute;de, assist&ecirc;ncia social, saneamento, energia el&eacute;trica e inclus&atilde;o produtiva.<\/p>\n<p class=\"MsoNormal\"><o:p><\/o:p><\/p>\n<p class=\"MsoNormal\">Uma das novidades &eacute; a compra de sementes da agricultura familiar para distribuir a outros agricultores muito pobres, principalmente ind&iacute;genas, quilombolas e assentados da reforma agr&aacute;ria.<span>&nbsp; <\/span>O governo vai adquirir 53,5 toneladas de sementes de milho de 400 agricultores familiares de tr&ecirc;s cooperativas: Coarpa, de Santa Catarina, Bionatur, do Rio Grande do Sul, e Coofaeco, do Paran&aacute;. <o:p><\/o:p><\/p>\n<p class=\"MsoNormal\">Numa a&ccedil;&atilde;o espec&iacute;fica para o Rio Grande do Sul, o MDS assinou com o governo local conv&ecirc;nio para construir 3,4 mil cisternas para armazenamento de &aacute;gua das chuvas. Os reservat&oacute;rios contemplar&atilde;o fam&iacute;lias de 13 munic&iacute;pios que todos os anos sofrem longo per&iacute;odo de estiagem. O investimento soma R$ 7,8 milh&otilde;es.<o:p><\/o:p><\/p>\n<p class=\"MsoNormal\"><b>Bolsa Fam&iacute;lia<o:p><\/o:p><\/b><\/p>\n<p class=\"MsoNormal\">Foi anunciado tamb&eacute;m pelo governo do Paran&aacute; que haver&aacute; o adicional de R$ 50 ao Bolsa Fam&iacute;lia .<span>&nbsp; <\/span>A a&ccedil;&atilde;o faz parte do programa Fam&iacute;lia Paranaense, que come&ccedil;ar&aacute; em 2012 nos munic&iacute;pios com maiores &iacute;ndices de extrema pobreza. A a&ccedil;&atilde;o &eacute; semelhante ao programa RS Mais Igual, lan&ccedil;ado em junho deste ano, que prev&ecirc; a complementa&ccedil;&atilde;o do mesmo valor aos benefici&aacute;rios do Bolsa Fam&iacute;lia extremamente pobres que participem de cursos de forma&ccedil;&atilde;o, qualifica&ccedil;&atilde;o e escolariza&ccedil;&atilde;o.<o:p><\/o:p><\/p>\n<p class=\"MsoNormal\"><b>Bolsa Verde<o:p><\/o:p><\/b><\/p>\n<p class=\"MsoNormal\">Outra a&ccedil;&atilde;o que chega a regi&atilde;o &eacute; o Bolsa Verde. Lan&ccedil;ado no m&ecirc;s passado, o benef&iacute;cio estabelece novas regras para o Programa de Aquisi&ccedil;&atilde;o de Alimentos da Agricultura Familiar (PAA) e implanta o fomento de R$ 2,4 mil para agricultores de baixa renda com o objetivo de apoiar da produ&ccedil;&atilde;o e comercializa&ccedil;&atilde;o da produ&ccedil;&atilde;o. <o:p><\/o:p><\/p>\n<p class=\"MsoNormal\"><b>Qualifica&ccedil;&atilde;o profissional e inser&ccedil;&atilde;o no mercado<o:p><\/o:p><\/b><\/p>\n<p class=\"MsoNormal\">O governo federal firmou com as associa&ccedil;&otilde;es de supermercados da regi&atilde;o Sul a parceria j&aacute; assinada com a entidade nacional do setor, a Associa&ccedil;&atilde;o Brasileira de Supermercados (Abras). A rede varejista comprar&aacute; a produ&ccedil;&atilde;o da agricultura e da agroind&uacute;stria familiar, da economia solid&aacute;ria e de comunidades tradicionais, como os quilombolas. A oferta de qualifica&ccedil;&atilde;o profissional e emprego para que o p&uacute;blico do Brasil Sem Mis&eacute;ria possa trabalhar nesses estabelecimentos comerciais tamb&eacute;m faz parte do acordo com os supermercados. <o:p><\/o:p><\/p>\n<p><span style=\"font-size:11.0pt;line-height:115%;font-family:&quot;Calibri&quot;,&quot;sans-serif&quot;;\nmso-ascii-theme-font:minor-latin;mso-fareast-font-family:Calibri;mso-fareast-theme-font:\nminor-latin;mso-hansi-theme-font:minor-latin;mso-bidi-font-family:&quot;Times New Roman&quot;;\nmso-bidi-theme-font:minor-bidi;mso-ansi-language:PT-BR;mso-fareast-language:\nEN-US;mso-bidi-language:AR-SA\">Em outra parceria, a C&acirc;mara Brasileira da Ind&uacute;stria da Constru&ccedil;&atilde;o Civil (Cbic) e o governo federal desenvolver&atilde;o em conjunto a&ccedil;&otilde;es de qualifica&ccedil;&atilde;o profissional e inser&ccedil;&atilde;o no mercado de trabalho para o p&uacute;blico do Brasil Sem Mis&eacute;ria. A parceria envolver&aacute; 61 entidades do setor em todo o Pa&iacute;s. A Cbic e o Minist&eacute;rio do Desenvolvimento Social e Combate &agrave; Fome (MDS) j&aacute; promoveram feir&otilde;es de emprego no Rio de Janeiro e em Fortaleza. No total, foram ofertadas 1,9 mil vagas. Porto Alegre, Curitiba, S&atilde;o Lu&iacute;s e Belo Horizonte ser&atilde;o as pr&oacute;ximas capitais a abrir oportunidades de qualifica&ccedil;&atilde;o e trabalho para os benefici&aacute;rios.<\/p>\n<p>Secom<br type=\"_moz\" \/><br \/>\n<\/span><\/p>\n","protected":false},"excerpt":{"rendered":"<p>As oportunidades de emprego na constru\u00e7\u00e3o civil e nos supermercados e o est\u00edmulo ao aumento da produ\u00e7\u00e3o da agricultura familiar marcam o lan\u00e7amento do Brasil Sem Mis\u00e9ria no Sul, a quarta regi\u00e3o a firmar com o governo federal a meta de superar a extrema pobreza. O acordo foi feito na sexta-feira (14), em Porto Alegre, com os governos estaduais. O objetivo \u00e9 retirar da extrema pobreza 716 mil brasileiros que vivem na regi\u00e3o Sul. No Pa\u00eds, a meta do programa \u00e9 atender 16,2 milh\u00f5es de pessoas (4,3% delas no Sul), com transfer\u00eancia de renda, acesso a servi\u00e7os p\u00fablicos nas \u00e1reas de educa\u00e7\u00e3o, sa\u00fade, assist\u00eancia social, saneamento, energia el\u00e9trica e inclus\u00e3o produtiva.<\/p>\n","protected":false},"author":1,"featured_media":27754,"comment_status":"open","ping_status":"open","sticky":false,"template":"","format":"standard","meta":{"footnotes":""},"categories":[1],"tags":[6545],"class_list":["post-27755","post","type-post","status-publish","format-standard","has-post-thumbnail","hentry","category-noticias-zeca-dirceu","tag-programa-brasil-sem-miseria-chega-ao-sul-para-retirar-716-mil-brasileiros-da-pobreza"],"_links":{"self":[{"href":"https:\/\/teste.bsb.br\/zeca\/wp-json\/wp\/v2\/posts\/27755","targetHints":{"allow":["GET"]}}],"collection":[{"href":"https:\/\/teste.bsb.br\/zeca\/wp-json\/wp\/v2\/posts"}],"about":[{"href":"https:\/\/teste.bsb.br\/zeca\/wp-json\/wp\/v2\/types\/post"}],"author":[{"embeddable":true,"href":"https:\/\/teste.bsb.br\/zeca\/wp-json\/wp\/v2\/users\/1"}],"replies":[{"embeddable":true,"href":"https:\/\/teste.bsb.br\/zeca\/wp-json\/wp\/v2\/comments?post=27755"}],"version-history":[{"count":0,"href":"https:\/\/teste.bsb.br\/zeca\/wp-json\/wp\/v2\/posts\/27755\/revisions"}],"wp:featuredmedia":[{"embeddable":true,"href":"https:\/\/teste.bsb.br\/zeca\/wp-json\/wp\/v2\/media\/27754"}],"wp:attachment":[{"href":"https:\/\/teste.bsb.br\/zeca\/wp-json\/wp\/v2\/media?parent=27755"}],"wp:term":[{"taxonomy":"category","embeddable":true,"href":"https:\/\/teste.bsb.br\/zeca\/wp-json\/wp\/v2\/categories?post=27755"},{"taxonomy":"post_tag","embeddable":true,"href":"https:\/\/teste.bsb.br\/zeca\/wp-json\/wp\/v2\/tags?post=27755"}],"curies":[{"name":"wp","href":"https:\/\/api.w.org\/{rel}","templated":true}]}}