{"id":27747,"date":"2011-10-17T00:00:00","date_gmt":"2011-10-17T02:00:00","guid":{"rendered":"https:\/\/www.zecadirceu.com.br\/foz-do-iguacu-sedia-reuniao-geral-da-frente-nacional-de-prefeitos\/"},"modified":"2011-10-17T00:00:00","modified_gmt":"2011-10-17T02:00:00","slug":"foz-do-iguacu-sedia-reuniao-geral-da-frente-nacional-de-prefeitos","status":"publish","type":"post","link":"https:\/\/teste.bsb.br\/zeca\/foz-do-iguacu-sedia-reuniao-geral-da-frente-nacional-de-prefeitos\/","title":{"rendered":"Foz do Igua\u00e7u sedia reuni\u00e3o geral da Frente Nacional de Prefeitos"},"content":{"rendered":"<p class=\"MsoNormal\">Hoje e amanh&atilde; ser&aacute; realizada a 60&ordf; Reuni&atilde;o Geral da Frente Nacional de Prefeitos &ndash; FNP, em Foz do Igua&ccedil;u. Pela primeira vez fora do eixo das capitais. O deputado federal Zeca Dirceu participar&aacute; do encontro e espera trocar experi&ecirc;ncias com gestores municipais de todo estado.<\/p>\n<p class=\"MsoNormal\">&ldquo;Fui prefeito por duas vezes em Cruzeiro do Oeste e sei das dificuldades dos gestores municipais&rdquo; explicou o parlamentar. Zeca Dirceu reuniu mais de 100 prefeitos, e representantes, <span>&nbsp;<\/span>em uma comitiva direcionada em Bras&iacute;lia. &ldquo;L&aacute; prefeitos e representantes dos munic&iacute;pios puderam estar em contato direto com ministros, e equipes t&eacute;cnicas, de v&aacute;rios segmentos do Governo Federal. Eu acredito em um mandato municipalista e apoio estas a&ccedil;&otilde;es que promovem trocas de experi&ecirc;ncias entre os gestores p&uacute;blicos&rdquo; concluiu o deputado. <o:p><\/o:p><\/p>\n<p class=\"MsoNormal\">Participam da segunda reuni&atilde;o geral deste ano prefeitos, vice-prefeitos, parlamentares federais e estaduais, senadores, secret&aacute;rios municipais, diretores, servidores p&uacute;blicos e vereadores. Assim como funcion&aacute;rios de entidades municipalistas, assessores de prefeitos e de secret&aacute;rios municipais, gestores de outros entes e poderes da Federa&ccedil;&atilde;o e especialistas em assuntos municipais.<o:p><\/o:p><\/p>\n<p class=\"MsoNormal\">Na programa&ccedil;&atilde;o entre outros assuntos ser&atilde;o abordados, financiamento e a gest&atilde;o da sa&uacute;de; Plano Nacional dos Res&iacute;duos S&oacute;lidos &#8211; responsabilidades e financiamento; Minha Casa Minha Vida II e os munic&iacute;pios; partilha das rendas do petr&oacute;leo; Plano Nacional de Educa&ccedil;&atilde;o e os munic&iacute;pios; Seguran&ccedil;a P&uacute;blica; Encontro das prefeitas, vice-prefeitas da Regi&atilde;o Sul e primeiras damas, e outros. Al&eacute;m de Reuni&otilde;es Paralelas dos F&oacute;runs e Secret&aacute;rios Municipais.<\/p>\n","protected":false},"excerpt":{"rendered":"<p>Hoje e amanh\u00e3 ser\u00e1 realizada a 60\u00aa Reuni\u00e3o Geral da Frente Nacional de Prefeitos \u2013 FNP, em Foz do Igua\u00e7u. Pela primeira vez fora do eixo das capitais. O deputado federal Zeca Dirceu participar\u00e1 do encontro e espera trocar experi\u00eancias com gestores municipais de todo estado.<\/p>\n","protected":false},"author":1,"featured_media":27746,"comment_status":"open","ping_status":"open","sticky":false,"template":"","format":"standard","meta":{"footnotes":""},"categories":[1],"tags":[6540],"class_list":["post-27747","post","type-post","status-publish","format-standard","has-post-thumbnail","hentry","category-noticias-zeca-dirceu","tag-foz-do-iguacu-sedia-reuniao-geral-da-frente-nacional-de-prefeitos"],"_links":{"self":[{"href":"https:\/\/teste.bsb.br\/zeca\/wp-json\/wp\/v2\/posts\/27747","targetHints":{"allow":["GET"]}}],"collection":[{"href":"https:\/\/teste.bsb.br\/zeca\/wp-json\/wp\/v2\/posts"}],"about":[{"href":"https:\/\/teste.bsb.br\/zeca\/wp-json\/wp\/v2\/types\/post"}],"author":[{"embeddable":true,"href":"https:\/\/teste.bsb.br\/zeca\/wp-json\/wp\/v2\/users\/1"}],"replies":[{"embeddable":true,"href":"https:\/\/teste.bsb.br\/zeca\/wp-json\/wp\/v2\/comments?post=27747"}],"version-history":[{"count":0,"href":"https:\/\/teste.bsb.br\/zeca\/wp-json\/wp\/v2\/posts\/27747\/revisions"}],"wp:featuredmedia":[{"embeddable":true,"href":"https:\/\/teste.bsb.br\/zeca\/wp-json\/wp\/v2\/media\/27746"}],"wp:attachment":[{"href":"https:\/\/teste.bsb.br\/zeca\/wp-json\/wp\/v2\/media?parent=27747"}],"wp:term":[{"taxonomy":"category","embeddable":true,"href":"https:\/\/teste.bsb.br\/zeca\/wp-json\/wp\/v2\/categories?post=27747"},{"taxonomy":"post_tag","embeddable":true,"href":"https:\/\/teste.bsb.br\/zeca\/wp-json\/wp\/v2\/tags?post=27747"}],"curies":[{"name":"wp","href":"https:\/\/api.w.org\/{rel}","templated":true}]}}