{"id":27745,"date":"2011-10-17T00:00:00","date_gmt":"2011-10-17T02:00:00","guid":{"rendered":"https:\/\/www.zecadirceu.com.br\/camara-devera-votar-medidas-de-incentivo-a-industria-nacional\/"},"modified":"2011-10-17T00:00:00","modified_gmt":"2011-10-17T02:00:00","slug":"camara-devera-votar-medidas-de-incentivo-a-industria-nacional","status":"publish","type":"post","link":"https:\/\/teste.bsb.br\/zeca\/camara-devera-votar-medidas-de-incentivo-a-industria-nacional\/","title":{"rendered":"C\u00e2mara dever\u00e1 votar medidas de incentivo \u00e0 ind\u00fastria nacional"},"content":{"rendered":"<p>O plen&aacute;rio da C&acirc;mara retoma as vota&ccedil;&otilde;es nesta semana com a expectativa de apreciar as medidas provis&oacute;rias (MPs) com prazo de tramita&ccedil;&atilde;o vencido e que t&ecirc;m prioridade de vota&ccedil;&atilde;o. Est&atilde;o marcadas sess&otilde;es ordin&aacute;rias na ter&ccedil;a (18) e quarta-feira (19), &agrave;s 14h, com Ordem do Dia &agrave;s 16h. <\/p>\n<p>O primeiro item da pauta &eacute; a MP 540\/11, que integra o Plano Brasil Maior de incentivo &agrave; ind&uacute;stria nacional. O objetivo do governo, segundo o texto da MP, &eacute; a manuten&ccedil;&atilde;o da competitividade externa da ind&uacute;stria brasileira. Como coordenador da Frente Parlamentar da Ind&uacute;stria T&ecirc;xtil, tenho consci&ecirc;ncia da import&acirc;ncia de medidas que mantenham e aumentem a competitividade da ind&uacute;stria nacional frente ao mercado externo. Portanto, vou me esfor&ccedil;ar para que os itens da MP 540 sejam apreciados e aprovados no plen&aacute;rio da C&acirc;mara.<\/p>\n<p>A medida prev&ecirc;, entre outros itens, o Regime Especial de Reintegra&ccedil;&atilde;o de Valores Tribut&aacute;rios para as Empresas Exportadoras (Reintegra); a redu&ccedil;&atilde;o do Imposto sobre Produtos Industrializados (IPI) para a ind&uacute;stria automotiva; e a desonera&ccedil;&atilde;o da folha de pagamento das empresas que prestam servi&ccedil;os de tecnologia da informa&ccedil;&atilde;o e da comunica&ccedil;&atilde;o (TIC), das ind&uacute;strias moveleiras, de confec&ccedil;&otilde;es e de artefatos de couro.<\/p>\n<p>Fonte: Portal do PT na C&acirc;mara<\/p>\n","protected":false},"excerpt":{"rendered":"<p>O plen\u00e1rio da C\u00e2mara retoma as vota\u00e7\u00f5es nesta semana com a expectativa de apreciar as medidas provis\u00f3rias (MPs) com prazo de tramita\u00e7\u00e3o vencido e que t\u00eam prioridade de vota\u00e7\u00e3o. Est\u00e3o marcadas sess\u00f5es ordin\u00e1rias na ter\u00e7a (18) e quarta-feira (19), \u00e0s 14h, com Ordem do Dia \u00e0s 16h. Est\u00e3o marcadas sess\u00f5es ordin\u00e1rias na ter\u00e7a (18) e quarta-feira (19), \u00e0s 14h, com Ordem do Dia \u00e0s 16h.<\/p>\n","protected":false},"author":1,"featured_media":27744,"comment_status":"open","ping_status":"open","sticky":false,"template":"","format":"standard","meta":{"footnotes":""},"categories":[1],"tags":[640,6539,1127],"class_list":["post-27745","post","type-post","status-publish","format-standard","has-post-thumbnail","hentry","category-noticias-zeca-dirceu","tag-industria","tag-mp-540","tag-votacao"],"_links":{"self":[{"href":"https:\/\/teste.bsb.br\/zeca\/wp-json\/wp\/v2\/posts\/27745","targetHints":{"allow":["GET"]}}],"collection":[{"href":"https:\/\/teste.bsb.br\/zeca\/wp-json\/wp\/v2\/posts"}],"about":[{"href":"https:\/\/teste.bsb.br\/zeca\/wp-json\/wp\/v2\/types\/post"}],"author":[{"embeddable":true,"href":"https:\/\/teste.bsb.br\/zeca\/wp-json\/wp\/v2\/users\/1"}],"replies":[{"embeddable":true,"href":"https:\/\/teste.bsb.br\/zeca\/wp-json\/wp\/v2\/comments?post=27745"}],"version-history":[{"count":0,"href":"https:\/\/teste.bsb.br\/zeca\/wp-json\/wp\/v2\/posts\/27745\/revisions"}],"wp:featuredmedia":[{"embeddable":true,"href":"https:\/\/teste.bsb.br\/zeca\/wp-json\/wp\/v2\/media\/27744"}],"wp:attachment":[{"href":"https:\/\/teste.bsb.br\/zeca\/wp-json\/wp\/v2\/media?parent=27745"}],"wp:term":[{"taxonomy":"category","embeddable":true,"href":"https:\/\/teste.bsb.br\/zeca\/wp-json\/wp\/v2\/categories?post=27745"},{"taxonomy":"post_tag","embeddable":true,"href":"https:\/\/teste.bsb.br\/zeca\/wp-json\/wp\/v2\/tags?post=27745"}],"curies":[{"name":"wp","href":"https:\/\/api.w.org\/{rel}","templated":true}]}}