{"id":27739,"date":"2011-10-18T00:00:00","date_gmt":"2011-10-18T02:00:00","guid":{"rendered":"https:\/\/www.zecadirceu.com.br\/ministro-da-previdencia-e-zeca-dirceu-inauguram-agencia-do-inss-em-palotina\/"},"modified":"2011-10-18T00:00:00","modified_gmt":"2011-10-18T02:00:00","slug":"ministro-da-previdencia-e-zeca-dirceu-inauguram-agencia-do-inss-em-palotina","status":"publish","type":"post","link":"https:\/\/teste.bsb.br\/zeca\/ministro-da-previdencia-e-zeca-dirceu-inauguram-agencia-do-inss-em-palotina\/","title":{"rendered":"Ministro da Previd\u00eancia e Zeca Dirceu  inauguram ag\u00eancia do INSS em Palotina"},"content":{"rendered":"<p>&nbsp;O ministro da Previd&ecirc;ncia Social, Garibaldi Alves Filho, o deputado federal Zeca Dirceu (PT-PR) e o prefeito Luiz Ernesto de Giacometti inauguraram na tarde desta segunda-feira, 17, a Ag&ecirc;ncia da Previd&ecirc;ncia Social (APS) na cidade de Palotina, regi&atilde;o Oeste do Estado. A unidade passa a atender os munic&iacute;pios de Palotina e Marip&aacute;, que somam aproximadamente 35 mil habitantes.<\/p>\n<p class=\"MsoNormal\"><o:p><\/o:p><\/p>\n<p class=\"MsoNormal\">&ldquo;Esta &eacute; a d&eacute;cima segunda ag&ecirc;ncia que o INSS inaugura no Paran&aacute; nos &uacute;ltimos anos, isso mostra o resultado concreto de uma pol&iacute;tica p&uacute;blica iniciada no governo do presidente Lula e que a presidenta Dilma tem dado sequ&ecirc;ncia, que &eacute; levar os servi&ccedil;os da Previd&ecirc;ncia mais perto da popula&ccedil;&atilde;o&rdquo;, afirmou o parlamentar petista.<o:p><\/o:p><\/p>\n<p class=\"MsoNormal\">Zeca Dirceu lembrou que ainda est&aacute; prevista a constru&ccedil;&atilde;o de outras 26 ag&ecirc;ncias da Previd&ecirc;ncia no Paran&aacute;, em munic&iacute;pios com mais de 20 mil habitantes, num investimento superior a R$ 37 milh&otilde;es. &ldquo;Antes as pessoas tinham que se deslocar muitos quil&ocirc;metros para poder acessar os servi&ccedil;os da Previd&ecirc;ncia, e este processo de descentraliza&ccedil;&atilde;o tem facilitado bastante a vida daqueles que dependem dos benef&iacute;cios do INSS&rdquo;, completou o deputado.<o:p><\/o:p><\/p>\n<p class=\"MsoNormal\">Segundo Luiz Ernesto de Giacometti, a inaugura&ccedil;&atilde;o da unidade &eacute; a concretiza&ccedil;&atilde;o de uma luta que come&ccedil;ou em 1993. &ldquo;Esta ag&ecirc;ncia representa a humaniza&ccedil;&atilde;o do atendimento aos nossos usu&aacute;rios do INSS, lembro muito bem das dificuldades que os nossos pacientes j&aacute; passaram por ter que se deslocar at&eacute; Assis Chateaubriand para fazer uma per&iacute;cia m&eacute;dica. Agora isso &eacute; passado, vamos viver uma nova realidade&rdquo;, disse o prefeito de Palotina.<o:p><\/o:p><\/p>\n<p class=\"MsoNormal\">Pioneiro<o:p><\/o:p><\/p>\n<p class=\"MsoNormal\">A superintendente do INSS nos Estados do Paran&aacute;, Santa Catarina e Rio Grande do Sul, Eliane Schmidt, lembrou que Zeca Dirceu foi pioneiro na doa&ccedil;&atilde;o de terreno para a instala&ccedil;&atilde;o de uma ag&ecirc;ncia da Previd&ecirc;ncia. &ldquo;&Eacute; importante dizer aqui, para voc&ecirc;s que participam deste ato, que o deputado federal Zeca Dirceu, quando ainda era prefeito de Cruzeiro do Oeste, foi o primeiro prefeito de toda a regi&atilde;o Sul do Brasil a doar um terreno da Prefeitura para a instala&ccedil;&atilde;o da ag&ecirc;ncia do INSS, de certa forma ele ajudou a come&ccedil;ar este processo de expans&atilde;o que est&aacute; em curso hoje&rdquo;, disse Eliane.<o:p><\/o:p><\/p>\n<p class=\"MsoNormal\">Em seu discurso, o ministro Garibaldi Alves Filho destacou que a ag&ecirc;ncia de Palotina &eacute; uma das 720 unidades que o Minist&eacute;rio da Previd&ecirc;ncia Social vai inaugurar em todo o Brasil. &ldquo;S&oacute; aqui em Palotina a Previd&ecirc;ncia paga mensalmente mais de cinco mil benef&iacute;cios, o que representa a inje&ccedil;&atilde;o de R$ 3,2 milh&otilde;es por m&ecirc;s na economia do munic&iacute;pio. Para voc&ecirc;s terem uma ideia da import&acirc;ncia desta ag&ecirc;ncia, em 2010 n&oacute;s repassamos mais de R$ 37 milh&otilde;es para Palotina, atrav&eacute;s do pagamento destes benef&iacute;cios&rdquo;, disse o ministro.<o:p><\/o:p><\/p>\n<p class=\"MsoNormal\">Segundo Garibaldi, era &ldquo;inadmiss&iacute;vel&rdquo; que milh&otilde;es de brasileiros, especialmente das cidades do interior, tivessem que enfrentar longas viagens e filas intermin&aacute;veis para garantir atendimento da Previd&ecirc;ncia Social. &ldquo;Esta Previd&ecirc;ncia que voc&ecirc;s est&atilde;o vendo aqui em Palotina &eacute; o retrato da nova Previd&ecirc;ncia do Brasil, uma Previd&ecirc;ncia mais humana, que n&atilde;o quer deixar ningu&eacute;m de fora e que olha as pessoas como seres humanos, e n&atilde;o como n&uacute;meros numa planilha&rdquo;, completou o ministro.<o:p><\/o:p><\/p>\n<p class=\"MsoNormal\">Tamb&eacute;m participaram da solenidade de inaugura&ccedil;&atilde;o da ag&ecirc;ncia do INSS em Palotina os deputados federais Dilceu Sperafico e Moacir Micheletto, al&eacute;m de dezenas de prefeitos, vereadores, lideran&ccedil;as pol&iacute;ticas e empresariais das regi&otilde;es Oeste e Noroeste e autoridades ligadas ao setor previdenci&aacute;rio.<o:p><\/o:p><\/p>\n<p class=\"MsoNormal\"><o:p>&nbsp;<\/o:p><\/p>\n","protected":false},"excerpt":{"rendered":"<p>O ministro da Previd\u00eancia Social, Garibaldi Alves Filho, o deputado federal Zeca Dirceu (PT-PR) e o prefeito Luiz Ernesto de Giacometti inauguraram na tarde desta segunda-feira, 17, a Ag\u00eancia da Previd\u00eancia Social (APS) na cidade de Palotina, regi\u00e3o Oeste do Estado. A unidade passa a atender os munic\u00edpios de Palotina e Marip\u00e1, que somam aproximadamente 35 mil habitantes.<\/p>\n","protected":false},"author":1,"featured_media":27738,"comment_status":"open","ping_status":"open","sticky":false,"template":"","format":"standard","meta":{"footnotes":""},"categories":[1],"tags":[6536],"class_list":["post-27739","post","type-post","status-publish","format-standard","has-post-thumbnail","hentry","category-noticias-zeca-dirceu","tag-ministro-da-previdencia-e-zeca-dirceu-inauguram-agencia-do-inss-em-palotina"],"_links":{"self":[{"href":"https:\/\/teste.bsb.br\/zeca\/wp-json\/wp\/v2\/posts\/27739","targetHints":{"allow":["GET"]}}],"collection":[{"href":"https:\/\/teste.bsb.br\/zeca\/wp-json\/wp\/v2\/posts"}],"about":[{"href":"https:\/\/teste.bsb.br\/zeca\/wp-json\/wp\/v2\/types\/post"}],"author":[{"embeddable":true,"href":"https:\/\/teste.bsb.br\/zeca\/wp-json\/wp\/v2\/users\/1"}],"replies":[{"embeddable":true,"href":"https:\/\/teste.bsb.br\/zeca\/wp-json\/wp\/v2\/comments?post=27739"}],"version-history":[{"count":0,"href":"https:\/\/teste.bsb.br\/zeca\/wp-json\/wp\/v2\/posts\/27739\/revisions"}],"wp:featuredmedia":[{"embeddable":true,"href":"https:\/\/teste.bsb.br\/zeca\/wp-json\/wp\/v2\/media\/27738"}],"wp:attachment":[{"href":"https:\/\/teste.bsb.br\/zeca\/wp-json\/wp\/v2\/media?parent=27739"}],"wp:term":[{"taxonomy":"category","embeddable":true,"href":"https:\/\/teste.bsb.br\/zeca\/wp-json\/wp\/v2\/categories?post=27739"},{"taxonomy":"post_tag","embeddable":true,"href":"https:\/\/teste.bsb.br\/zeca\/wp-json\/wp\/v2\/tags?post=27739"}],"curies":[{"name":"wp","href":"https:\/\/api.w.org\/{rel}","templated":true}]}}