{"id":27733,"date":"2011-10-18T00:00:00","date_gmt":"2011-10-18T02:00:00","guid":{"rendered":"https:\/\/www.zecadirceu.com.br\/zeca-participa-da-abertura-da-60a-reuniao-da-frente-nacional-de-prefeitos-em-foz-2\/"},"modified":"2011-10-18T00:00:00","modified_gmt":"2011-10-18T02:00:00","slug":"zeca-participa-da-abertura-da-60a-reuniao-da-frente-nacional-de-prefeitos-em-foz-2","status":"publish","type":"post","link":"https:\/\/teste.bsb.br\/zeca\/zeca-participa-da-abertura-da-60a-reuniao-da-frente-nacional-de-prefeitos-em-foz-2\/","title":{"rendered":"Zeca participa da abertura da 60\u00aa Reuni\u00e3o da Frente Nacional de Prefeitos, em Foz"},"content":{"rendered":"<p>&nbsp;Foi aberta, nesta segunda-feira, a 60&ordf; Reuni&atilde;o da Frente Nacional de Prefeitos, em Foz do Igua&ccedil;u. O evento re&uacute;ne os 100 principais munic&iacute;pios do Brasil, para discutir solu&ccedil;&otilde;es e trocar experi&ecirc;ncias de gest&otilde;es p&uacute;blicas. Pela primeira vez a reuni&atilde;o &eacute; realizada em uma cidade do interior, longe dos eixos das capitais.<\/p>\n<p class=\"MsoNormal\">O deputado federal Zeca Dirceu participou da solenidade de abertura, junto com autoridades local, estadual e federal. &ldquo;Sempre fui municipalista e acredito na discuss&atilde;o conjunta. A troca de experi&ecirc;ncias entre gestores p&uacute;blicos &eacute; fundamental&rdquo;, ressaltou o parlamentar.<\/p>\n<p class=\"MsoNormal\">Est&atilde;o na fronteira cerca de 250 administradores municipais entre prefeitos, vice-prefeitos, secret&aacute;rios e deputados. Na reuni&atilde;o s&atilde;o debatidos v&aacute;rios temas, como o plano nacional dos res&iacute;duos s&oacute;lidos e o programa minha casa minha vida do governo federal. Durante dois dias, os prefeitos dedicar&atilde;o boa parte do evento para debater a divis&atilde;o dos royalties do petr&oacute;leo entre a uni&atilde;o e os munic&iacute;pios. A reuni&atilde;o termina amanh&atilde;.<\/p>\n","protected":false},"excerpt":{"rendered":"<p>Foi aberta, nesta segunda-feira, a 60\u00aa Reuni\u00e3o da Frente Nacional de Prefeitos, em Foz do Igua\u00e7u. O evento re\u00fane os 100 principais munic\u00edpios do Brasil, para discutir solu\u00e7\u00f5es e trocar experi\u00eancias de gest\u00f5es p\u00fablicas. Pela primeira vez a reuni\u00e3o \u00e9 realizada em uma cidade do interior, longe dos eixos das capitais.<br \/>\nO deputado federal Zeca Dirceu participou da solenidade de abertura, junto com autoridades local, estadual e federal. \u201cSempre fui municipalista e acredito na discuss\u00e3o conjunta. A troca de experi\u00eancias entre gestores p\u00fablicos \u00e9 fundamental\u201d, ressaltou o parlamentar.<\/p>\n","protected":false},"author":1,"featured_media":27732,"comment_status":"open","ping_status":"open","sticky":false,"template":"","format":"standard","meta":{"footnotes":""},"categories":[1],"tags":[6535,6534],"class_list":["post-27733","post","type-post","status-publish","format-standard","has-post-thumbnail","hentry","category-noticias-zeca-dirceu","tag-em-foz","tag-zeca-participa-da-abertura-da-60a-reuniao-da-frente-nacional-de-prefeitos"],"_links":{"self":[{"href":"https:\/\/teste.bsb.br\/zeca\/wp-json\/wp\/v2\/posts\/27733","targetHints":{"allow":["GET"]}}],"collection":[{"href":"https:\/\/teste.bsb.br\/zeca\/wp-json\/wp\/v2\/posts"}],"about":[{"href":"https:\/\/teste.bsb.br\/zeca\/wp-json\/wp\/v2\/types\/post"}],"author":[{"embeddable":true,"href":"https:\/\/teste.bsb.br\/zeca\/wp-json\/wp\/v2\/users\/1"}],"replies":[{"embeddable":true,"href":"https:\/\/teste.bsb.br\/zeca\/wp-json\/wp\/v2\/comments?post=27733"}],"version-history":[{"count":0,"href":"https:\/\/teste.bsb.br\/zeca\/wp-json\/wp\/v2\/posts\/27733\/revisions"}],"wp:featuredmedia":[{"embeddable":true,"href":"https:\/\/teste.bsb.br\/zeca\/wp-json\/wp\/v2\/media\/27732"}],"wp:attachment":[{"href":"https:\/\/teste.bsb.br\/zeca\/wp-json\/wp\/v2\/media?parent=27733"}],"wp:term":[{"taxonomy":"category","embeddable":true,"href":"https:\/\/teste.bsb.br\/zeca\/wp-json\/wp\/v2\/categories?post=27733"},{"taxonomy":"post_tag","embeddable":true,"href":"https:\/\/teste.bsb.br\/zeca\/wp-json\/wp\/v2\/tags?post=27733"}],"curies":[{"name":"wp","href":"https:\/\/api.w.org\/{rel}","templated":true}]}}