{"id":27723,"date":"2011-10-18T00:00:00","date_gmt":"2011-10-18T02:00:00","guid":{"rendered":"https:\/\/www.zecadirceu.com.br\/brasil-gera-mais-de-200-mil-empregos-em-setembro\/"},"modified":"2011-10-18T00:00:00","modified_gmt":"2011-10-18T02:00:00","slug":"brasil-gera-mais-de-200-mil-empregos-em-setembro","status":"publish","type":"post","link":"https:\/\/teste.bsb.br\/zeca\/brasil-gera-mais-de-200-mil-empregos-em-setembro\/","title":{"rendered":"Brasil gera mais de 200 mil empregos em setembro"},"content":{"rendered":"<p>&nbsp;O pa&iacute;s registrou a cria&ccedil;&atilde;o de 209.078 empregos formais em setembro, segundo dados do Cadastro Geral de Empregados e Desempregados (Caged), do Minist&eacute;rio do Trabalho. O resultado foi menor do que o do mesmo per&iacute;odo do ano passado, quando foram gerados 246.875 empregos.<\/p>\n<p class=\"MsoNormal\"><o:p><\/o:p><\/p>\n<p class=\"MsoNormal\">De acordo com o governo, em setembro, foram contratadas 1,76 milh&atilde;o de pessoas e demitidas 1,55 milh&atilde;o. Em agosto foram criados 190.446 postos de trabalho.<o:p><\/o:p><\/p>\n<p class=\"MsoNormal\">Com esse resultado, o pa&iacute;s criou mais de 331 mil empregos no terceiro trimestre de 2011. No acumulado do ano, o n&uacute;mero de postos de trabalho ficou em 2,07 milh&otilde;es.<o:p><\/o:p><\/p>\n<p class=\"MsoNormal\">Durante a divulga&ccedil;&atilde;o dos dados do Caged no m&ecirc;s passado, o ministro do Trabalho, Carlos Lupi, disse que o ano deve fechar com a cria&ccedil;&atilde;o de menos de 3 milh&otilde;es de empregos.<\/p>\n<p class=\"MsoNormal\">Em agosto, o Paran&aacute; cresceu 6,7%. Ou&ccedil;a na reportagem do deputado federal Zeca Dirceu.<\/p>\n<p class=\"MsoNormal\">&nbsp;<\/p>\n","protected":false},"excerpt":{"rendered":"<p>O pa\u00eds registrou a cria\u00e7\u00e3o de 209.078 empregos formais em setembro, segundo dados do Cadastro Geral de Empregados e Desempregados (Caged), do Minist\u00e9rio do Trabalho. O resultado foi menor do que o do mesmo per\u00edodo do ano passado, quando foram gerados 246.875 empregos.<br \/>\nEm agosto, o Paran\u00e1 cresceu 6,7%. Ou\u00e7a na reportagem do deputado federal Zeca Dirceu.<\/p>\n","protected":false},"author":1,"featured_media":27722,"comment_status":"open","ping_status":"open","sticky":false,"template":"","format":"standard","meta":{"footnotes":""},"categories":[1],"tags":[6529],"class_list":["post-27723","post","type-post","status-publish","format-standard","has-post-thumbnail","hentry","category-noticias-zeca-dirceu","tag-brasil-gera-mais-de-200-mil-empregos-em-setembro"],"_links":{"self":[{"href":"https:\/\/teste.bsb.br\/zeca\/wp-json\/wp\/v2\/posts\/27723","targetHints":{"allow":["GET"]}}],"collection":[{"href":"https:\/\/teste.bsb.br\/zeca\/wp-json\/wp\/v2\/posts"}],"about":[{"href":"https:\/\/teste.bsb.br\/zeca\/wp-json\/wp\/v2\/types\/post"}],"author":[{"embeddable":true,"href":"https:\/\/teste.bsb.br\/zeca\/wp-json\/wp\/v2\/users\/1"}],"replies":[{"embeddable":true,"href":"https:\/\/teste.bsb.br\/zeca\/wp-json\/wp\/v2\/comments?post=27723"}],"version-history":[{"count":0,"href":"https:\/\/teste.bsb.br\/zeca\/wp-json\/wp\/v2\/posts\/27723\/revisions"}],"wp:featuredmedia":[{"embeddable":true,"href":"https:\/\/teste.bsb.br\/zeca\/wp-json\/wp\/v2\/media\/27722"}],"wp:attachment":[{"href":"https:\/\/teste.bsb.br\/zeca\/wp-json\/wp\/v2\/media?parent=27723"}],"wp:term":[{"taxonomy":"category","embeddable":true,"href":"https:\/\/teste.bsb.br\/zeca\/wp-json\/wp\/v2\/categories?post=27723"},{"taxonomy":"post_tag","embeddable":true,"href":"https:\/\/teste.bsb.br\/zeca\/wp-json\/wp\/v2\/tags?post=27723"}],"curies":[{"name":"wp","href":"https:\/\/api.w.org\/{rel}","templated":true}]}}