{"id":27719,"date":"2011-10-18T00:00:00","date_gmt":"2011-10-18T02:00:00","guid":{"rendered":"https:\/\/www.zecadirceu.com.br\/enem-mobiliza-mais-de-5-milhoes-de-estudantes\/"},"modified":"2011-10-18T00:00:00","modified_gmt":"2011-10-18T02:00:00","slug":"enem-mobiliza-mais-de-5-milhoes-de-estudantes","status":"publish","type":"post","link":"https:\/\/teste.bsb.br\/zeca\/enem-mobiliza-mais-de-5-milhoes-de-estudantes\/","title":{"rendered":"Enem mobiliza mais de 5 milh\u00f5es de estudantes"},"content":{"rendered":"<p>&nbsp;<span class=\"Apple-style-span\" style=\"font-size: 10px; \"><span class=\"Apple-style-span\" style=\"color: rgb(40, 49, 48); font-family: Arial, Helvetica, sans-serif; font-size: 13px; line-height: 17px; \">Em 22 e 23 de outubro, o Exame Nacional do Ensino M&eacute;dio (Enem) ser&aacute; realizado em 1.599 munic&iacute;pios. O n&uacute;mero de participantes confirmados para esta edi&ccedil;&atilde;o &eacute; de 5.366.780. O Instituto Nacional de Estudos e Pesquisas Educacionais (Inep), do Minist&eacute;rio da Educa&ccedil;&atilde;o (MEC), respons&aacute;vel pelo Enem, prev&ecirc; que mais de 400 mil pessoas v&atilde;o trabalhar na avalia&ccedil;&atilde;o em todo o Pa&iacute;s.<br \/>\n<\/span><\/p>\n<p style=\"margin-top: 0px; margin-right: 0px; margin-bottom: 0px; margin-left: 0px; padding-top: 0px; padding-right: 0px; padding-bottom: 18px; padding-left: 0px; border-top-width: 0px; border-right-width: 0px; border-bottom-width: 0px; border-left-width: 0px; border-style: initial; border-color: initial; outline-width: 0px; outline-style: initial; outline-color: initial; vertical-align: baseline; background-image: initial; background-attachment: initial; background-origin: initial; background-clip: initial; background-color: transparent; font: normal normal normal 1.3em\/normal Arial, Helvetica, sans-serif; color: rgb(40, 49, 48); line-height: 17px; background-position: initial initial; background-repeat: initial initial; \">\nS&atilde;o 59 universidades federais que v&atilde;o usar, em alguma etapa do processo de sele&ccedil;&atilde;o, ou como parte da nota, a pontua&ccedil;&atilde;o no exame. As notas do Enem tamb&eacute;m ser&atilde;o usadas como &uacute;nica forma de sele&ccedil;&atilde;o por 48 institui&ccedil;&otilde;es de ensino superior que confirmaram a ades&atilde;o ao Sistema de Sele&ccedil;&atilde;o Unificada (Sisu). O Sisu &eacute; um sistema informatizado, sob ger&ecirc;ncia do MEC, que seleciona novos candidatos exclusivamente pela nota obtida no Enem.<\/p>\n<p style=\"margin-top: 0px; margin-right: 0px; margin-bottom: 0px; margin-left: 0px; padding-top: 0px; padding-right: 0px; padding-bottom: 18px; padding-left: 0px; border-top-width: 0px; border-right-width: 0px; border-bottom-width: 0px; border-left-width: 0px; border-style: initial; border-color: initial; outline-width: 0px; outline-style: initial; outline-color: initial; vertical-align: baseline; background-image: initial; background-attachment: initial; background-origin: initial; background-clip: initial; background-color: transparent; font: normal normal normal 1.3em\/normal Arial, Helvetica, sans-serif; color: rgb(40, 49, 48); line-height: 17px; background-position: initial initial; background-repeat: initial initial; \">Al&eacute;m de ser porta de entrada para institui&ccedil;&otilde;es de ensino do Pa&iacute;s, inclusive a maioria das universidades federais, o resultado do Enem pode ser usado como instrumento para certifica&ccedil;&atilde;o de conclus&atilde;o do ensino m&eacute;dio, e &eacute; pr&eacute;-requisito para solicita&ccedil;&atilde;o do Fundo de Financiamento ao Estudante do Ensino Superior (Fies) desde 29 de julho deste ano. Al&eacute;m disso, para concorrer a vagas do Programa Universidade Para Todos (ProUni) tamb&eacute;m &eacute; necess&aacute;rio bom desempenho no exame.<\/p>\n<p style=\"margin-top: 0px; margin-right: 0px; margin-bottom: 0px; margin-left: 0px; padding-top: 0px; padding-right: 0px; padding-bottom: 18px; padding-left: 0px; border-top-width: 0px; border-right-width: 0px; border-bottom-width: 0px; border-left-width: 0px; border-style: initial; border-color: initial; outline-width: 0px; outline-style: initial; outline-color: initial; vertical-align: baseline; background-image: initial; background-attachment: initial; background-origin: initial; background-clip: initial; background-color: transparent; font: normal normal normal 1.3em\/normal Arial, Helvetica, sans-serif; color: rgb(40, 49, 48); line-height: 17px; background-position: initial initial; background-repeat: initial initial; \"><strong class=\"first-child last-child\" style=\"margin-top: 0px; margin-right: 0px; margin-bottom: 0px; margin-left: 0px; padding-top: 0px; padding-right: 0px; padding-bottom: 0px; padding-left: 0px; border-top-width: 0px; border-right-width: 0px; border-bottom-width: 0px; border-left-width: 0px; border-style: initial; border-color: initial; outline-width: 0px; outline-style: initial; outline-color: initial; vertical-align: baseline; background-image: initial; background-attachment: initial; background-origin: initial; background-clip: initial; background-color: transparent; background-position: initial initial; background-repeat: initial initial; \">Temas&nbsp;<\/strong>&#8211; O primeiro dia de provas ser&aacute; dedicado aos temas Ci&ecirc;ncias Humanas e suas Tecnologias; e Ci&ecirc;ncias da Natureza e suas Tecnologias, e ter&aacute; dura&ccedil;&atilde;o de 4h30; no segundo dia os temas ser&atilde;o Linguagens, C&oacute;digos e suas Tecnologias, Reda&ccedil;&atilde;o e Matem&aacute;tica e suas Tecnologias, e a dura&ccedil;&atilde;o &eacute; de 5h30. As provas come&ccedil;ar&atilde;o &agrave;s 12h, conforme hor&aacute;rio de Bras&iacute;lia.<\/p>\n<p style=\"margin-top: 0px; margin-right: 0px; margin-bottom: 0px; margin-left: 0px; padding-top: 0px; padding-right: 0px; padding-bottom: 18px; padding-left: 0px; border-top-width: 0px; border-right-width: 0px; border-bottom-width: 0px; border-left-width: 0px; border-style: initial; border-color: initial; outline-width: 0px; outline-style: initial; outline-color: initial; vertical-align: baseline; background-image: initial; background-attachment: initial; background-origin: initial; background-clip: initial; background-color: transparent; font: normal normal normal 1.3em\/normal Arial, Helvetica, sans-serif; color: rgb(40, 49, 48); line-height: 17px; background-position: initial initial; background-repeat: initial initial; \"><strong class=\"first-child\" style=\"margin-top: 0px; margin-right: 0px; margin-bottom: 0px; margin-left: 0px; padding-top: 0px; padding-right: 0px; padding-bottom: 0px; padding-left: 0px; border-top-width: 0px; border-right-width: 0px; border-bottom-width: 0px; border-left-width: 0px; border-style: initial; border-color: initial; outline-width: 0px; outline-style: initial; outline-color: initial; vertical-align: baseline; background-image: initial; background-attachment: initial; background-origin: initial; background-clip: initial; background-color: transparent; background-position: initial initial; background-repeat: initial initial; \">Hotsite &#8211;<\/strong>&nbsp;Os candidatos podem solucionar d&uacute;vidas no hotsite do Enem<a class=\"external-link last-child\" href=\"http:\/\/www.enem.inep.gov.br\/\" target=\"_blank\" style=\"margin-top: 0px; margin-right: 0px; margin-bottom: 0px; margin-left: 0px; padding-top: 0px; padding-right: 12px; padding-bottom: 0px; padding-left: 0px; border-top-width: 0px; border-right-width: 0px; border-bottom-width: 0px; border-left-width: 0px; border-style: initial; border-color: initial; outline-width: 0px; outline-style: initial; outline-color: initial; vertical-align: baseline; background-image: url(http:\/\/www.secom.gov.br\/portal_css\/Secom\/bg\/linkExterno.gif); background-attachment: initial; background-origin: initial; background-clip: initial; background-color: initial; color: rgb(23, 67, 155); text-decoration: underline; background-position: 100% 50%; background-repeat: no-repeat no-repeat; \">(www.enem.inep.gov.br)<\/a>. Outro servi&ccedil;o dispon&iacute;vel &eacute; o acesso ao cart&atilde;o de confirma&ccedil;&atilde;o da inscri&ccedil;&atilde;o, que ser&aacute; fundamental para quem n&atilde;o tenha recebido pelos Correios. Os resultados individuais tamb&eacute;m ser&atilde;o publicados na p&aacute;gina do Enem na internet.&nbsp;<\/p>\n<p style=\"margin-top: 0px; margin-right: 0px; margin-bottom: 0px; margin-left: 0px; padding-top: 0px; padding-right: 0px; padding-bottom: 18px; padding-left: 0px; border-top-width: 0px; border-right-width: 0px; border-bottom-width: 0px; border-left-width: 0px; border-style: initial; border-color: initial; outline-width: 0px; outline-style: initial; outline-color: initial; vertical-align: baseline; background-image: initial; background-attachment: initial; background-origin: initial; background-clip: initial; background-color: transparent; font: normal normal normal 1.3em\/normal Arial, Helvetica, sans-serif; color: rgb(40, 49, 48); line-height: 17px; background-position: initial initial; background-repeat: initial initial; \">Ser&aacute; poss&iacute;vel consultar os gabaritos das provas objetivas at&eacute; o terceiro dia &uacute;til seguinte a 23 de outubro, quando ser&atilde;o realizadas as &uacute;ltimas provas. Os resultados de cada estudante estar&atilde;o dispon&iacute;veis na internet a partir de 4 de janeiro de 2012. Ser&aacute; necess&aacute;rio, para cada consulta individual, que o candidato saiba o n&uacute;mero de inscri&ccedil;&atilde;o e senha ou CPF e senha.<\/p>\n<p style=\"margin-top: 0px; margin-right: 0px; margin-bottom: 0px; margin-left: 0px; padding-top: 0px; padding-right: 0px; padding-bottom: 18px; padding-left: 0px; border-top-width: 0px; border-right-width: 0px; border-bottom-width: 0px; border-left-width: 0px; border-style: initial; border-color: initial; outline-width: 0px; outline-style: initial; outline-color: initial; vertical-align: baseline; background-image: initial; background-attachment: initial; background-origin: initial; background-clip: initial; background-color: transparent; font: normal normal normal 1.3em\/normal Arial, Helvetica, sans-serif; color: rgb(40, 49, 48); line-height: 17px; background-position: initial initial; background-repeat: initial initial; \"><strong class=\"first-child last-child\" style=\"margin-top: 0px; margin-right: 0px; margin-bottom: 0px; margin-left: 0px; padding-top: 0px; padding-right: 0px; padding-bottom: 0px; padding-left: 0px; border-top-width: 0px; border-right-width: 0px; border-bottom-width: 0px; border-left-width: 0px; border-style: initial; border-color: initial; outline-width: 0px; outline-style: initial; outline-color: initial; vertical-align: baseline; background-image: initial; background-attachment: initial; background-origin: initial; background-clip: initial; background-color: transparent; background-position: initial initial; background-repeat: initial initial; \">Exame ser&aacute; aplicado em pres&iacute;dios e unidades socioeducativas<\/strong><\/p>\n<p style=\"margin-top: 0px; margin-right: 0px; margin-bottom: 0px; margin-left: 0px; padding-top: 0px; padding-right: 0px; padding-bottom: 18px; padding-left: 0px; border-top-width: 0px; border-right-width: 0px; border-bottom-width: 0px; border-left-width: 0px; border-style: initial; border-color: initial; outline-width: 0px; outline-style: initial; outline-color: initial; vertical-align: baseline; background-image: initial; background-attachment: initial; background-origin: initial; background-clip: initial; background-color: transparent; font: normal normal normal 1.3em\/normal Arial, Helvetica, sans-serif; color: rgb(40, 49, 48); line-height: 17px; background-position: initial initial; background-repeat: initial initial; \">As pessoas que est&atilde;o em estabelecimentos prisionais ou unidades socioeducativas no Brasil tem mais tempo para se inscreverem no Enem. As inscri&ccedil;&otilde;es foram prorrogadas at&eacute; a pr&oacute;xima sexta-feira (21). Inicialmente, o per&iacute;odo de inscri&ccedil;&otilde;es &#8211; que come&ccedil;ou em 3 de outubro &#8211; se encerrava no dia 17.&nbsp;<\/p>\n<p style=\"margin-top: 0px; margin-right: 0px; margin-bottom: 0px; margin-left: 0px; padding-top: 0px; padding-right: 0px; padding-bottom: 18px; padding-left: 0px; border-top-width: 0px; border-right-width: 0px; border-bottom-width: 0px; border-left-width: 0px; border-style: initial; border-color: initial; outline-width: 0px; outline-style: initial; outline-color: initial; vertical-align: baseline; background-image: initial; background-attachment: initial; background-origin: initial; background-clip: initial; background-color: transparent; font: normal normal normal 1.3em\/normal Arial, Helvetica, sans-serif; color: rgb(40, 49, 48); line-height: 17px; background-position: initial initial; background-repeat: initial initial; \">O cadastro das pessoas privadas de liberdade e jovens sob medida socioeducativa precisam ser feitas pela<a class=\"external-link first-child last-child\" href=\"http:\/\/sistemasespeciais.inep.gov.br\/unidadesprisionais\" target=\"_blank\" style=\"margin-top: 0px; margin-right: 0px; margin-bottom: 0px; margin-left: 0px; padding-top: 0px; padding-right: 12px; padding-bottom: 0px; padding-left: 0px; border-top-width: 0px; border-right-width: 0px; border-bottom-width: 0px; border-left-width: 0px; border-style: initial; border-color: initial; outline-width: 0px; outline-style: initial; outline-color: initial; vertical-align: baseline; background-image: url(http:\/\/www.secom.gov.br\/portal_css\/Secom\/bg\/linkExterno.gif); background-attachment: initial; background-origin: initial; background-clip: initial; background-color: initial; color: rgb(23, 67, 155); text-decoration: underline; background-position: 100% 50%; background-repeat: no-repeat no-repeat; \">&nbsp;internet<\/a>, , da mesma forma que os outros candidatos, por&eacute;m o respons&aacute;vel pedag&oacute;gico &eacute; que far&aacute; a inscri&ccedil;&atilde;o. Este profissional tamb&eacute;m se responsabiliza pela leitura do edital, do acompanhamento de processo desde a inscri&ccedil;&atilde;o at&eacute; o acesso aos resultados.&nbsp;<\/p>\n<p style=\"margin-top: 0px; margin-right: 0px; margin-bottom: 0px; margin-left: 0px; padding-top: 0px; padding-right: 0px; padding-bottom: 18px; padding-left: 0px; border-top-width: 0px; border-right-width: 0px; border-bottom-width: 0px; border-left-width: 0px; border-style: initial; border-color: initial; outline-width: 0px; outline-style: initial; outline-color: initial; vertical-align: baseline; background-image: initial; background-attachment: initial; background-origin: initial; background-clip: initial; background-color: transparent; font: normal normal normal 1.3em\/normal Arial, Helvetica, sans-serif; color: rgb(40, 49, 48); line-height: 17px; background-position: initial initial; background-repeat: initial initial; \">O respons&aacute;vel pedag&oacute;gico precisa informar o n&uacute;mero da unidade prisional ou socioeducativa e o cadastro de pessoa f&iacute;sica (CPF) do candidato.<\/p>\n<p style=\"margin-top: 0px; margin-right: 0px; margin-bottom: 0px; margin-left: 0px; padding-top: 0px; padding-right: 0px; padding-bottom: 18px; padding-left: 0px; border-top-width: 0px; border-right-width: 0px; border-bottom-width: 0px; border-left-width: 0px; border-style: initial; border-color: initial; outline-width: 0px; outline-style: initial; outline-color: initial; vertical-align: baseline; background-image: initial; background-attachment: initial; background-origin: initial; background-clip: initial; background-color: transparent; font: normal normal normal 1.3em\/normal Arial, Helvetica, sans-serif; color: rgb(40, 49, 48); line-height: 17px; background-position: initial initial; background-repeat: initial initial; \">O exame acontece em 28 e 29 de novembro, em locais indicados por &oacute;rg&atilde;os de seguran&ccedil;a p&uacute;blica e justi&ccedil;a estaduais, que sejam unidades prisionais ou socioeducativas.&nbsp;<\/p>\n<p style=\"margin-top: 0px; margin-right: 0px; margin-bottom: 0px; margin-left: 0px; padding-top: 0px; padding-right: 0px; padding-bottom: 18px; padding-left: 0px; border-top-width: 0px; border-right-width: 0px; border-bottom-width: 0px; border-left-width: 0px; border-style: initial; border-color: initial; outline-width: 0px; outline-style: initial; outline-color: initial; vertical-align: baseline; background-image: initial; background-attachment: initial; background-origin: initial; background-clip: initial; background-color: transparent; font: normal normal normal 1.3em\/normal Arial, Helvetica, sans-serif; color: rgb(40, 49, 48); line-height: 17px; background-position: initial initial; background-repeat: initial initial; \"><strong class=\"first-child last-child\" style=\"margin-top: 0px; margin-right: 0px; margin-bottom: 0px; margin-left: 0px; padding-top: 0px; padding-right: 0px; padding-bottom: 0px; padding-left: 0px; border-top-width: 0px; border-right-width: 0px; border-bottom-width: 0px; border-left-width: 0px; border-style: initial; border-color: initial; outline-width: 0px; outline-style: initial; outline-color: initial; vertical-align: baseline; background-image: initial; background-attachment: initial; background-origin: initial; background-clip: initial; background-color: transparent; background-position: initial initial; background-repeat: initial initial; \">Resultados anteriores &#8211;&nbsp;<\/strong>O &uacute;ltimo Enem nas unidades prisionais e institui&ccedil;&otilde;es socioeducativas recebeu 14.473 inscri&ccedil;&otilde;es, com 70% de presen&ccedil;a.<\/p>\n<div style=\"margin-top: 0px; margin-right: 0px; margin-bottom: 0px; margin-left: 0px; padding-top: 0px; padding-right: 0px; padding-bottom: 0px; padding-left: 0px; border-top-width: 0px; border-right-width: 0px; border-bottom-width: 0px; border-left-width: 0px; border-style: initial; border-color: initial; outline-width: 0px; outline-style: initial; outline-color: initial; vertical-align: baseline; background-image: initial; background-attachment: initial; background-origin: initial; background-clip: initial; background-color: transparent; background-position: initial initial; background-repeat: initial initial; \">\n<div class=\"first-child last-child\" style=\"margin-top: 0px; margin-right: 0px; margin-bottom: 0px; margin-left: 0px; padding-top: 0px; padding-right: 0px; padding-bottom: 0px; padding-left: 0px; border-top-width: 0px; border-right-width: 0px; border-bottom-width: 0px; border-left-width: 0px; border-style: initial; border-color: initial; outline-width: 0px; outline-style: initial; outline-color: initial; vertical-align: baseline; background-image: initial; background-attachment: initial; background-origin: initial; background-clip: initial; background-color: transparent; background-position: initial initial; background-repeat: initial initial; \">Passo a passo do candidato est&aacute; dispon&iacute;vel em&nbsp;<a class=\"external-link first-child last-child\" href=\"http:\/\/www.enem.inep.gov.br\/\" target=\"_blank\" style=\"margin-top: 0px; margin-right: 0px; margin-bottom: 0px; margin-left: 0px; padding-top: 0px; padding-right: 12px; padding-bottom: 0px; padding-left: 0px; border-top-width: 0px; border-right-width: 0px; border-bottom-width: 0px; border-left-width: 0px; border-style: initial; border-color: initial; outline-width: 0px; outline-style: initial; outline-color: initial; vertical-align: baseline; background-image: url(http:\/\/www.secom.gov.br\/portal_css\/Secom\/bg\/linkExterno.gif); background-attachment: initial; background-origin: initial; background-clip: initial; background-color: initial; color: rgb(23, 67, 155); text-decoration: underline; background-position: 100% 50%; background-repeat: no-repeat no-repeat; \">www.enem.inep.gov.br<\/a><\/div>\n<\/div>\n<p><\/span><\/p>\n","protected":false},"excerpt":{"rendered":"<p>Em 22 e 23 de outubro, o Exame Nacional do Ensino M\u00e9dio (Enem) ser\u00e1 realizado em 1.599 munic\u00edpios. O n\u00famero de participantes confirmados para esta edi\u00e7\u00e3o \u00e9 de 5.366.780. O Instituto Nacional de Estudos e Pesquisas Educacionais (Inep), do Minist\u00e9rio da Educa\u00e7\u00e3o (MEC), respons\u00e1vel pelo Enem, prev\u00ea que mais de 400 mil pessoas v\u00e3o trabalhar na avalia\u00e7\u00e3o em todo o Pa\u00eds.<\/p>\n","protected":false},"author":1,"featured_media":27718,"comment_status":"open","ping_status":"open","sticky":false,"template":"","format":"standard","meta":{"footnotes":""},"categories":[1],"tags":[6527],"class_list":["post-27719","post","type-post","status-publish","format-standard","has-post-thumbnail","hentry","category-noticias-zeca-dirceu","tag-enem-mobiliza-mais-de-5-milhoes-de-estudantes"],"_links":{"self":[{"href":"https:\/\/teste.bsb.br\/zeca\/wp-json\/wp\/v2\/posts\/27719","targetHints":{"allow":["GET"]}}],"collection":[{"href":"https:\/\/teste.bsb.br\/zeca\/wp-json\/wp\/v2\/posts"}],"about":[{"href":"https:\/\/teste.bsb.br\/zeca\/wp-json\/wp\/v2\/types\/post"}],"author":[{"embeddable":true,"href":"https:\/\/teste.bsb.br\/zeca\/wp-json\/wp\/v2\/users\/1"}],"replies":[{"embeddable":true,"href":"https:\/\/teste.bsb.br\/zeca\/wp-json\/wp\/v2\/comments?post=27719"}],"version-history":[{"count":0,"href":"https:\/\/teste.bsb.br\/zeca\/wp-json\/wp\/v2\/posts\/27719\/revisions"}],"wp:featuredmedia":[{"embeddable":true,"href":"https:\/\/teste.bsb.br\/zeca\/wp-json\/wp\/v2\/media\/27718"}],"wp:attachment":[{"href":"https:\/\/teste.bsb.br\/zeca\/wp-json\/wp\/v2\/media?parent=27719"}],"wp:term":[{"taxonomy":"category","embeddable":true,"href":"https:\/\/teste.bsb.br\/zeca\/wp-json\/wp\/v2\/categories?post=27719"},{"taxonomy":"post_tag","embeddable":true,"href":"https:\/\/teste.bsb.br\/zeca\/wp-json\/wp\/v2\/tags?post=27719"}],"curies":[{"name":"wp","href":"https:\/\/api.w.org\/{rel}","templated":true}]}}