{"id":27715,"date":"2011-10-18T00:00:00","date_gmt":"2011-10-18T02:00:00","guid":{"rendered":"https:\/\/www.zecadirceu.com.br\/pais-deve-economizar-pelo-menos-r-75-milhoes-com-horario-de-verao-preve-ons\/"},"modified":"2011-10-18T00:00:00","modified_gmt":"2011-10-18T02:00:00","slug":"pais-deve-economizar-pelo-menos-r-75-milhoes-com-horario-de-verao-preve-ons","status":"publish","type":"post","link":"https:\/\/teste.bsb.br\/zeca\/pais-deve-economizar-pelo-menos-r-75-milhoes-com-horario-de-verao-preve-ons\/","title":{"rendered":"Pa\u00eds deve economizar pelo menos R$ 75 milh\u00f5es com hor\u00e1rio de ver\u00e3o, prev\u00ea ONS"},"content":{"rendered":"<p>&nbsp;Os moradores das regi&otilde;es Sul, Sudeste e Centro-Oeste, da Bahia e do Distrito Federal adiantaram os rel&oacute;gios em uma hora em rela&ccedil;&atilde;o ao hor&aacute;rio oficial para se adaptar ao hor&aacute;rio de ver&atilde;o. A previs&atilde;o do governo federal &eacute; reduzir entre 4,5% e 5% a demanda por energia no per&iacute;odo de pico do consumo, entre as 18h e &agrave;s 21h, durante o hor&aacute;rio de ver&atilde;o, que come&ccedil;ou no domingo (16) e termina em 26 de fevereiro de 2012. O Operador Nacional do Sistema El&eacute;trico (ONS) prev&ecirc; uma economia entre R$ 75 milh&otilde;es e R$ 100 milh&otilde;es para o Pa&iacute;s durante o per&iacute;odo.<\/p>\n<p class=\"MsoNormal\"><o:p><\/o:p><\/p>\n<p class=\"MsoNormal\">O hor&aacute;rio de ver&atilde;o &eacute; adotado sempre nesta &eacute;poca do ano para aproveitar melhor a luminosidade natural do dia e reduzir o consumo de energia, que cresce naturalmente por causa do calor e do aumento da produ&ccedil;&atilde;o industrial &agrave;s v&eacute;speras do Natal. Com o hor&aacute;rio de ver&atilde;o, &eacute; poss&iacute;vel reduzir a demanda por energia no per&iacute;odo de suprimento mais cr&iacute;tico do dia, entre as 18h e &agrave;s 21h, quando a coincid&ecirc;ncia da utiliza&ccedil;&atilde;o de energia el&eacute;trica por toda a popula&ccedil;&atilde;o provoca um pico de consumo.<o:p><\/o:p><\/p>\n<p class=\"MsoNormal\">Ampliar<o:p><\/o:p><\/p>\n<p class=\"MsoNormal\">Hor&aacute;rio de ver&atilde;o vai se estender at&eacute; 26 de fevereiro de 2012, totalizando 133 dias Com os rel&oacute;gios adiantados em uma hora, &eacute; poss&iacute;vel aproveitar melhor a luz natural, o que resulta em uma redu&ccedil;&atilde;o m&eacute;dia de 4% a 5% na demanda nesse hor&aacute;rio e poupa o Pa&iacute;s de sofrer as consequ&ecirc;ncias da sobrecarga na rede durante a esta&ccedil;&atilde;o mais quente do ano, quando tamb&eacute;m aumenta o uso de eletricidade para refrigera&ccedil;&atilde;o, ar condicionado e ventila&ccedil;&atilde;o.<o:p><\/o:p><\/p>\n<p class=\"MsoNormal\">A redu&ccedil;&atilde;o total de consumo deve ficar em torno de 0,5%, de acordo com o Minist&eacute;rio de Minas e Energia. A redu&ccedil;&atilde;o entre 4,5% e 5% da demanda por energia no hor&aacute;rio de pico, estimada pelo governo para este hor&aacute;rio de ver&atilde;o, &eacute; semelhante &agrave; que foi registrado no ano passado (4,4%)<o:p><\/o:p><\/p>\n<p class=\"MsoNormal\">De acordo com o secret&aacute;rio de Energia El&eacute;trica do Minist&eacute;rio de Minas e Energia, Ildo Gr&uuml;dtner, a ado&ccedil;&atilde;o do hor&aacute;rio de ver&atilde;o resulta em ganhos para a sociedade, pois evita investimentos na expans&atilde;o do sistema de energia para atender &agrave; demanda no hor&aacute;rio de pico. &ldquo;Se n&atilde;o s&atilde;o feitos investimentos, o consumidor n&atilde;o tem aumento de tarifa&rdquo;. Outro benef&iacute;cio &eacute; a seguran&ccedil;a do sistema, que passa a operar mais aliviado.<o:p><\/o:p><\/p>\n<p class=\"MsoNormal\">O hor&aacute;rio de ver&atilde;o vai terminar uma semana mais tarde no ano que vem, porque a data prevista para o fim do novo hor&aacute;rio, que seria no terceiro domingo de fevereiro, vai coincidir com o feriado de carnaval. De acordo com o decreto que instituiu o hor&aacute;rio de ver&atilde;o, quando h&aacute; coincid&ecirc;ncia entre o dia previsto para o t&eacute;rmino da hora de ver&atilde;o e o domingo de carnaval, o encerramento deve ser no domingo seguinte, que cair&aacute; no dia 26 de fevereiro. O objetivo &eacute; evitar que, em meio a um feriado, a popula&ccedil;&atilde;o acabe se esquecendo de ajustar os rel&oacute;gios.<o:p><\/o:p><\/p>\n<p class=\"MsoNormal\">Este ano, o hor&aacute;rio de ver&atilde;o tamb&eacute;m ser&aacute; adotado na Bahia, a pedido do governo do estado. Al&eacute;m da Bahia, o novo hor&aacute;rio valer&aacute; para os estados do Rio Grande do Sul, de Santa Catarina, do Paran&aacute;, de S&atilde;o Paulo, do Rio de Janeiro, Esp&iacute;rito Santo, de Minas Gerais, Goi&aacute;s, Mato Grosso e Mato Grosso do Sul, al&eacute;m do Distrito Federal.<o:p><\/o:p><\/p>\n<p class=\"MsoNormal\">No Brasil, o hor&aacute;rio de ver&atilde;o foi institu&iacute;do pela primeira vez no ver&atilde;o de 1931\/1932 pelo ent&atilde;o presidente Get&uacute;lio Vargas e foi implantado at&eacute; 1967, mas de forma espor&aacute;dica. A medida foi suspensa por 18 anos e voltou a vigorar no ver&atilde;o de 1985\/86, como parte do racionamento ocorrido na &eacute;poca por falta de &aacute;gua nos reservat&oacute;rios das hidrel&eacute;tricas. Desde ent&atilde;o, o hor&aacute;rio de ver&atilde;o passou a ocorrer todos os anos e atualmente v&aacute;rios pa&iacute;ses fazem mudan&ccedil;a no hor&aacute;rio convencional para aproveitar melhor a luminosidade do ver&atilde;o.<o:p><\/o:p><\/p>\n<p class=\"MsoNormal\"><o:p>&nbsp;<\/o:p><\/p>\n<p class=\"MsoNormal\">Fonte: Ag&ecirc;ncia Brasil<\/p>\n","protected":false},"excerpt":{"rendered":"<p>Os moradores das regi\u00f5es Sul, Sudeste e Centro-Oeste, da Bahia e do Distrito Federal adiantaram os rel\u00f3gios em uma hora em rela\u00e7\u00e3o ao hor\u00e1rio oficial para se adaptar ao hor\u00e1rio de ver\u00e3o. A previs\u00e3o do governo federal \u00e9 reduzir entre 4,5% e 5% a demanda por energia no per\u00edodo de pico do consumo, entre as 18h e \u00e0s 21h, durante o hor\u00e1rio de ver\u00e3o, que come\u00e7ou no domingo (16) e termina em 26 de fevereiro de 2012. O Operador Nacional do Sistema El\u00e9trico (ONS) prev\u00ea uma economia entre R$ 75 milh\u00f5es e R$ 100 milh\u00f5es para o Pa\u00eds durante o per\u00edodo.<\/p>\n","protected":false},"author":1,"featured_media":27714,"comment_status":"open","ping_status":"open","sticky":false,"template":"","format":"standard","meta":{"footnotes":""},"categories":[1],"tags":[6524,6525],"class_list":["post-27715","post","type-post","status-publish","format-standard","has-post-thumbnail","hentry","category-noticias-zeca-dirceu","tag-pais-deve-economizar-pelo-menos-r-75-milhoes-com-horario-de-verao","tag-preve-ons"],"_links":{"self":[{"href":"https:\/\/teste.bsb.br\/zeca\/wp-json\/wp\/v2\/posts\/27715","targetHints":{"allow":["GET"]}}],"collection":[{"href":"https:\/\/teste.bsb.br\/zeca\/wp-json\/wp\/v2\/posts"}],"about":[{"href":"https:\/\/teste.bsb.br\/zeca\/wp-json\/wp\/v2\/types\/post"}],"author":[{"embeddable":true,"href":"https:\/\/teste.bsb.br\/zeca\/wp-json\/wp\/v2\/users\/1"}],"replies":[{"embeddable":true,"href":"https:\/\/teste.bsb.br\/zeca\/wp-json\/wp\/v2\/comments?post=27715"}],"version-history":[{"count":0,"href":"https:\/\/teste.bsb.br\/zeca\/wp-json\/wp\/v2\/posts\/27715\/revisions"}],"wp:featuredmedia":[{"embeddable":true,"href":"https:\/\/teste.bsb.br\/zeca\/wp-json\/wp\/v2\/media\/27714"}],"wp:attachment":[{"href":"https:\/\/teste.bsb.br\/zeca\/wp-json\/wp\/v2\/media?parent=27715"}],"wp:term":[{"taxonomy":"category","embeddable":true,"href":"https:\/\/teste.bsb.br\/zeca\/wp-json\/wp\/v2\/categories?post=27715"},{"taxonomy":"post_tag","embeddable":true,"href":"https:\/\/teste.bsb.br\/zeca\/wp-json\/wp\/v2\/tags?post=27715"}],"curies":[{"name":"wp","href":"https:\/\/api.w.org\/{rel}","templated":true}]}}