{"id":27709,"date":"2011-10-19T00:00:00","date_gmt":"2011-10-19T02:00:00","guid":{"rendered":"https:\/\/www.zecadirceu.com.br\/brasil-gera-2-milhoes-de-empregos-formais-em-2011\/"},"modified":"2011-10-19T00:00:00","modified_gmt":"2011-10-19T02:00:00","slug":"brasil-gera-2-milhoes-de-empregos-formais-em-2011","status":"publish","type":"post","link":"https:\/\/teste.bsb.br\/zeca\/brasil-gera-2-milhoes-de-empregos-formais-em-2011\/","title":{"rendered":"Brasil gera 2 milh\u00f5es de empregos formais em 2011"},"content":{"rendered":"<p>&nbsp;<span class=\"Apple-style-span\" style=\"font-size: 10px; \"><span class=\"Apple-style-span\" style=\"color: rgb(40, 49, 48); font-family: Arial, Helvetica, sans-serif; font-size: 13px; line-height: 17px; \">O Brasil gerou 2.079.188 nos primeiros nove meses deste ano &#8211; o que significa um acr&eacute;scimo de 5,78% aos 35.942.910 registrados em dezembro de 2010. O saldo do<a class=\"external-link first-child last-child\" href=\"http:\/\/portal.mte.gov.br\/caged_mensal\/principal.htm#3\" target=\"_blank\" style=\"margin-top: 0px; margin-right: 0px; margin-bottom: 0px; margin-left: 0px; padding-top: 0px; padding-right: 12px; padding-bottom: 0px; padding-left: 0px; border-top-width: 0px; border-right-width: 0px; border-bottom-width: 0px; border-left-width: 0px; border-style: initial; border-color: initial; outline-width: 0px; outline-style: initial; outline-color: initial; vertical-align: baseline; background-image: url(http:\/\/www.secom.gov.br\/portal_css\/Secom\/bg\/linkExterno.gif); background-attachment: initial; background-origin: initial; background-clip: initial; background-color: initial; color: rgb(23, 67, 155); text-decoration: underline; background-position: 100% 50%; background-repeat: no-repeat no-repeat; \">Cadastro Geral de Empregados e Desempregados (Caged)<\/a>&nbsp;em setembro mostra a gera&ccedil;&atilde;o de 209.078 novas vagas, de acordo com dados divulgados nesta ter&ccedil;a-feira (18), pelo Minist&eacute;rio do Trabalho e Emprego. O n&uacute;mero de admiss&otilde;es foi de 1.763.026 e o de desligamentos foi de 1.553.948, ambos os maiores para setembro na s&eacute;rie hist&oacute;rica iniciada em 2002.<br \/>\n<\/span><\/p>\n<p style=\"margin-top: 0px; margin-right: 0px; margin-bottom: 0px; margin-left: 0px; padding-top: 0px; padding-right: 0px; padding-bottom: 18px; padding-left: 0px; border-top-width: 0px; border-right-width: 0px; border-bottom-width: 0px; border-left-width: 0px; border-style: initial; border-color: initial; outline-width: 0px; outline-style: initial; outline-color: initial; vertical-align: baseline; background-image: initial; background-attachment: initial; background-origin: initial; background-clip: initial; background-color: transparent; font: normal normal normal 1.3em\/normal Arial, Helvetica, sans-serif; color: rgb(40, 49, 48); line-height: 17px; background-position: initial initial; background-repeat: initial initial; \">\nDesde janeiro de 2003 foram criados 17.463.630 empregos com carteira assinada no Brasil. A formaliza&ccedil;&atilde;o do mercado de trabalho &eacute; uma tend&ecirc;ncia observada desde 2003, de acordo com os dados da Pesquisa Mensal de Emprego do Instituto Brasileiro de Geografia e Estat&iacute;stica (PME-IBGE) e do Caged, analisados regularmente pelo Instituto de Pesquisa Econ&ocirc;mica Aplicada (Ipea). &ldquo;Como j&aacute; destacado nos boletins anteriores, &eacute; poss&iacute;vel notar que a informalidade vem caindo cont&iacute;nua e significativamente&rdquo;, informa a mais recente edi&ccedil;&atilde;o do estudo do Ipea, publicado em agosto (<a class=\"external-link first-child last-child\" href=\"http:\/\/www.ipea.gov.br\/082\/08201002.jsp?ttCD_CHAVE=3468\" target=\"_blank\" style=\"margin-top: 0px; margin-right: 0px; margin-bottom: 0px; margin-left: 0px; padding-top: 0px; padding-right: 12px; padding-bottom: 0px; padding-left: 0px; border-top-width: 0px; border-right-width: 0px; border-bottom-width: 0px; border-left-width: 0px; border-style: initial; border-color: initial; outline-width: 0px; outline-style: initial; outline-color: initial; vertical-align: baseline; background-image: url(http:\/\/www.secom.gov.br\/portal_css\/Secom\/bg\/linkExterno.gif); background-attachment: initial; background-origin: initial; background-clip: initial; background-color: initial; color: rgb(23, 67, 155); text-decoration: underline; background-position: 100% 50%; background-repeat: no-repeat no-repeat; \">Boletim Mercado de Trabalho &#8211; Conjuntura e An&aacute;lise 48&nbsp;<\/a>&ndash;). No primeiro semestre deste ano, o grau de informalidade era de 35,6% &#8211; menor do que os 37,2% do mesmo per&iacute;odo de 2010 e que os 39,2% dos primeiros seis meses de 2008.<\/p>\n<p style=\"margin-top: 0px; margin-right: 0px; margin-bottom: 0px; margin-left: 0px; padding-top: 0px; padding-right: 0px; padding-bottom: 18px; padding-left: 0px; border-top-width: 0px; border-right-width: 0px; border-bottom-width: 0px; border-left-width: 0px; border-style: initial; border-color: initial; outline-width: 0px; outline-style: initial; outline-color: initial; vertical-align: baseline; background-image: initial; background-attachment: initial; background-origin: initial; background-clip: initial; background-color: transparent; font: normal normal normal 1.3em\/normal Arial, Helvetica, sans-serif; color: rgb(40, 49, 48); line-height: 17px; background-position: initial initial; background-repeat: initial initial; \"><strong class=\"first-child last-child\" style=\"margin-top: 0px; margin-right: 0px; margin-bottom: 0px; margin-left: 0px; padding-top: 0px; padding-right: 0px; padding-bottom: 0px; padding-left: 0px; border-top-width: 0px; border-right-width: 0px; border-bottom-width: 0px; border-left-width: 0px; border-style: initial; border-color: initial; outline-width: 0px; outline-style: initial; outline-color: initial; vertical-align: baseline; background-image: initial; background-attachment: initial; background-origin: initial; background-clip: initial; background-color: transparent; background-position: initial initial; background-repeat: initial initial; \">Setores &#8211;<\/strong>&nbsp;Apesar de o resultado total do Caged ter mantido a trajet&oacute;ria de crescimento dos &uacute;ltimos anos, a ind&uacute;stria de transforma&ccedil;&atilde;o sinalizou um menor dinamismo, quando comparado com os resultados m&eacute;dios obtidos de 2003 a 2010. J&aacute; o setor Servi&ccedil;os obteve um desempenho bem acima da m&eacute;dia para o per&iacute;odo. &ldquo;Tivemos uma queda na gera&ccedil;&atilde;o de empregos na ind&uacute;stria por conta da concorr&ecirc;ncia dos produtos importados&rdquo;, afirma o ministro do Trabalho, Carlos Lupi.&nbsp;<\/p>\n<p style=\"margin-top: 0px; margin-right: 0px; margin-bottom: 0px; margin-left: 0px; padding-top: 0px; padding-right: 0px; padding-bottom: 18px; padding-left: 0px; border-top-width: 0px; border-right-width: 0px; border-bottom-width: 0px; border-left-width: 0px; border-style: initial; border-color: initial; outline-width: 0px; outline-style: initial; outline-color: initial; vertical-align: baseline; background-image: initial; background-attachment: initial; background-origin: initial; background-clip: initial; background-color: transparent; font: normal normal normal 1.3em\/normal Arial, Helvetica, sans-serif; color: rgb(40, 49, 48); line-height: 17px; background-position: initial initial; background-repeat: initial initial; \">O aumento do emprego, em setembro, decorreu do desempenho positivo em sete dos oito setores de atividade: Servi&ccedil;os (91.774 vagas, o terceiro melhor resultado para o m&ecirc;s), Ind&uacute;stria de Transforma&ccedil;&atilde;o (66.269), Com&eacute;rcio (42.373), Constru&ccedil;&atilde;o Civil (24.977), Extrativa Mineral (1.831), Administra&ccedil;&atilde;o P&uacute;blica (1.714) e Servi&ccedil;os Industriais de Utilidade P&uacute;blica (1.014).&nbsp;<\/p>\n<p style=\"margin-top: 0px; margin-right: 0px; margin-bottom: 0px; margin-left: 0px; padding-top: 0px; padding-right: 0px; padding-bottom: 18px; padding-left: 0px; border-top-width: 0px; border-right-width: 0px; border-bottom-width: 0px; border-left-width: 0px; border-style: initial; border-color: initial; outline-width: 0px; outline-style: initial; outline-color: initial; vertical-align: baseline; background-image: initial; background-attachment: initial; background-origin: initial; background-clip: initial; background-color: transparent; font: normal normal normal 1.3em\/normal Arial, Helvetica, sans-serif; color: rgb(40, 49, 48); line-height: 17px; background-position: initial initial; background-repeat: initial initial; \"><strong class=\"first-child last-child\" style=\"margin-top: 0px; margin-right: 0px; margin-bottom: 0px; margin-left: 0px; padding-top: 0px; padding-right: 0px; padding-bottom: 0px; padding-left: 0px; border-top-width: 0px; border-right-width: 0px; border-bottom-width: 0px; border-left-width: 0px; border-style: initial; border-color: initial; outline-width: 0px; outline-style: initial; outline-color: initial; vertical-align: baseline; background-image: initial; background-attachment: initial; background-origin: initial; background-clip: initial; background-color: transparent; background-position: initial initial; background-repeat: initial initial; \">Regi&otilde;es &#8211;&nbsp;<\/strong>As informa&ccedil;&otilde;es mostram, ainda, que houve desempenho recorde em cinco estados: Rio de Janeiro (23.903), Sergipe (4.649), Tocantins (1.154), Amap&aacute; (952) e Roraima (748). Entre as regi&otilde;es brasileiras, a Nordeste foi a que registrou o melhor desempenho em setembro, com 89.424 novas vagas geradas. Logo depois est&atilde;o Sudeste, com 67.107 empregos; Sul, com 29.958; Norte, com 12.377 (o segundo melhor desempenho para o per&iacute;odo); e Centro-Oeste, com 10.212.<\/p>\n<p style=\"margin-top: 0px; margin-right: 0px; margin-bottom: 0px; margin-left: 0px; padding-top: 0px; padding-right: 0px; padding-bottom: 18px; padding-left: 0px; border-top-width: 0px; border-right-width: 0px; border-bottom-width: 0px; border-left-width: 0px; border-style: initial; border-color: initial; outline-width: 0px; outline-style: initial; outline-color: initial; vertical-align: baseline; background-image: initial; background-attachment: initial; background-origin: initial; background-clip: initial; background-color: transparent; font: normal normal normal 1.3em\/normal Arial, Helvetica, sans-serif; color: rgb(40, 49, 48); line-height: 17px; background-position: initial initial; background-repeat: initial initial; \"><strong class=\"first-child last-child\" style=\"margin-top: 0px; margin-right: 0px; margin-bottom: 0px; margin-left: 0px; padding-top: 0px; padding-right: 0px; padding-bottom: 0px; padding-left: 0px; border-top-width: 0px; border-right-width: 0px; border-bottom-width: 0px; border-left-width: 0px; border-style: initial; border-color: initial; outline-width: 0px; outline-style: initial; outline-color: initial; vertical-align: baseline; background-image: initial; background-attachment: initial; background-origin: initial; background-clip: initial; background-color: transparent; background-position: initial initial; background-repeat: initial initial; \">Sal&aacute;rios dos admitidos tiveram aumento real de 6,16%<\/strong><\/p>\n<p style=\"margin-top: 0px; margin-right: 0px; margin-bottom: 0px; margin-left: 0px; padding-top: 0px; padding-right: 0px; padding-bottom: 18px; padding-left: 0px; border-top-width: 0px; border-right-width: 0px; border-bottom-width: 0px; border-left-width: 0px; border-style: initial; border-color: initial; outline-width: 0px; outline-style: initial; outline-color: initial; vertical-align: baseline; background-image: initial; background-attachment: initial; background-origin: initial; background-clip: initial; background-color: transparent; font: normal normal normal 1.3em\/normal Arial, Helvetica, sans-serif; color: rgb(40, 49, 48); line-height: 17px; background-position: initial initial; background-repeat: initial initial; \">Nos primeiros seis meses de 2011, os sal&aacute;rios m&eacute;dios de admiss&atilde;o revelaram um aumento real de 6,16% em rela&ccedil;&atilde;o ao mesmo per&iacute;odo de 2010, passando de R$ 885,36 em 2010, para R$ 939,90 em 2011.&nbsp;<\/p>\n<p style=\"margin-top: 0px; margin-right: 0px; margin-bottom: 0px; margin-left: 0px; padding-top: 0px; padding-right: 0px; padding-bottom: 18px; padding-left: 0px; border-top-width: 0px; border-right-width: 0px; border-bottom-width: 0px; border-left-width: 0px; border-style: initial; border-color: initial; outline-width: 0px; outline-style: initial; outline-color: initial; vertical-align: baseline; background-image: initial; background-attachment: initial; background-origin: initial; background-clip: initial; background-color: transparent; font: normal normal normal 1.3em\/normal Arial, Helvetica, sans-serif; color: rgb(40, 49, 48); line-height: 17px; background-position: initial initial; background-repeat: initial initial; \">No recorte por g&ecirc;nero, o aumento real do sal&aacute;rio m&eacute;dio obtido pelos homens foi de 7,28%, frente ao aumento de 4,39% para as mulheres. Em consequ&ecirc;ncia, a rela&ccedil;&atilde;o entre o sal&aacute;rio real m&eacute;dio feminino versus masculino reduziu de 87,64% em 2010 para 85,28% em 2011, indicando um aumento da diferen&ccedil;a dos sal&aacute;rios auferidos pelas mulheres frente aos percebidos pelos homens.<\/p>\n<p style=\"margin-top: 0px; margin-right: 0px; margin-bottom: 0px; margin-left: 0px; padding-top: 0px; padding-right: 0px; padding-bottom: 18px; padding-left: 0px; border-top-width: 0px; border-right-width: 0px; border-bottom-width: 0px; border-left-width: 0px; border-style: initial; border-color: initial; outline-width: 0px; outline-style: initial; outline-color: initial; vertical-align: baseline; background-image: initial; background-attachment: initial; background-origin: initial; background-clip: initial; background-color: transparent; font: normal normal normal 1.3em\/normal Arial, Helvetica, sans-serif; color: rgb(40, 49, 48); line-height: 17px; background-position: initial initial; background-repeat: initial initial; \">&nbsp;Secom<\/p>\n<p><\/span><\/p>\n","protected":false},"excerpt":{"rendered":"<p>O Brasil gerou 2.079.188 nos primeiros nove meses deste ano &#8211; o que significa um acr\u00e9scimo de 5,78% aos 35.942.910 registrados em dezembro de 2010. O saldo doCadastro Geral de Empregados e Desempregados (Caged) em setembro mostra a gera\u00e7\u00e3o de 209.078 novas vagas, de acordo com dados divulgados nesta ter\u00e7a-feira (18), pelo Minist\u00e9rio do Trabalho e Emprego. O n\u00famero de admiss\u00f5es foi de 1.763.026 e o de desligamentos foi de 1.553.948, ambos os maiores para setembro na s\u00e9rie hist\u00f3rica iniciada em 2002.<\/p>\n","protected":false},"author":1,"featured_media":27708,"comment_status":"open","ping_status":"open","sticky":false,"template":"","format":"standard","meta":{"footnotes":""},"categories":[1],"tags":[6521],"class_list":["post-27709","post","type-post","status-publish","format-standard","has-post-thumbnail","hentry","category-noticias-zeca-dirceu","tag-brasil-gera-2-milhoes-de-empregos-formais-em-2011"],"_links":{"self":[{"href":"https:\/\/teste.bsb.br\/zeca\/wp-json\/wp\/v2\/posts\/27709","targetHints":{"allow":["GET"]}}],"collection":[{"href":"https:\/\/teste.bsb.br\/zeca\/wp-json\/wp\/v2\/posts"}],"about":[{"href":"https:\/\/teste.bsb.br\/zeca\/wp-json\/wp\/v2\/types\/post"}],"author":[{"embeddable":true,"href":"https:\/\/teste.bsb.br\/zeca\/wp-json\/wp\/v2\/users\/1"}],"replies":[{"embeddable":true,"href":"https:\/\/teste.bsb.br\/zeca\/wp-json\/wp\/v2\/comments?post=27709"}],"version-history":[{"count":0,"href":"https:\/\/teste.bsb.br\/zeca\/wp-json\/wp\/v2\/posts\/27709\/revisions"}],"wp:featuredmedia":[{"embeddable":true,"href":"https:\/\/teste.bsb.br\/zeca\/wp-json\/wp\/v2\/media\/27708"}],"wp:attachment":[{"href":"https:\/\/teste.bsb.br\/zeca\/wp-json\/wp\/v2\/media?parent=27709"}],"wp:term":[{"taxonomy":"category","embeddable":true,"href":"https:\/\/teste.bsb.br\/zeca\/wp-json\/wp\/v2\/categories?post=27709"},{"taxonomy":"post_tag","embeddable":true,"href":"https:\/\/teste.bsb.br\/zeca\/wp-json\/wp\/v2\/tags?post=27709"}],"curies":[{"name":"wp","href":"https:\/\/api.w.org\/{rel}","templated":true}]}}