{"id":27707,"date":"2011-10-19T00:00:00","date_gmt":"2011-10-19T02:00:00","guid":{"rendered":"https:\/\/www.zecadirceu.com.br\/segunda-etapa-da-vacinacao-contra-aftosa-comeca-por-estados-do-norte\/"},"modified":"2011-10-19T00:00:00","modified_gmt":"2011-10-19T02:00:00","slug":"segunda-etapa-da-vacinacao-contra-aftosa-comeca-por-estados-do-norte","status":"publish","type":"post","link":"https:\/\/teste.bsb.br\/zeca\/segunda-etapa-da-vacinacao-contra-aftosa-comeca-por-estados-do-norte\/","title":{"rendered":"Segunda etapa da vacina\u00e7\u00e3o contra aftosa come\u00e7a por estados do Norte"},"content":{"rendered":"<p>&nbsp;<span class=\"Apple-style-span\" style=\"font-size: 10px; \"><span class=\"Apple-style-span\" style=\"color: rgb(40, 49, 48); font-family: Arial, Helvetica, sans-serif; font-size: 13px; line-height: 17px; \">A segunda etapa da campanha nacional de vacina&ccedil;&atilde;o do rebanho brasileiro contra a febre aftosa j&aacute; come&ccedil;ou em Roraima, Rond&ocirc;nia e Amap&aacute;. Os tr&ecirc;s estados da regi&atilde;o Norte totalizam 12,8 milh&otilde;es de b&uacute;falos e bovinos que devem receber a vacina. A campanha &eacute; promovida pelo Minist&eacute;rio da Agricultura, Pecu&aacute;ria e Abastecimento (Mapa), numa a&ccedil;&atilde;o do&nbsp;<a class=\"external-link first-child last-child\" href=\"http:\/\/www.agricultura.gov.br\/febreaftosa\" target=\"_blank\" style=\"margin-top: 0px; margin-right: 0px; margin-bottom: 0px; margin-left: 0px; padding-top: 0px; padding-right: 12px; padding-bottom: 0px; padding-left: 0px; border-top-width: 0px; border-right-width: 0px; border-bottom-width: 0px; border-left-width: 0px; border-style: initial; border-color: initial; outline-width: 0px; outline-style: initial; outline-color: initial; vertical-align: baseline; background-image: url(http:\/\/www.secom.gov.br\/portal_css\/Secom\/bg\/linkExterno.gif); background-attachment: initial; background-origin: initial; background-clip: initial; background-color: initial; color: rgb(23, 67, 155); text-decoration: underline; background-position: 100% 50%; background-repeat: no-repeat no-repeat; \">Programa Nacional de Erradica&ccedil;&atilde;o e Preven&ccedil;&atilde;o da Febre Aftosa (Pnefa)<\/a>.&nbsp;<\/span><\/p>\n<p style=\"margin-top: 0px; margin-right: 0px; margin-bottom: 0px; margin-left: 0px; padding-top: 0px; padding-right: 0px; padding-bottom: 18px; padding-left: 0px; border-top-width: 0px; border-right-width: 0px; border-bottom-width: 0px; border-left-width: 0px; border-style: initial; border-color: initial; outline-width: 0px; outline-style: initial; outline-color: initial; vertical-align: baseline; background-image: initial; background-attachment: initial; background-origin: initial; background-clip: initial; background-color: transparent; font: normal normal normal 1.3em\/normal Arial, Helvetica, sans-serif; color: rgb(40, 49, 48); line-height: 17px; background-position: initial initial; background-repeat: initial initial; \">\nEm Roraima, a vacina&ccedil;&atilde;o come&ccedil;ou em 1&ordm; de outubro e termina no dia 31. &nbsp;Amap&aacute; e Rond&ocirc;nia come&ccedil;aram em 15 de outubro. No Amap&aacute;, o prazo vai at&eacute; o final de novembro, enquanto em Rond&ocirc;nia termina no dia 15 do mesmo m&ecirc;s, de acordo com o&nbsp;<a class=\"external-link first-child last-child\" href=\"http:\/\/www.agricultura.gov.br\/arq_editor\/file\/Aniamal\/programa%20nacional%20sanidade%20aftosa\/Calendario%20de%20Vacinacao%202011_abr.pdf\" target=\"_blank\" style=\"margin-top: 0px; margin-right: 0px; margin-bottom: 0px; margin-left: 0px; padding-top: 0px; padding-right: 12px; padding-bottom: 0px; padding-left: 0px; border-top-width: 0px; border-right-width: 0px; border-bottom-width: 0px; border-left-width: 0px; border-style: initial; border-color: initial; outline-width: 0px; outline-style: initial; outline-color: initial; vertical-align: baseline; background-image: url(http:\/\/www.secom.gov.br\/portal_css\/Secom\/bg\/linkExterno.gif); background-attachment: initial; background-origin: initial; background-clip: initial; background-color: initial; color: rgb(23, 67, 155); text-decoration: underline; background-position: 100% 50%; background-repeat: no-repeat no-repeat; \">calend&aacute;rio nacional de vacina&ccedil;&atilde;o 2011<\/a><\/p>\n<p style=\"margin-top: 0px; margin-right: 0px; margin-bottom: 0px; margin-left: 0px; padding-top: 0px; padding-right: 0px; padding-bottom: 18px; padding-left: 0px; border-top-width: 0px; border-right-width: 0px; border-bottom-width: 0px; border-left-width: 0px; border-style: initial; border-color: initial; outline-width: 0px; outline-style: initial; outline-color: initial; vertical-align: baseline; background-image: initial; background-attachment: initial; background-origin: initial; background-clip: initial; background-color: transparent; font: normal normal normal 1.3em\/normal Arial, Helvetica, sans-serif; color: rgb(40, 49, 48); line-height: 17px; background-position: initial initial; background-repeat: initial initial; \">Ap&oacute;s o per&iacute;odo de imuniza&ccedil;&atilde;o, os produtores t&ecirc;m que levar a comprova&ccedil;&atilde;o da aplica&ccedil;&atilde;o das vacinas at&eacute; os escrit&oacute;rios do servi&ccedil;o veterin&aacute;rio, no prazo estabelecido em cada estado. Em Rond&ocirc;nia s&atilde;o 82 Escrit&oacute;rios de Atendimento a Comunidade (EACs) que podem receber as declara&ccedil;&otilde;es atestando a vacina&ccedil;&atilde;o; no Amap&aacute; s&atilde;o 17 EACs e em Roraima, s&atilde;o 28 EACs.<\/p>\n<p style=\"margin-top: 0px; margin-right: 0px; margin-bottom: 0px; margin-left: 0px; padding-top: 0px; padding-right: 0px; padding-bottom: 18px; padding-left: 0px; border-top-width: 0px; border-right-width: 0px; border-bottom-width: 0px; border-left-width: 0px; border-style: initial; border-color: initial; outline-width: 0px; outline-style: initial; outline-color: initial; vertical-align: baseline; background-image: initial; background-attachment: initial; background-origin: initial; background-clip: initial; background-color: transparent; font: normal normal normal 1.3em\/normal Arial, Helvetica, sans-serif; color: rgb(40, 49, 48); line-height: 17px; background-position: initial initial; background-repeat: initial initial; \">Os propriet&aacute;rios dos rebanhos s&atilde;o respons&aacute;veis pela aquisi&ccedil;&atilde;o e aplica&ccedil;&atilde;o da vacina. Os servi&ccedil;os veterin&aacute;rios oficiais em cada estado t&ecirc;m as atribui&ccedil;&otilde;es de fiscalizar a produ&ccedil;&atilde;o, de modo a garantir vacinas de qualidade, e ainda, inspecionar, controlar e orientar a comercializa&ccedil;&atilde;o e uso do produto.<\/p>\n<p style=\"margin-top: 0px; margin-right: 0px; margin-bottom: 0px; margin-left: 0px; padding-top: 0px; padding-right: 0px; padding-bottom: 18px; padding-left: 0px; border-top-width: 0px; border-right-width: 0px; border-bottom-width: 0px; border-left-width: 0px; border-style: initial; border-color: initial; outline-width: 0px; outline-style: initial; outline-color: initial; vertical-align: baseline; background-image: initial; background-attachment: initial; background-origin: initial; background-clip: initial; background-color: transparent; font: normal normal normal 1.3em\/normal Arial, Helvetica, sans-serif; color: rgb(40, 49, 48); line-height: 17px; background-position: initial initial; background-repeat: initial initial; \"><strong class=\"first-child last-child\" style=\"margin-top: 0px; margin-right: 0px; margin-bottom: 0px; margin-left: 0px; padding-top: 0px; padding-right: 0px; padding-bottom: 0px; padding-left: 0px; border-top-width: 0px; border-right-width: 0px; border-bottom-width: 0px; border-left-width: 0px; border-style: initial; border-color: initial; outline-width: 0px; outline-style: initial; outline-color: initial; vertical-align: baseline; background-image: initial; background-attachment: initial; background-origin: initial; background-clip: initial; background-color: transparent; background-position: initial initial; background-repeat: initial initial; \">Calend&aacute;rio<\/strong><\/p>\n<p style=\"margin-top: 0px; margin-right: 0px; margin-bottom: 0px; margin-left: 0px; padding-top: 0px; padding-right: 0px; padding-bottom: 18px; padding-left: 0px; border-top-width: 0px; border-right-width: 0px; border-bottom-width: 0px; border-left-width: 0px; border-style: initial; border-color: initial; outline-width: 0px; outline-style: initial; outline-color: initial; vertical-align: baseline; background-image: initial; background-attachment: initial; background-origin: initial; background-clip: initial; background-color: transparent; font: normal normal normal 1.3em\/normal Arial, Helvetica, sans-serif; color: rgb(40, 49, 48); line-height: 17px; background-position: initial initial; background-repeat: initial initial; \">Os estados brasileiros, em sua maioria, v&atilde;o seguir o calend&aacute;rio nacional de vacina&ccedil;&atilde;o dos bovinos e bubalinos estabelecido para 2011, que prev&ecirc; a segunda etapa da campanha para o per&iacute;odo entre 1&ordm; a 30 de novembro. Al&eacute;m dos tr&ecirc;s estados que tiveram a segunda etapa antecipada, h&aacute; outra exce&ccedil;&atilde;o: Santa Catarina &eacute; considerado pela Organiza&ccedil;&atilde;o Mundial de Sa&uacute;de Animal (OIE), desde 2007, como livre de febre aftosa sem vacina&ccedil;&atilde;o.<\/p>\n<p style=\"margin-top: 0px; margin-right: 0px; margin-bottom: 0px; margin-left: 0px; padding-top: 0px; padding-right: 0px; padding-bottom: 18px; padding-left: 0px; border-top-width: 0px; border-right-width: 0px; border-bottom-width: 0px; border-left-width: 0px; border-style: initial; border-color: initial; outline-width: 0px; outline-style: initial; outline-color: initial; vertical-align: baseline; background-image: initial; background-attachment: initial; background-origin: initial; background-clip: initial; background-color: transparent; font: normal normal normal 1.3em\/normal Arial, Helvetica, sans-serif; color: rgb(40, 49, 48); line-height: 17px; background-position: initial initial; background-repeat: initial initial; \">O rebanho brasileiro &eacute; formado por 208,4 milh&otilde;es de bovinos e b&uacute;falos. A meta &eacute; proteger 204,3 milh&otilde;es de animais, ou seja, todo o plantel do Pa&iacute;s, menos os 4,1 milh&otilde;es de animais de Santa Catarina. O Mapa trabalha para superar o &iacute;ndice de cobertura vacinal alcan&ccedil;ado em 2010, que foi de 97,4% (324,2 milh&otilde;es de doses de vacinas aplicadas).<\/p>\n<p style=\"margin-top: 0px; margin-right: 0px; margin-bottom: 0px; margin-left: 0px; padding-top: 0px; padding-right: 0px; padding-bottom: 18px; padding-left: 0px; border-top-width: 0px; border-right-width: 0px; border-bottom-width: 0px; border-left-width: 0px; border-style: initial; border-color: initial; outline-width: 0px; outline-style: initial; outline-color: initial; vertical-align: baseline; background-image: initial; background-attachment: initial; background-origin: initial; background-clip: initial; background-color: transparent; font: normal normal normal 1.3em\/normal Arial, Helvetica, sans-serif; color: rgb(40, 49, 48); line-height: 17px; background-position: initial initial; background-repeat: initial initial; \"><strong class=\"first-child last-child\" style=\"margin-top: 0px; margin-right: 0px; margin-bottom: 0px; margin-left: 0px; padding-top: 0px; padding-right: 0px; padding-bottom: 0px; padding-left: 0px; border-top-width: 0px; border-right-width: 0px; border-bottom-width: 0px; border-left-width: 0px; border-style: initial; border-color: initial; outline-width: 0px; outline-style: initial; outline-color: initial; vertical-align: baseline; background-image: initial; background-attachment: initial; background-origin: initial; background-clip: initial; background-color: transparent; background-position: initial initial; background-repeat: initial initial; \">Erradica&ccedil;&atilde;o pode ser antecipada em seis meses<\/strong><\/p>\n<p style=\"margin-top: 0px; margin-right: 0px; margin-bottom: 0px; margin-left: 0px; padding-top: 0px; padding-right: 0px; padding-bottom: 18px; padding-left: 0px; border-top-width: 0px; border-right-width: 0px; border-bottom-width: 0px; border-left-width: 0px; border-style: initial; border-color: initial; outline-width: 0px; outline-style: initial; outline-color: initial; vertical-align: baseline; background-image: initial; background-attachment: initial; background-origin: initial; background-clip: initial; background-color: transparent; font: normal normal normal 1.3em\/normal Arial, Helvetica, sans-serif; color: rgb(40, 49, 48); line-height: 17px; background-position: initial initial; background-repeat: initial initial; \">A meta do Minist&eacute;rio da Agricultura &eacute; erradicar a febre aftosa em territ&oacute;rio brasileiro at&eacute; o final de 2013, mas tem realizado esfor&ccedil;os para antecipar o cumprimento deste objetivo para julho do mesmo ano.<\/p>\n<p style=\"margin-top: 0px; margin-right: 0px; margin-bottom: 0px; margin-left: 0px; padding-top: 0px; padding-right: 0px; padding-bottom: 18px; padding-left: 0px; border-top-width: 0px; border-right-width: 0px; border-bottom-width: 0px; border-left-width: 0px; border-style: initial; border-color: initial; outline-width: 0px; outline-style: initial; outline-color: initial; vertical-align: baseline; background-image: initial; background-attachment: initial; background-origin: initial; background-clip: initial; background-color: transparent; font: normal normal normal 1.3em\/normal Arial, Helvetica, sans-serif; color: rgb(40, 49, 48); line-height: 17px; background-position: initial initial; background-repeat: initial initial; \">A erradica&ccedil;&atilde;o &eacute; um pr&eacute;-requisito para garantir o livre com&eacute;rcio dos rebanhos e dos produtos de origem bovina e bubalina interna e externamente. A presen&ccedil;a da doen&ccedil;a tem graves efeitos comerciais que resultam em preju&iacute;zos econ&ocirc;micos. Os pa&iacute;ses que s&atilde;o potenciais compradores barram a entrada de animais que possam estar contaminados e de produtos vindos de regi&otilde;es com ocorr&ecirc;ncias da doen&ccedil;a. As barreiras e embargos afetam a pecu&aacute;ria e economia do Pa&iacute;s inteiro, al&eacute;m de diminuir o tamanho e produtividade dos rebanhos, o que impacta as economias locais.<\/p>\n<p style=\"margin-top: 0px; margin-right: 0px; margin-bottom: 0px; margin-left: 0px; padding-top: 0px; padding-right: 0px; padding-bottom: 18px; padding-left: 0px; border-top-width: 0px; border-right-width: 0px; border-bottom-width: 0px; border-left-width: 0px; border-style: initial; border-color: initial; outline-width: 0px; outline-style: initial; outline-color: initial; vertical-align: baseline; background-image: initial; background-attachment: initial; background-origin: initial; background-clip: initial; background-color: transparent; font: normal normal normal 1.3em\/normal Arial, Helvetica, sans-serif; color: rgb(40, 49, 48); line-height: 17px; background-position: initial initial; background-repeat: initial initial; \"><strong class=\"first-child last-child\" style=\"margin-top: 0px; margin-right: 0px; margin-bottom: 0px; margin-left: 0px; padding-top: 0px; padding-right: 0px; padding-bottom: 0px; padding-left: 0px; border-top-width: 0px; border-right-width: 0px; border-bottom-width: 0px; border-left-width: 0px; border-style: initial; border-color: initial; outline-width: 0px; outline-style: initial; outline-color: initial; vertical-align: baseline; background-image: initial; background-attachment: initial; background-origin: initial; background-clip: initial; background-color: transparent; background-position: initial initial; background-repeat: initial initial; \">Fronteiras protegidas<\/strong><\/p>\n<p style=\"margin-top: 0px; margin-right: 0px; margin-bottom: 0px; margin-left: 0px; padding-top: 0px; padding-right: 0px; padding-bottom: 18px; padding-left: 0px; border-top-width: 0px; border-right-width: 0px; border-bottom-width: 0px; border-left-width: 0px; border-style: initial; border-color: initial; outline-width: 0px; outline-style: initial; outline-color: initial; vertical-align: baseline; background-image: initial; background-attachment: initial; background-origin: initial; background-clip: initial; background-color: transparent; font: normal normal normal 1.3em\/normal Arial, Helvetica, sans-serif; color: rgb(40, 49, 48); line-height: 17px; background-position: initial initial; background-repeat: initial initial; \">O &uacute;ltimo foco da febre no Pa&iacute;s foi verificado em 2006, no Paran&aacute; e Mato Grosso do Sul. Um dos riscos para a erradica&ccedil;&atilde;o da doen&ccedil;a s&atilde;o as &aacute;reas de fronteira. Mato Grosso do Sul, Paran&aacute;, Santa Catarina e Rio Grande do Sul foram orientados a aumentar a fiscaliza&ccedil;&atilde;o e vigil&acirc;ncia nas fronteiras de forma a detectar precocemente qualquer sinal cl&iacute;nico da doen&ccedil;a e impedir a reintrodu&ccedil;&atilde;o do v&iacute;rus no rebanho brasileiro.&nbsp;<\/p>\n<p style=\"margin-top: 0px; margin-right: 0px; margin-bottom: 0px; margin-left: 0px; padding-top: 0px; padding-right: 0px; padding-bottom: 18px; padding-left: 0px; border-top-width: 0px; border-right-width: 0px; border-bottom-width: 0px; border-left-width: 0px; border-style: initial; border-color: initial; outline-width: 0px; outline-style: initial; outline-color: initial; vertical-align: baseline; background-image: initial; background-attachment: initial; background-origin: initial; background-clip: initial; background-color: transparent; font: normal normal normal 1.3em\/normal Arial, Helvetica, sans-serif; color: rgb(40, 49, 48); line-height: 17px; background-position: initial initial; background-repeat: initial initial; \">Outra medida foi a declara&ccedil;&atilde;o de alerta sanit&aacute;rio nos quatro estados e a realiza&ccedil;&atilde;o de inspe&ccedil;&otilde;es t&eacute;cnicas &agrave;s propriedades localizadas nos munic&iacute;pios de fronteira e classificados como de maior risco.&nbsp;<\/p>\n<p style=\"margin-top: 0px; margin-right: 0px; margin-bottom: 0px; margin-left: 0px; padding-top: 0px; padding-right: 0px; padding-bottom: 18px; padding-left: 0px; border-top-width: 0px; border-right-width: 0px; border-bottom-width: 0px; border-left-width: 0px; border-style: initial; border-color: initial; outline-width: 0px; outline-style: initial; outline-color: initial; vertical-align: baseline; background-image: initial; background-attachment: initial; background-origin: initial; background-clip: initial; background-color: transparent; font: normal normal normal 1.3em\/normal Arial, Helvetica, sans-serif; color: rgb(40, 49, 48); line-height: 17px; background-position: initial initial; background-repeat: initial initial; \">O representante regional da Organiza&ccedil;&atilde;o Mundial de Sa&uacute;de Animal (OIE), Luis Barcos, afirmou que a organiza&ccedil;&atilde;o fez uma avalia&ccedil;&atilde;o &ldquo;e o Brasil obteve um resultado muito bom, atendendo plenamente &agrave;s normas da OIE&rdquo;.<\/p>\n<p>Secom<\/p>\n<p><\/span><\/p>\n","protected":false},"excerpt":{"rendered":"<p>A segunda etapa da campanha nacional de vacina\u00e7\u00e3o do rebanho brasileiro contra a febre aftosa j\u00e1 come\u00e7ou em Roraima, Rond\u00f4nia e Amap\u00e1.<br \/>\nOs demais estados brasileiros, em sua maioria, v\u00e3o seguir o calend\u00e1rio nacional de vacina\u00e7\u00e3o dos bovinos e bubalinos estabelecido para 2011, que prev\u00ea a segunda etapa da campanha para o per\u00edodo entre 1\u00ba a 30 de novembro.<\/p>\n","protected":false},"author":1,"featured_media":27706,"comment_status":"open","ping_status":"open","sticky":false,"template":"","format":"standard","meta":{"footnotes":""},"categories":[1],"tags":[6520],"class_list":["post-27707","post","type-post","status-publish","format-standard","has-post-thumbnail","hentry","category-noticias-zeca-dirceu","tag-segunda-etapa-da-vacinacao-contra-aftosa-comeca-por-estados-do-norte"],"_links":{"self":[{"href":"https:\/\/teste.bsb.br\/zeca\/wp-json\/wp\/v2\/posts\/27707","targetHints":{"allow":["GET"]}}],"collection":[{"href":"https:\/\/teste.bsb.br\/zeca\/wp-json\/wp\/v2\/posts"}],"about":[{"href":"https:\/\/teste.bsb.br\/zeca\/wp-json\/wp\/v2\/types\/post"}],"author":[{"embeddable":true,"href":"https:\/\/teste.bsb.br\/zeca\/wp-json\/wp\/v2\/users\/1"}],"replies":[{"embeddable":true,"href":"https:\/\/teste.bsb.br\/zeca\/wp-json\/wp\/v2\/comments?post=27707"}],"version-history":[{"count":0,"href":"https:\/\/teste.bsb.br\/zeca\/wp-json\/wp\/v2\/posts\/27707\/revisions"}],"wp:featuredmedia":[{"embeddable":true,"href":"https:\/\/teste.bsb.br\/zeca\/wp-json\/wp\/v2\/media\/27706"}],"wp:attachment":[{"href":"https:\/\/teste.bsb.br\/zeca\/wp-json\/wp\/v2\/media?parent=27707"}],"wp:term":[{"taxonomy":"category","embeddable":true,"href":"https:\/\/teste.bsb.br\/zeca\/wp-json\/wp\/v2\/categories?post=27707"},{"taxonomy":"post_tag","embeddable":true,"href":"https:\/\/teste.bsb.br\/zeca\/wp-json\/wp\/v2\/tags?post=27707"}],"curies":[{"name":"wp","href":"https:\/\/api.w.org\/{rel}","templated":true}]}}