{"id":27705,"date":"2011-10-19T00:00:00","date_gmt":"2011-10-19T02:00:00","guid":{"rendered":"https:\/\/www.zecadirceu.com.br\/nova-portaria-regulamenta-a-radiodifusao-comunitaria\/"},"modified":"2011-10-19T00:00:00","modified_gmt":"2011-10-19T02:00:00","slug":"nova-portaria-regulamenta-a-radiodifusao-comunitaria","status":"publish","type":"post","link":"https:\/\/teste.bsb.br\/zeca\/nova-portaria-regulamenta-a-radiodifusao-comunitaria\/","title":{"rendered":"Nova portaria regulamenta a radiodifus\u00e3o comunit\u00e1ria"},"content":{"rendered":"<p>&nbsp;Saiu a nova portaria do Minist&eacute;rio das Comunica&ccedil;&otilde;es para regulamentar o servi&ccedil;o de radiodifus&atilde;o comunit&aacute;ria (Radcom), em todo o pa&iacute;s.<\/p>\n<p class=\"MsoNormal\">As novas regras come&ccedil;am a valer j&aacute; no pr&oacute;ximo aviso de habilita&ccedil;&atilde;o de Radcom, que vai atender cidades em Minas Gerais e no Esp&iacute;rito Santo. A portaria foi submetida &agrave; consulta p&uacute;blica em junho e recebeu mais de 300 contribui&ccedil;&otilde;es. Entre as mudan&ccedil;as praticadas, as entidades interessadas em operar o servi&ccedil;o passam a ter 60 dias para inscri&ccedil;&atilde;o nos avisos de habilita&ccedil;&atilde;o. <o:p><\/o:p><\/p>\n<p class=\"MsoNormal\">O crit&eacute;rio com maior peso na contagem de pontos entre concorrentes passa a ser a manifesta&ccedil;&atilde;o de apoio de entidades comunit&aacute;rias ou associativas formadas h&aacute; mais de dois anos na &aacute;rea onde a r&aacute;dio vai funcionar.<\/p>\n<p class=\"MsoNormal\">Outras novidades s&atilde;o as regulamenta&ccedil;&otilde;es dos dispositivos previstos em lei como a defini&ccedil;&atilde;o de apoio cultural e a forma&ccedil;&atilde;o de redes de radiodifus&atilde;o comunit&aacute;ria em casos de calamidade p&uacute;blica. Al&eacute;m disso, os Planos Nacionais de Outorga est&atilde;o previstos na portaria.<\/p>\n<p class=\"MsoNormal\"><span>&nbsp;<\/span>O minist&eacute;rio vai priorizar nos avisos de habilita&ccedil;&atilde;o a universaliza&ccedil;&atilde;o do servi&ccedil;o e o atendimento da demanda reprimida por meio dos Cadastros de Demonstra&ccedil;&atilde;o de Interesse (CDI).<\/p>\n","protected":false},"excerpt":{"rendered":"<p>Saiu a nova portaria do Minist\u00e9rio das Comunica\u00e7\u00f5es para regulamentar o servi\u00e7o de radiodifus\u00e3o comunit\u00e1ria (Radcom), em todo o pa\u00eds. A portaria foi submetida \u00e0 consulta p\u00fablica em junho e recebeu mais de 300 contribui\u00e7\u00f5es. Entre as mudan\u00e7as praticadas, as entidades interessadas em operar o servi\u00e7o passam a ter 60 dias para inscri\u00e7\u00e3o nos avisos de habilita\u00e7\u00e3o.<\/p>\n","protected":false},"author":1,"featured_media":27704,"comment_status":"open","ping_status":"open","sticky":false,"template":"","format":"standard","meta":{"footnotes":""},"categories":[1],"tags":[6519],"class_list":["post-27705","post","type-post","status-publish","format-standard","has-post-thumbnail","hentry","category-noticias-zeca-dirceu","tag-nova-portaria-regulamenta-a-radiodifusao-comunitaria"],"_links":{"self":[{"href":"https:\/\/teste.bsb.br\/zeca\/wp-json\/wp\/v2\/posts\/27705","targetHints":{"allow":["GET"]}}],"collection":[{"href":"https:\/\/teste.bsb.br\/zeca\/wp-json\/wp\/v2\/posts"}],"about":[{"href":"https:\/\/teste.bsb.br\/zeca\/wp-json\/wp\/v2\/types\/post"}],"author":[{"embeddable":true,"href":"https:\/\/teste.bsb.br\/zeca\/wp-json\/wp\/v2\/users\/1"}],"replies":[{"embeddable":true,"href":"https:\/\/teste.bsb.br\/zeca\/wp-json\/wp\/v2\/comments?post=27705"}],"version-history":[{"count":0,"href":"https:\/\/teste.bsb.br\/zeca\/wp-json\/wp\/v2\/posts\/27705\/revisions"}],"wp:featuredmedia":[{"embeddable":true,"href":"https:\/\/teste.bsb.br\/zeca\/wp-json\/wp\/v2\/media\/27704"}],"wp:attachment":[{"href":"https:\/\/teste.bsb.br\/zeca\/wp-json\/wp\/v2\/media?parent=27705"}],"wp:term":[{"taxonomy":"category","embeddable":true,"href":"https:\/\/teste.bsb.br\/zeca\/wp-json\/wp\/v2\/categories?post=27705"},{"taxonomy":"post_tag","embeddable":true,"href":"https:\/\/teste.bsb.br\/zeca\/wp-json\/wp\/v2\/tags?post=27705"}],"curies":[{"name":"wp","href":"https:\/\/api.w.org\/{rel}","templated":true}]}}