{"id":27703,"date":"2011-10-19T00:00:00","date_gmt":"2011-10-19T02:00:00","guid":{"rendered":"https:\/\/www.zecadirceu.com.br\/exportacoes-do-brasil-neste-ano-ja-superaram-as-de-2010\/"},"modified":"2011-10-19T00:00:00","modified_gmt":"2011-10-19T02:00:00","slug":"exportacoes-do-brasil-neste-ano-ja-superaram-as-de-2010","status":"publish","type":"post","link":"https:\/\/teste.bsb.br\/zeca\/exportacoes-do-brasil-neste-ano-ja-superaram-as-de-2010\/","title":{"rendered":"Exporta\u00e7\u00f5es do Brasil neste ano j\u00e1 superaram as de 2010"},"content":{"rendered":"<p>&nbsp;O governo brasileiro anunciou que o total das exporta&ccedil;&otilde;es do pa&iacute;s entre o in&iacute;cio de 2011 e esta ter&ccedil;a-feira, 18, deve atingir o mesmo valor exportado em todo o ano passado.<\/p>\n<p class=\"MsoNormal\"><o:p><\/o:p><\/p>\n<p class=\"MsoNormal\">Em 2010, o Brasil exportou US$ 200,9 bilh&otilde;es (cerca de R$ 354,8 bilh&otilde;es). At&eacute; segunda-feira, o pa&iacute;s j&aacute; tinha exportado US$ 199,8 bilh&otilde;es. O pa&iacute;s tinha uma meta de exportar US$ 257 bilh&otilde;es neste ano, mas, segundo o ministro do Desenvolvimento, Ind&uacute;stria e Com&eacute;rcio, Fernando Pimentel, a meta ser&aacute; superada com folga.<o:p><\/o:p><\/p>\n<p class=\"MsoNormal\">Na segunda-feira, o minist&eacute;rio pretende divulgar uma nova meta para o pa&iacute;s.<o:p><\/o:p><\/p>\n<p class=\"MsoNormal\">O aumento das exporta&ccedil;&otilde;es est&aacute; relacionado principalmente &agrave; eleva&ccedil;&atilde;o dos pre&ccedil;os das commodities (mat&eacute;rias primas com cota&ccedil;&atilde;o internacional, como alimentos, petr&oacute;leo e min&eacute;rios).<o:p><\/o:p><\/p>\n<p class=\"MsoNormal\">De acordo com Pimentel, os itens mais fortes da pauta de exporta&ccedil;&otilde;es em 2011 foram os mesmos dos &uacute;ltimos anos: commodities agr&iacute;colas e min&eacute;rios.<o:p><\/o:p><\/p>\n<p class=\"MsoNormal\">Superavit<o:p><\/o:p><\/p>\n<p class=\"MsoNormal\">Embora o aumento no pre&ccedil;o desses bens venha favorecendo o Brasil nos &uacute;ltimos anos, o governo tem anunciado a inten&ccedil;&atilde;o de reduzir a participa&ccedil;&atilde;o de commodities na pauta de exporta&ccedil;&otilde;es do Brasil, j&aacute; que a cota&ccedil;&atilde;o desses produtos est&aacute; sujeita a maiores oscila&ccedil;&otilde;es nos mercados globais do que a de produtos industrializados, com maior valor agregado.<o:p><\/o:p><\/p>\n<p class=\"MsoNormal\">Segundo o Ipea (Instituto de Pesquisa Econ&ocirc;mica Aplicada), entre 2007 e 2010, a participa&ccedil;&atilde;o de commodities prim&aacute;rias na pauta de exporta&ccedil;&otilde;es passou de 41% a 51%.<o:p><\/o:p><\/p>\n<p class=\"MsoNormal\">O &oacute;rg&atilde;o aponta que, desde 2005, o Brasil perde market share (participa&ccedil;&atilde;o do pa&iacute;s nas exporta&ccedil;&otilde;es mundiais) em todos os produtos, exceto em commodities prim&aacute;rias e &quot;outros&quot; (item que inclui petr&oacute;leo).<o:p><\/o:p><\/p>\n<p class=\"MsoNormal\">Apesar da valoriza&ccedil;&atilde;o das commodities, Pimentel afirmou que o aumento das vendas para o exterior ocorre em um cen&aacute;rio de dificuldades para os exportadores brasileiros &ndash; j&aacute; que o real se manteve valorizado em rela&ccedil;&atilde;o ao d&oacute;lar durante grande parte do ano. Al&eacute;m disso, a economia global passa por novo per&iacute;odo de desacelera&ccedil;&atilde;o.<o:p><\/o:p><\/p>\n<p class=\"MsoNormal\">As importa&ccedil;&otilde;es tamb&eacute;m est&atilde;o chegando ao mesmo valor registrado em todo o ano de 2010. At&eacute; segunda-feira, o Brasil havia importado US$ 175 bilh&otilde;es. Em 2010, importou US$ 181 bilh&otilde;es.<o:p><\/o:p><\/p>\n<p class=\"MsoNormal\">Por ora, o superavit comercial (exporta&ccedil;&otilde;es menos importa&ccedil;&otilde;es) deste ano supera o de 2010 &#8211; US$ 23 bilh&otilde;es at&eacute; segunda-feira passada, em compara&ccedil;&atilde;o a US$ 20 bilh&otilde;es em todo o ano passado.<\/p>\n<p class=\"MsoNormal\">Fonte: BBC Brasil<\/p>\n","protected":false},"excerpt":{"rendered":"<p>O governo brasileiro anunciou que o total das exporta\u00e7\u00f5es do pa\u00eds entre o in\u00edcio de 2011 e esta ter\u00e7a-feira, 18, deve atingir o mesmo valor exportado em todo o ano passado.<\/p>\n<p>Em 2010, o Brasil exportou US$ 200,9 bilh\u00f5es (cerca de R$ 354,8 bilh\u00f5es). At\u00e9 segunda-feira, o pa\u00eds j\u00e1 tinha exportado US$ 199,8 bilh\u00f5es. O pa\u00eds tinha uma meta de exportar US$ 257 bilh\u00f5es neste ano, mas, segundo o ministro do Desenvolvimento, Ind\u00fastria e Com\u00e9rcio, Fernando Pimentel, a meta ser\u00e1 superada com folga.<\/p>\n","protected":false},"author":1,"featured_media":27702,"comment_status":"open","ping_status":"open","sticky":false,"template":"","format":"standard","meta":{"footnotes":""},"categories":[1],"tags":[6518],"class_list":["post-27703","post","type-post","status-publish","format-standard","has-post-thumbnail","hentry","category-noticias-zeca-dirceu","tag-exportacoes-do-brasil-neste-ano-ja-superaram-as-de-2010"],"_links":{"self":[{"href":"https:\/\/teste.bsb.br\/zeca\/wp-json\/wp\/v2\/posts\/27703","targetHints":{"allow":["GET"]}}],"collection":[{"href":"https:\/\/teste.bsb.br\/zeca\/wp-json\/wp\/v2\/posts"}],"about":[{"href":"https:\/\/teste.bsb.br\/zeca\/wp-json\/wp\/v2\/types\/post"}],"author":[{"embeddable":true,"href":"https:\/\/teste.bsb.br\/zeca\/wp-json\/wp\/v2\/users\/1"}],"replies":[{"embeddable":true,"href":"https:\/\/teste.bsb.br\/zeca\/wp-json\/wp\/v2\/comments?post=27703"}],"version-history":[{"count":0,"href":"https:\/\/teste.bsb.br\/zeca\/wp-json\/wp\/v2\/posts\/27703\/revisions"}],"wp:featuredmedia":[{"embeddable":true,"href":"https:\/\/teste.bsb.br\/zeca\/wp-json\/wp\/v2\/media\/27702"}],"wp:attachment":[{"href":"https:\/\/teste.bsb.br\/zeca\/wp-json\/wp\/v2\/media?parent=27703"}],"wp:term":[{"taxonomy":"category","embeddable":true,"href":"https:\/\/teste.bsb.br\/zeca\/wp-json\/wp\/v2\/categories?post=27703"},{"taxonomy":"post_tag","embeddable":true,"href":"https:\/\/teste.bsb.br\/zeca\/wp-json\/wp\/v2\/tags?post=27703"}],"curies":[{"name":"wp","href":"https:\/\/api.w.org\/{rel}","templated":true}]}}