{"id":27695,"date":"2011-10-19T00:00:00","date_gmt":"2011-10-19T02:00:00","guid":{"rendered":"https:\/\/www.zecadirceu.com.br\/natal-em-cruzeiro-do-oeste\/"},"modified":"2011-10-19T00:00:00","modified_gmt":"2011-10-19T02:00:00","slug":"natal-em-cruzeiro-do-oeste","status":"publish","type":"post","link":"https:\/\/teste.bsb.br\/zeca\/natal-em-cruzeiro-do-oeste\/","title":{"rendered":"Natal em Cruzeiro do Oeste"},"content":{"rendered":"<p>&nbsp;<span class=\"Apple-style-span\" style=\"color: rgb(83, 81, 81); font-family: Arial, Helvetica, sans-serif; line-height: 18px; \">O prefeito&nbsp;<span data-scayt_word=\"Valtinho\" data-scaytid=\"1\">Valtinho<\/span>&nbsp;esteve reunido com diretores da&nbsp;<span data-scayt_word=\"ACICO\" data-scaytid=\"2\">ACICO<\/span>&nbsp;(Associa&ccedil;&atilde;o Comercial e Industrial de Cruzeiro do Oeste) e comerciantes filiados para, entre outros assuntos, iniciar as discuss&otilde;es em torno das comemora&ccedil;&otilde;es do final de ano na cidade. Sabe-se que uma ampla programa&ccedil;&atilde;o natalina dever&aacute; ser preparada e, claro, a participa&ccedil;&atilde;o do empresariado local como sempre ser&aacute; de fundamental&nbsp;<span data-scayt_word=\"import\" data-scaytid=\"3\">import<\/span>&acirc;<span data-scayt_word=\"ncia\" data-scaytid=\"4\">ncia<\/span>.<\/span><\/p>\n","protected":false},"excerpt":{"rendered":"<p>O prefeito Valtinho esteve reunido com diretores da ACICO (Associa\u00e7\u00e3o Comercial e Industrial de Cruzeiro do Oeste) e comerciantes filiados para, entre outros assuntos, iniciar as discuss\u00f5es em torno das comemora\u00e7\u00f5es do final de ano na cidade. Sabe-se que uma ampla programa\u00e7\u00e3o natalina dever\u00e1 ser preparada e, claro, a participa\u00e7\u00e3o do empresariado local como sempre ser\u00e1 de fundamental import\u00e2ncia.<\/p>\n","protected":false},"author":1,"featured_media":27694,"comment_status":"open","ping_status":"open","sticky":false,"template":"","format":"standard","meta":{"footnotes":""},"categories":[1],"tags":[6515],"class_list":["post-27695","post","type-post","status-publish","format-standard","has-post-thumbnail","hentry","category-noticias-zeca-dirceu","tag-natal-em-cruzeiro-do-oeste"],"_links":{"self":[{"href":"https:\/\/teste.bsb.br\/zeca\/wp-json\/wp\/v2\/posts\/27695","targetHints":{"allow":["GET"]}}],"collection":[{"href":"https:\/\/teste.bsb.br\/zeca\/wp-json\/wp\/v2\/posts"}],"about":[{"href":"https:\/\/teste.bsb.br\/zeca\/wp-json\/wp\/v2\/types\/post"}],"author":[{"embeddable":true,"href":"https:\/\/teste.bsb.br\/zeca\/wp-json\/wp\/v2\/users\/1"}],"replies":[{"embeddable":true,"href":"https:\/\/teste.bsb.br\/zeca\/wp-json\/wp\/v2\/comments?post=27695"}],"version-history":[{"count":0,"href":"https:\/\/teste.bsb.br\/zeca\/wp-json\/wp\/v2\/posts\/27695\/revisions"}],"wp:featuredmedia":[{"embeddable":true,"href":"https:\/\/teste.bsb.br\/zeca\/wp-json\/wp\/v2\/media\/27694"}],"wp:attachment":[{"href":"https:\/\/teste.bsb.br\/zeca\/wp-json\/wp\/v2\/media?parent=27695"}],"wp:term":[{"taxonomy":"category","embeddable":true,"href":"https:\/\/teste.bsb.br\/zeca\/wp-json\/wp\/v2\/categories?post=27695"},{"taxonomy":"post_tag","embeddable":true,"href":"https:\/\/teste.bsb.br\/zeca\/wp-json\/wp\/v2\/tags?post=27695"}],"curies":[{"name":"wp","href":"https:\/\/api.w.org\/{rel}","templated":true}]}}