{"id":27693,"date":"2011-10-19T00:00:00","date_gmt":"2011-10-19T02:00:00","guid":{"rendered":"https:\/\/www.zecadirceu.com.br\/fundo-da-saude-lanca-cadastro-para-projetos-preexistentes-da-academia-da-saude\/"},"modified":"2011-10-19T00:00:00","modified_gmt":"2011-10-19T02:00:00","slug":"fundo-da-saude-lanca-cadastro-para-projetos-preexistentes-da-academia-da-saude","status":"publish","type":"post","link":"https:\/\/teste.bsb.br\/zeca\/fundo-da-saude-lanca-cadastro-para-projetos-preexistentes-da-academia-da-saude\/","title":{"rendered":"Fundo da Sa\u00fade lan\u00e7a cadastro, para projetos preexistentes, da Academia da Sa\u00fade"},"content":{"rendered":"<p>&nbsp;O deputado federal Zeca Dirceu informa que se encontra aberto no site do Fundo Nacional da Sa&uacute;de (FNS) http:\/\/www.fns.saude.gov.br\/ , at&eacute; o dia 26 de outubro, o cadastro de propostas para incentivos de custeio de programas ou projetos preexistentes ao Programa Academia da Sa&uacute;de.<\/p>\n<p class=\"MsoNormal\"><o:p><\/o:p><\/p>\n<p class=\"MsoNormal\"><span>&nbsp;<\/span>Antes de resultar o cadastramento, o respons&aacute;vel dever&aacute; acessar a p&aacute;gina www.saude.gov.br\/academiadasaude, e se informar de todas as orienta&ccedil;&otilde;es t&eacute;cnicas, verificando se a iniciativa de seu munic&iacute;pio est&aacute; adequada aos crit&eacute;rios de similaridade exigidos pelo Minist&eacute;rio da Sa&uacute;de, para an&aacute;lise da proposta.<o:p><\/o:p><\/p>\n<p class=\"MsoNormal\"><span>&nbsp;<\/span>No site os respons&aacute;veis ir&atilde;o encontrar todo o procedimento para o cadastro das propostas.<o:p><\/o:p><\/p>\n<p class=\"MsoNormal\">Lembrando que este cadastramento com prazo at&eacute; dia 26 de outubro de 2011, s&atilde;o para projetos j&aacute; em funcionamento. Para novas Academias da Sa&uacute;de, as quais as propostas foram cadastradas no site do FNS em 2011, o per&iacute;odo de aprova&ccedil;&atilde;o ser&aacute; lan&ccedil;ado pelo Minist&eacute;rio da Sa&uacute;de e, com isso, ter&atilde;o novos prazos para habilita&ccedil;&atilde;o do custeio.<o:p><\/o:p><\/p>\n","protected":false},"excerpt":{"rendered":"<p>O deputado federal Zeca Dirceu informa que se encontra aberto no site do Fundo Nacional da Sa\u00fade (FNS) http:\/\/www.fns.saude.gov.br\/ , at\u00e9 o dia 26 de outubro, o cadastro de propostas para incentivos de custeio de programas ou projetos preexistentes ao Programa Academia da Sa\u00fade.<\/p>\n","protected":false},"author":1,"featured_media":27692,"comment_status":"open","ping_status":"open","sticky":false,"template":"","format":"standard","meta":{"footnotes":""},"categories":[1],"tags":[6514,6512,6513],"class_list":["post-27693","post","type-post","status-publish","format-standard","has-post-thumbnail","hentry","category-noticias-zeca-dirceu","tag-da-academia-da-saude","tag-fundo-da-saude-lanca-cadastro","tag-para-projetos-preexistentes"],"_links":{"self":[{"href":"https:\/\/teste.bsb.br\/zeca\/wp-json\/wp\/v2\/posts\/27693","targetHints":{"allow":["GET"]}}],"collection":[{"href":"https:\/\/teste.bsb.br\/zeca\/wp-json\/wp\/v2\/posts"}],"about":[{"href":"https:\/\/teste.bsb.br\/zeca\/wp-json\/wp\/v2\/types\/post"}],"author":[{"embeddable":true,"href":"https:\/\/teste.bsb.br\/zeca\/wp-json\/wp\/v2\/users\/1"}],"replies":[{"embeddable":true,"href":"https:\/\/teste.bsb.br\/zeca\/wp-json\/wp\/v2\/comments?post=27693"}],"version-history":[{"count":0,"href":"https:\/\/teste.bsb.br\/zeca\/wp-json\/wp\/v2\/posts\/27693\/revisions"}],"wp:featuredmedia":[{"embeddable":true,"href":"https:\/\/teste.bsb.br\/zeca\/wp-json\/wp\/v2\/media\/27692"}],"wp:attachment":[{"href":"https:\/\/teste.bsb.br\/zeca\/wp-json\/wp\/v2\/media?parent=27693"}],"wp:term":[{"taxonomy":"category","embeddable":true,"href":"https:\/\/teste.bsb.br\/zeca\/wp-json\/wp\/v2\/categories?post=27693"},{"taxonomy":"post_tag","embeddable":true,"href":"https:\/\/teste.bsb.br\/zeca\/wp-json\/wp\/v2\/tags?post=27693"}],"curies":[{"name":"wp","href":"https:\/\/api.w.org\/{rel}","templated":true}]}}