{"id":27689,"date":"2011-10-19T00:00:00","date_gmt":"2011-10-19T02:00:00","guid":{"rendered":"https:\/\/www.zecadirceu.com.br\/zeca-dirceu-e-adriano-remonti-defendem-recursos-para-toledo\/"},"modified":"2011-10-19T00:00:00","modified_gmt":"2011-10-19T02:00:00","slug":"zeca-dirceu-e-adriano-remonti-defendem-recursos-para-toledo","status":"publish","type":"post","link":"https:\/\/teste.bsb.br\/zeca\/zeca-dirceu-e-adriano-remonti-defendem-recursos-para-toledo\/","title":{"rendered":"Zeca Dirceu e Adriano Remonti  defendem recursos para Toledo"},"content":{"rendered":"<p>&nbsp;O deputado federal Zeca Dirceu (PT-PR) e o vereador Adriano Remonti (PT) est&atilde;o atuando em conjunto na defesa de recursos para diversas &aacute;reas no munic&iacute;pio de Toledo. Por isso, aproveitando a passagem do deputado pela regi&atilde;o &ndash; na segunda-feira, 17, o parlamentar acompanhou o ministro da Previd&ecirc;ncia Social, Garibaldi Alves Filho, na inaugura&ccedil;&atilde;o da ag&ecirc;ncia do INSS em Palotina &ndash;, Zeca e Adriano reuniram-se no gabinete do vereador para tratar de diversos assuntos.<\/p>\n<p class=\"MsoNormal\"><o:p><\/o:p><\/p>\n<p class=\"MsoNormal\">&ldquo;Fizemos uma reuni&atilde;o muito produtiva, principalmente porque tratamos de pend&ecirc;ncias que precisam ser resolvidas em projetos importantes, como o Hospital Regional&rdquo;, disse o deputado. &ldquo;Al&eacute;m disso, &eacute; sempre um prazer visitar a cidade de Toledo, onde temos parceiros valorosos como o vereador Adriano e o deputado estadual Elton Welter&rdquo;, acrescentou Zeca Dirceu.<o:p><\/o:p><\/p>\n<p class=\"MsoNormal\">Segundo o vereador Adriano, a ajuda do deputado est&aacute; sendo imprescind&iacute;vel para garantir o bom andamento das tratativas junto aos &oacute;rg&atilde;os federais. &ldquo;O Zeca tem &oacute;timo tr&acirc;nsito em Bras&iacute;lia e conhece muito bem o funcionamento dos programas federais, por isso tem sido um parceiro importante para garantirmos os investimentos do Governo Federal em Toledo&rdquo;, afirmou Remonti.<o:p><\/o:p><\/p>\n<p class=\"MsoNormal\">Durante o encontro, Zeca Dirceu tamb&eacute;m destacou os avan&ccedil;os conquistados nos &uacute;ltimos anos em &aacute;reas como educa&ccedil;&atilde;o, sa&uacute;de e infraestrutura. &ldquo;Nos dois mandatos do presidente Lula, e agora no governo da presidenta Dilma, os investimentos do Governo Federal nos munic&iacute;pios aumentaram consideravelmente, e quem mais tem benef&iacute;cios com isso &eacute; a popula&ccedil;&atilde;o, que ganha em qualidade de vida&rdquo;, disse o deputado, que &eacute; vice-l&iacute;der da bancada do PT na C&acirc;mara dos Deputados.<o:p><\/o:p><\/p>\n<p class=\"MsoNormal\">Organiza&ccedil;&atilde;o<o:p><\/o:p><\/p>\n<p class=\"MsoNormal\">Como n&atilde;o poderia deixar de acontecer numa reuni&atilde;o entre expressivas lideran&ccedil;as petistas, Zeca Dirceu e Adriano Remonti tamb&eacute;m falaram sobre a organiza&ccedil;&atilde;o do Partido dos Trabalhadores em Toledo e na regi&atilde;o Oeste, tendo em vista as elei&ccedil;&otilde;es de 2012.<o:p><\/o:p><\/p>\n<p class=\"MsoNormal\">&ldquo;O deputado Zeca Dirceu &eacute; um dos nomes mais expressivos do PT no Paran&aacute;, e aqui na regi&atilde;o contamos ainda com a lideran&ccedil;a do deputado Elton Welter, ent&atilde;o &eacute; natural que o nosso partido busque garantir espa&ccedil;os importantes no momento em que nos aproximamos de mais uma elei&ccedil;&atilde;o&rdquo;, disse o vereador Adriano.<o:p><\/o:p><\/p>\n<p class=\"MsoNormal\">Segundo Zeca Dirceu, o PT do Paran&aacute; tem planos bem definidos para o pleito do pr&oacute;ximo ano, e todas as lideran&ccedil;as do partido est&atilde;o mobilizadas para alcan&ccedil;ar os objetivos. &ldquo;Em 2012 queremos eleger pelo menos 50 prefeitos, sendo tr&ecirc;s nas maiores cidades do Estado, para a partir disso come&ccedil;armos a estruturar o projeto do partido para 2014, que &eacute; eleger a ministra Gleisi Hoffmann como governadora do Paran&aacute;&rdquo;, afirmou Zeca Dirceu.<o:p><\/o:p><\/p>\n<p class=\"MsoNormal\">Encontro<o:p><\/o:p><\/p>\n<p class=\"MsoNormal\">Ao final da reuni&atilde;o, o vereador Adriano Remonti pediu o empenho do deputado Zeca Dirceu para garantir a participa&ccedil;&atilde;o das ministras da Casa Civil, Gleisi Hoffmann, e da Secretaria de Direitos Humanos, Maria do Ros&aacute;rio, no Encontro das Mulheres. O evento ser&aacute; realizado no m&ecirc;s de dezembro, em Toledo, como forma de homenagear as mulheres que foram destaque durante o ano de 2011.<o:p><\/o:p><\/p>\n","protected":false},"excerpt":{"rendered":"<p>O deputado federal Zeca Dirceu (PT-PR) e o vereador Adriano Remonti (PT) est\u00e3o atuando em conjunto na defesa de recursos para diversas \u00e1reas no munic\u00edpio de Toledo. Por isso, aproveitando a passagem do deputado pela regi\u00e3o \u2013 na segunda-feira, 17, o parlamentar acompanhou o ministro da Previd\u00eancia Social, Garibaldi Alves Filho, na inaugura\u00e7\u00e3o da ag\u00eancia do INSS em Palotina \u2013, Zeca e Adriano reuniram-se no gabinete do vereador para tratar de diversos assuntos.<\/p>\n","protected":false},"author":1,"featured_media":27688,"comment_status":"open","ping_status":"open","sticky":false,"template":"","format":"standard","meta":{"footnotes":""},"categories":[1],"tags":[6510],"class_list":["post-27689","post","type-post","status-publish","format-standard","has-post-thumbnail","hentry","category-noticias-zeca-dirceu","tag-zeca-dirceu-e-adriano-remonti-defendem-recursos-para-toledo"],"_links":{"self":[{"href":"https:\/\/teste.bsb.br\/zeca\/wp-json\/wp\/v2\/posts\/27689","targetHints":{"allow":["GET"]}}],"collection":[{"href":"https:\/\/teste.bsb.br\/zeca\/wp-json\/wp\/v2\/posts"}],"about":[{"href":"https:\/\/teste.bsb.br\/zeca\/wp-json\/wp\/v2\/types\/post"}],"author":[{"embeddable":true,"href":"https:\/\/teste.bsb.br\/zeca\/wp-json\/wp\/v2\/users\/1"}],"replies":[{"embeddable":true,"href":"https:\/\/teste.bsb.br\/zeca\/wp-json\/wp\/v2\/comments?post=27689"}],"version-history":[{"count":0,"href":"https:\/\/teste.bsb.br\/zeca\/wp-json\/wp\/v2\/posts\/27689\/revisions"}],"wp:featuredmedia":[{"embeddable":true,"href":"https:\/\/teste.bsb.br\/zeca\/wp-json\/wp\/v2\/media\/27688"}],"wp:attachment":[{"href":"https:\/\/teste.bsb.br\/zeca\/wp-json\/wp\/v2\/media?parent=27689"}],"wp:term":[{"taxonomy":"category","embeddable":true,"href":"https:\/\/teste.bsb.br\/zeca\/wp-json\/wp\/v2\/categories?post=27689"},{"taxonomy":"post_tag","embeddable":true,"href":"https:\/\/teste.bsb.br\/zeca\/wp-json\/wp\/v2\/tags?post=27689"}],"curies":[{"name":"wp","href":"https:\/\/api.w.org\/{rel}","templated":true}]}}