{"id":27679,"date":"2011-10-20T00:00:00","date_gmt":"2011-10-20T02:00:00","guid":{"rendered":"https:\/\/www.zecadirceu.com.br\/brasilandia-inaugurara-agencia-dos-correios-em-novembro\/"},"modified":"2011-10-20T00:00:00","modified_gmt":"2011-10-20T02:00:00","slug":"brasilandia-inaugurara-agencia-dos-correios-em-novembro","status":"publish","type":"post","link":"https:\/\/teste.bsb.br\/zeca\/brasilandia-inaugurara-agencia-dos-correios-em-novembro\/","title":{"rendered":"Brasil\u00e2ndia inaugurar\u00e1 ag\u00eancia  dos Correios em novembro"},"content":{"rendered":"<p>&nbsp;O munic&iacute;pio de Brasil&acirc;ndia do Sul passar&aacute; a contar, a partir de novembro, com uma ag&ecirc;ncia da Empresa Brasileira de Correios e Tel&eacute;grafos. As tratativas para a cria&ccedil;&atilde;o e instala&ccedil;&atilde;o da ag&ecirc;ncia foram conduzidas pelo deputado federal Zeca Dirceu, em parceria com o prefeito Jos&eacute; Aparecido Mandotti, o diretor regional dos Correios no Paran&aacute;, Areovaldo Figueiredo, e o presidente dos Correios, Wagner Pinheiro de Oliveira.<\/p>\n<p class=\"MsoNormal\"><o:p><\/o:p><\/p>\n<p class=\"MsoNormal\">&ldquo;Fizemos um grande esfor&ccedil;o, em conjunto com o prefeito Mandotti, com os vereadores e com as lideran&ccedil;as locais e regionais, para conseguir a instala&ccedil;&atilde;o desta ag&ecirc;ncia dos Correios&rdquo;, afirma Zeca Dirceu, que &eacute; vice-l&iacute;der da bancada petista na C&acirc;mara dos Deputados.<o:p><\/o:p><\/p>\n<p class=\"MsoNormal\">Segundo o parlamentar, a dire&ccedil;&atilde;o regional dos Correios deu total apoio para a reivindica&ccedil;&atilde;o, desde o in&iacute;cio das tratativas. &ldquo;O diretor regional dos Correios, Areovaldo Figueiredo, merece os parab&eacute;ns de todos n&oacute;s, porque entendeu a necessidade da cria&ccedil;&atilde;o desta unidade e sempre apoiou a iniciativa. Sua participa&ccedil;&atilde;o no processo foi fundamental&rdquo;, disse o deputado.<o:p><\/o:p><\/p>\n<p class=\"MsoNormal\">Zeca tamb&eacute;m destaca o apoio recebido do presidente dos Correios, Wagner Pinheiro de Oliveira. &ldquo;Estive em audi&ecirc;ncia com o doutor Wagner e salientei a ele a import&acirc;ncia da cria&ccedil;&atilde;o n&atilde;o s&oacute; desta ag&ecirc;ncia na cidade de Brasil&acirc;ndia do Sul, mas em v&aacute;rias outras cidades do Paran&aacute; que precisam contar com o servi&ccedil;o dos Correios de forma mais pr&oacute;xima, e ele sempre se mostrou muito disposto a colaborar com esta expans&atilde;o&rdquo;, concluiu Zeca Dirceu.<\/p>\n","protected":false},"excerpt":{"rendered":"<p>O munic\u00edpio de Brasil\u00e2ndia do Sul passar\u00e1 a contar, a partir de novembro, com uma ag\u00eancia da Empresa Brasileira de Correios e Tel\u00e9grafos. As tratativas para a cria\u00e7\u00e3o e instala\u00e7\u00e3o da ag\u00eancia foram conduzidas pelo deputado federal Zeca Dirceu, em parceria com o prefeito Jos\u00e9 Aparecido Mandotti, o diretor regional dos Correios no Paran\u00e1, Areovaldo Figueiredo, e o presidente dos Correios, Wagner Pinheiro de Oliveira.<\/p>\n","protected":false},"author":1,"featured_media":27678,"comment_status":"open","ping_status":"open","sticky":false,"template":"","format":"standard","meta":{"footnotes":""},"categories":[1],"tags":[6504],"class_list":["post-27679","post","type-post","status-publish","format-standard","has-post-thumbnail","hentry","category-noticias-zeca-dirceu","tag-brasilandia-inaugurara-agencia-dos-correios-em-novembro"],"_links":{"self":[{"href":"https:\/\/teste.bsb.br\/zeca\/wp-json\/wp\/v2\/posts\/27679","targetHints":{"allow":["GET"]}}],"collection":[{"href":"https:\/\/teste.bsb.br\/zeca\/wp-json\/wp\/v2\/posts"}],"about":[{"href":"https:\/\/teste.bsb.br\/zeca\/wp-json\/wp\/v2\/types\/post"}],"author":[{"embeddable":true,"href":"https:\/\/teste.bsb.br\/zeca\/wp-json\/wp\/v2\/users\/1"}],"replies":[{"embeddable":true,"href":"https:\/\/teste.bsb.br\/zeca\/wp-json\/wp\/v2\/comments?post=27679"}],"version-history":[{"count":0,"href":"https:\/\/teste.bsb.br\/zeca\/wp-json\/wp\/v2\/posts\/27679\/revisions"}],"wp:featuredmedia":[{"embeddable":true,"href":"https:\/\/teste.bsb.br\/zeca\/wp-json\/wp\/v2\/media\/27678"}],"wp:attachment":[{"href":"https:\/\/teste.bsb.br\/zeca\/wp-json\/wp\/v2\/media?parent=27679"}],"wp:term":[{"taxonomy":"category","embeddable":true,"href":"https:\/\/teste.bsb.br\/zeca\/wp-json\/wp\/v2\/categories?post=27679"},{"taxonomy":"post_tag","embeddable":true,"href":"https:\/\/teste.bsb.br\/zeca\/wp-json\/wp\/v2\/tags?post=27679"}],"curies":[{"name":"wp","href":"https:\/\/api.w.org\/{rel}","templated":true}]}}