{"id":27675,"date":"2011-10-20T00:00:00","date_gmt":"2011-10-20T02:00:00","guid":{"rendered":"https:\/\/www.zecadirceu.com.br\/pais-e-exemplo-de-reducao-das-desigualdades-diz-oms\/"},"modified":"2011-10-20T00:00:00","modified_gmt":"2011-10-20T02:00:00","slug":"pais-e-exemplo-de-reducao-das-desigualdades-diz-oms","status":"publish","type":"post","link":"https:\/\/teste.bsb.br\/zeca\/pais-e-exemplo-de-reducao-das-desigualdades-diz-oms\/","title":{"rendered":"Pa\u00eds \u00e9 exemplo de redu\u00e7\u00e3o das desigualdades, diz OMS"},"content":{"rendered":"<p>&nbsp;<span class=\"Apple-style-span\" style=\"color: rgb(51, 51, 51); font-family: Arial, Helvetica, sans-serif; \"><span class=\"Apple-style-span\" style=\"line-height: 16px; \">Representantes de 120 pa&iacute;ses participam de 19 a 21 de outubro, no Rio de Janeiro, da Confer&ecirc;ncia Mundial sobre Determinantes Sociais da Sa&uacute;de, promovida pela Organiza&ccedil;&atilde;o Mundial da Sa&uacute;de (OMS). O objetivo do encontro &eacute; discutir os efeitos dos investimentos sociais na &aacute;rea da sa&uacute;de p&uacute;blica.<\/span><\/p>\n<p style=\"margin-top: 3px; margin-right: 0px; margin-bottom: 10px; margin-left: 0px; padding-top: 0px; padding-right: 0px; padding-bottom: 0px; padding-left: 0px; line-height: 16px; \">Em entrevista coletiva antes da abertura do evento, a diretora-geral da OMS, Margaret Cha, citou o Brasil como exemplo de Pa&iacute;s que est&aacute; fazendo investimentos para buscar a redu&ccedil;&atilde;o das desigualdades sociais.<\/p>\n<p style=\"margin-top: 3px; margin-right: 0px; margin-bottom: 10px; margin-left: 0px; padding-top: 0px; padding-right: 0px; padding-bottom: 0px; padding-left: 0px; line-height: 16px; \">De acordo com Margaret, os pa&iacute;ses precisam ampliar pol&iacute;ticas em &aacute;reas como educa&ccedil;&atilde;o, emprego e redu&ccedil;&atilde;o das desigualdades para melhorar a sa&uacute;de das popula&ccedil;&otilde;es. Segundo a diretora-geral da OMS, no atual momento, em que o mundo passa por uma crise econ&ocirc;mica, &eacute; importante que governos mantenham investimentos sociais.<\/p>\n<p style=\"margin-top: 3px; margin-right: 0px; margin-bottom: 10px; margin-left: 0px; padding-top: 0px; padding-right: 0px; padding-bottom: 0px; padding-left: 0px; line-height: 16px; \">O ministro da Sa&uacute;de, Alexandre Padilha, presente no evento, destacou a import&acirc;ncia de o Brasil sediar o evento, que &eacute; a maior confer&ecirc;ncia da OMS nos &uacute;ltimos 30 anos. Segundo ele, o Pa&iacute;s tem uma tradi&ccedil;&atilde;o de compromisso com a sa&uacute;de, que vem desde a Constitui&ccedil;&atilde;o de 1988, com a cria&ccedil;&atilde;o do Sistema &Uacute;nico de Sa&uacute;de (SUS).<\/p>\n<p style=\"margin-top: 3px; margin-right: 0px; margin-bottom: 10px; margin-left: 0px; padding-top: 0px; padding-right: 0px; padding-bottom: 0px; padding-left: 0px; line-height: 16px; \">Padilha disse que, nos &uacute;ltimos anos, os investimentos do governo brasileiro na &aacute;rea social, como saneamento, habita&ccedil;&atilde;o e combate a fome, contribu&iacute;ram para a melhoria de indicadores de sa&uacute;de. Como exemplo, o ministro citou a redu&ccedil;&atilde;o dos &iacute;ndices de tuberculose no Pa&iacute;s, provocada pela redu&ccedil;&atilde;o da pobreza e pela pol&iacute;tica habitacional adotada pelo governo.<\/p>\n<p style=\"margin-top: 3px; margin-right: 0px; margin-bottom: 10px; margin-left: 0px; padding-top: 0px; padding-right: 0px; padding-bottom: 0px; padding-left: 0px; line-height: 16px; \">O ministro tamb&eacute;m comentou o Atlas de Saneamento 2011, divulgado nesta quarta-feira (19) pelo Instituto Brasileiro de Geografia e Estat&iacute;stica (IBGE). O documento mostra que ainda h&aacute; muitos munic&iacute;pios sem saneamento adequado no Pa&iacute;s. &ldquo;O saneamento j&aacute; &eacute; uma quest&atilde;o priorit&aacute;ria no Brasil. Avan&ccedil;amos nos &uacute;ltimos anos e certamente esses n&uacute;meros ser&atilde;o melhores com as a&ccedil;&otilde;es do Programa de Acelera&ccedil;&atilde;o do Crescimento, PAC 1 e do PAC 2, porque s&atilde;o dados de 2008. Para n&oacute;s &eacute; fundamental a amplia&ccedil;&atilde;o dos servi&ccedil;os de saneamento&rdquo;.<\/p>\n<p style=\"margin-top: 3px; margin-right: 0px; margin-bottom: 10px; margin-left: 0px; padding-top: 0px; padding-right: 0px; padding-bottom: 0px; padding-left: 0px; line-height: 16px; \">Em rela&ccedil;&atilde;o &agrave; dengue, Padilha disse que o governo federal tem orientado estados e munic&iacute;pios a come&ccedil;ar a se preparar para o pr&oacute;ximo ver&atilde;o, per&iacute;odo em que ocorrem as epidemias da doen&ccedil;a no Pa&iacute;s. Segundo ele, &eacute; importante que os governos locais comecem a identificar resid&ecirc;ncias com focos do mosquito, a planejar campanhas educativas e a preparar seus servi&ccedil;os de sa&uacute;de. Segundo ele, o Minist&eacute;rio da Sa&uacute;de poder&aacute; ampliar em at&eacute; 20% os recursos para munic&iacute;pios que cumpram as metas estabelecidas pelo governo federal, de acordo com pol&iacute;tica lan&ccedil;ada no &uacute;ltimo m&ecirc;s.<\/p>\n<p style=\"margin-top: 3px; margin-right: 0px; margin-bottom: 10px; margin-left: 0px; padding-top: 0px; padding-right: 0px; padding-bottom: 0px; padding-left: 0px; line-height: 16px; \">(Ag&ecirc;ncia Brasil)<\/p>\n<p><\/span><\/p>\n","protected":false},"excerpt":{"rendered":"<p>Representantes de 120 pa\u00edses participam de 19 a 21 de outubro, no Rio de Janeiro, da Confer\u00eancia Mundial sobre Determinantes Sociais da Sa\u00fade, promovida pela Organiza\u00e7\u00e3o Mundial da Sa\u00fade (OMS). O objetivo do encontro \u00e9 discutir os efeitos dos investimentos sociais na \u00e1rea da sa\u00fade p\u00fablica.<\/p>\n","protected":false},"author":1,"featured_media":27674,"comment_status":"open","ping_status":"open","sticky":false,"template":"","format":"standard","meta":{"footnotes":""},"categories":[1],"tags":[6502,6501],"class_list":["post-27675","post","type-post","status-publish","format-standard","has-post-thumbnail","hentry","category-noticias-zeca-dirceu","tag-diz-oms","tag-pais-e-exemplo-de-reducao-das-desigualdades"],"_links":{"self":[{"href":"https:\/\/teste.bsb.br\/zeca\/wp-json\/wp\/v2\/posts\/27675","targetHints":{"allow":["GET"]}}],"collection":[{"href":"https:\/\/teste.bsb.br\/zeca\/wp-json\/wp\/v2\/posts"}],"about":[{"href":"https:\/\/teste.bsb.br\/zeca\/wp-json\/wp\/v2\/types\/post"}],"author":[{"embeddable":true,"href":"https:\/\/teste.bsb.br\/zeca\/wp-json\/wp\/v2\/users\/1"}],"replies":[{"embeddable":true,"href":"https:\/\/teste.bsb.br\/zeca\/wp-json\/wp\/v2\/comments?post=27675"}],"version-history":[{"count":0,"href":"https:\/\/teste.bsb.br\/zeca\/wp-json\/wp\/v2\/posts\/27675\/revisions"}],"wp:featuredmedia":[{"embeddable":true,"href":"https:\/\/teste.bsb.br\/zeca\/wp-json\/wp\/v2\/media\/27674"}],"wp:attachment":[{"href":"https:\/\/teste.bsb.br\/zeca\/wp-json\/wp\/v2\/media?parent=27675"}],"wp:term":[{"taxonomy":"category","embeddable":true,"href":"https:\/\/teste.bsb.br\/zeca\/wp-json\/wp\/v2\/categories?post=27675"},{"taxonomy":"post_tag","embeddable":true,"href":"https:\/\/teste.bsb.br\/zeca\/wp-json\/wp\/v2\/tags?post=27675"}],"curies":[{"name":"wp","href":"https:\/\/api.w.org\/{rel}","templated":true}]}}