{"id":27673,"date":"2011-10-20T00:00:00","date_gmt":"2011-10-20T02:00:00","guid":{"rendered":"https:\/\/www.zecadirceu.com.br\/comissao-da-verdade-e-aprovada-na-ccj-do-senado\/"},"modified":"2011-10-20T00:00:00","modified_gmt":"2011-10-20T02:00:00","slug":"comissao-da-verdade-e-aprovada-na-ccj-do-senado","status":"publish","type":"post","link":"https:\/\/teste.bsb.br\/zeca\/comissao-da-verdade-e-aprovada-na-ccj-do-senado\/","title":{"rendered":"Comiss\u00e3o da Verdade \u00e9 aprovada na CCJ do Senado"},"content":{"rendered":"<p>&nbsp;<span class=\"Apple-style-span\" style=\"color: rgb(51, 51, 51); font-family: Arial, Helvetica, sans-serif; \"><span class=\"Apple-style-span\" style=\"line-height: 16px; \">De autoria do Executivo, o texto dever&aacute; seguir direto para aprecia&ccedil;&atilde;o no Plen&aacute;rio da Casa, se for aprovado requerimento de Regime de Urg&ecirc;ncia, que dever&aacute; ser apresentado inda hoje pelo l&iacute;der do governo no Senado, senador Romero Juc&aacute; (PMDB-RR).<br \/>\n<\/span><\/p>\n<p style=\"margin-top: 3px; margin-right: 0px; margin-bottom: 10px; margin-left: 0px; padding-top: 0px; padding-right: 0px; padding-bottom: 0px; padding-left: 0px; line-height: 16px; \">\nA not&iacute;cia agradou a ministra Maria do Ros&aacute;rio, da Secretaria de Direitos Humanos da Presid&ecirc;ncia da Rep&uacute;blica (SDH\/PR), que elogiou e agradeceu a compreens&atilde;o dos parlamentares sobre a import&acirc;ncia da celeridade na tramita&ccedil;&atilde;o da mat&eacute;ria.<\/p>\n<p style=\"margin-top: 3px; margin-right: 0px; margin-bottom: 10px; margin-left: 0px; padding-top: 0px; padding-right: 0px; padding-bottom: 0px; padding-left: 0px; line-height: 16px; \">&ldquo;Estamos com uma expectativa bastante positiva em rela&ccedil;&atilde;o &agrave; aprova&ccedil;&atilde;o deste importante projeto no plen&aacute;rio da Casa. O sentimento que temos &eacute; que o Brasil inteiro vai acompanhado cada passo deste projeto no parlamento, com bastante entusiasmo. As pessoas j&aacute; est&atilde;o buscando informa&ccedil;&otilde;es sobre o tema, comit&ecirc;s j&aacute; come&ccedil;am a ser estruturados, pois h&aacute; a compreens&atilde;o de que a mem&oacute;ria e a verdade &eacute; um direito do Pa&iacute;s&rdquo;, afirmou.<\/p>\n<p style=\"margin-top: 3px; margin-right: 0px; margin-bottom: 10px; margin-left: 0px; padding-top: 0px; padding-right: 0px; padding-bottom: 0px; padding-left: 0px; line-height: 16px; \">Ros&aacute;rio elogiou a consist&ecirc;ncia do projeto e disse que a Comiss&atilde;o da Verdade ter&aacute; um papel eficaz na apura&ccedil;&atilde;o de per&iacute;odos obscuros da hist&oacute;ria do pa&iacute;s. &ldquo;A popula&ccedil;&atilde;o brasileira pode ficar tranquila, porque o texto que estamos aprovando no Congresso Nacional constitui firmes dispositivos para conhecermos os fatos ocorridos na ditadura militar. Confiamos que este instrumento &eacute; um passo fundamental na democracia brasileira&rdquo;, destacou.<\/p>\n<p style=\"margin-top: 3px; margin-right: 0px; margin-bottom: 10px; margin-left: 0px; padding-top: 0px; padding-right: 0px; padding-bottom: 0px; padding-left: 0px; line-height: 16px; \">Relat&oacute;rio &#8211; No relat&oacute;rio favor&aacute;vel ao projeto, o relator do projeto, senador Aloysio Nunes (PSDB-SP), lembrou o trabalho realizado pela Comiss&atilde;o de Anistia e a ado&ccedil;&atilde;o de medidas de repara&ccedil;&atilde;o &ldquo;&agrave;s pessoas atingidas por atos arbitr&aacute;rios cometidos antes da promulga&ccedil;&atilde;o da Constitui&ccedil;&atilde;o federal de 1988&rdquo;.&nbsp; Ele considerou a Comiss&atilde;o da Verdade &ldquo;um passo distinto e complementar&rdquo; ao que j&aacute; foi realizado no pa&iacute;s.<\/p>\n<p style=\"margin-top: 3px; margin-right: 0px; margin-bottom: 10px; margin-left: 0px; padding-top: 0px; padding-right: 0px; padding-bottom: 0px; padding-left: 0px; line-height: 16px; \">O relator manteve o texto aprovado pela C&acirc;mara dos Deputados, apresentando apenas duas emendas de reda&ccedil;&atilde;o. Ele considerou desnecess&aacute;rio alterar artigo que trata de documentos sigilosos, como pedem familiares de mortos e desaparecidos pol&iacute;ticos, que defendem a abertura das informa&ccedil;&otilde;es ao conhecimento p&uacute;blico. Para Aloysio, o texto determina a manuten&ccedil;&atilde;o do sigilo dos documentos apenas na fase de trabalho da comiss&atilde;o.&nbsp;<br style=\"margin-top: 0px; margin-right: 0px; margin-bottom: 0px; margin-left: 0px; padding-top: 0px; padding-right: 0px; padding-bottom: 0px; padding-left: 0px; \" \/><br \/>\n&nbsp; &nbsp;&nbsp;<br style=\"margin-top: 0px; margin-right: 0px; margin-bottom: 0px; margin-left: 0px; padding-top: 0px; padding-right: 0px; padding-bottom: 0px; padding-left: 0px; \" \/><br \/>\n(Assessoria de Comunica&ccedil;&atilde;o Social SDH com Ag&ecirc;ncia Senado)<\/p>\n<p><\/span><\/p>\n","protected":false},"excerpt":{"rendered":"<p>De autoria do Executivo, o texto dever\u00e1 seguir direto para aprecia\u00e7\u00e3o no Plen\u00e1rio da Casa, se for aprovado requerimento de Regime de Urg\u00eancia, que dever\u00e1 ser apresentado inda hoje pelo l\u00edder do governo no Senado, senador Romero Juc\u00e1 (PMDB-RR).<br \/>\nA not\u00edcia agradou a ministra Maria do Ros\u00e1rio, da Secretaria de Direitos Humanos da Presid\u00eancia da Rep\u00fablica (SDH\/PR), que elogiou e agradeceu a compreens\u00e3o dos parlamentares sobre a import\u00e2ncia da celeridade na tramita\u00e7\u00e3o da mat\u00e9ria.<\/p>\n","protected":false},"author":1,"featured_media":27672,"comment_status":"open","ping_status":"open","sticky":false,"template":"","format":"standard","meta":{"footnotes":""},"categories":[1],"tags":[6500],"class_list":["post-27673","post","type-post","status-publish","format-standard","has-post-thumbnail","hentry","category-noticias-zeca-dirceu","tag-comissao-da-verdade-e-aprovada-na-ccj-do-senado"],"_links":{"self":[{"href":"https:\/\/teste.bsb.br\/zeca\/wp-json\/wp\/v2\/posts\/27673","targetHints":{"allow":["GET"]}}],"collection":[{"href":"https:\/\/teste.bsb.br\/zeca\/wp-json\/wp\/v2\/posts"}],"about":[{"href":"https:\/\/teste.bsb.br\/zeca\/wp-json\/wp\/v2\/types\/post"}],"author":[{"embeddable":true,"href":"https:\/\/teste.bsb.br\/zeca\/wp-json\/wp\/v2\/users\/1"}],"replies":[{"embeddable":true,"href":"https:\/\/teste.bsb.br\/zeca\/wp-json\/wp\/v2\/comments?post=27673"}],"version-history":[{"count":0,"href":"https:\/\/teste.bsb.br\/zeca\/wp-json\/wp\/v2\/posts\/27673\/revisions"}],"wp:featuredmedia":[{"embeddable":true,"href":"https:\/\/teste.bsb.br\/zeca\/wp-json\/wp\/v2\/media\/27672"}],"wp:attachment":[{"href":"https:\/\/teste.bsb.br\/zeca\/wp-json\/wp\/v2\/media?parent=27673"}],"wp:term":[{"taxonomy":"category","embeddable":true,"href":"https:\/\/teste.bsb.br\/zeca\/wp-json\/wp\/v2\/categories?post=27673"},{"taxonomy":"post_tag","embeddable":true,"href":"https:\/\/teste.bsb.br\/zeca\/wp-json\/wp\/v2\/tags?post=27673"}],"curies":[{"name":"wp","href":"https:\/\/api.w.org\/{rel}","templated":true}]}}