{"id":27665,"date":"2011-10-20T00:00:00","date_gmt":"2011-10-20T02:00:00","guid":{"rendered":"https:\/\/www.zecadirceu.com.br\/pranchita-ja-tem-empenho-para-a-construcao-da-creche-proinfancia\/"},"modified":"2011-10-20T00:00:00","modified_gmt":"2011-10-20T02:00:00","slug":"pranchita-ja-tem-empenho-para-a-construcao-da-creche-proinfancia","status":"publish","type":"post","link":"https:\/\/teste.bsb.br\/zeca\/pranchita-ja-tem-empenho-para-a-construcao-da-creche-proinfancia\/","title":{"rendered":"Pranchita j\u00e1 tem empenho para a constru\u00e7\u00e3o da Creche Proinf\u00e2ncia"},"content":{"rendered":"<p>&nbsp;O munic&iacute;pio de Pranchita j&aacute; pode comemorar a constru&ccedil;&atilde;o da Creche Proinf&acirc;ncia. O Governo Federal que j&aacute; havia aprovado o projeto, em junho deste ano, agora o empenhou. As tratativas foram realizadas em conjunto com a deputada estadual Luciana Rafagnin. Juntos, orientamos os procedimentos e os acompanhamos at&eacute; o final.<\/p>\n<p class=\"MsoNormal\">O valor do empenho liberado foi de R$ 613.873,48. A partir deste momento ser&atilde;o realizadas as assinaturas dos termos de conv&ecirc;nio, entre o munic&iacute;pio e o FNDE, e na sequ&ecirc;ncia ser&aacute; feita a licita&ccedil;&atilde;o da obra. A creche ter&aacute; capacidade para atender 120 crian&ccedil;as.<\/p>\n<p class=\"MsoNormal\"><o:p>&nbsp;<\/o:p><\/p>\n<p class=\"MsoNormal\"><b>O Proinf&acirc;ncia <o:p><\/o:p><\/b><\/p>\n<p class=\"MsoNormal\"><span>&nbsp;<\/span>Programa Nacional de Reestrutura&ccedil;&atilde;o e Aparelhagem da Rede Escolar P&uacute;blica de Educa&ccedil;&atilde;o Infantil &ndash; foi criado por iniciativa do Minist&eacute;rio da Educa&ccedil;&atilde;o (MEC) e do Fundo de Desenvolvimento da Educa&ccedil;&atilde;o (FNDE) como parte das a&ccedil;&otilde;es do Plano de Desenvolvimento da Educa&ccedil;&atilde;o (PDE), lan&ccedil;ado em 2006 com vistas ao aprimoramento da infra-estrutura da rede p&uacute;blica de educa&ccedil;&atilde;o infantil dos munic&iacute;pios por meio de constru&ccedil;&otilde;es de novas unidades escolares, reformas ou amplia&ccedil;&otilde;es, bem como seu respectivo aparelhamento com equipamentos e mobili&aacute;rios adequados.<\/p>\n<p class=\"MsoNormal\">Mesmo consciente da compet&ecirc;ncia municipal pelo oferecimento da educa&ccedil;&atilde;o infantil gratuita como primeira etapa da educa&ccedil;&atilde;o b&aacute;sica, o Governo Federal resolve pela implementa&ccedil;&atilde;o do programa PROINF&Acirc;NCIA com vistas a alavancar o combate &agrave; escassez e precariedade da infraestrutura escolar referente ao ensino infantil nos munic&iacute;pios brasileiros e promover a corre&ccedil;&atilde;o progressiva da disparidade de acesso a este n&iacute;vel de ensino.<\/p>\n","protected":false},"excerpt":{"rendered":"<p>O munic\u00edpio de Pranchita j\u00e1 pode comemorar a constru\u00e7\u00e3o da Creche Proinf\u00e2ncia. O Governo Federal que j\u00e1 havia aprovado o projeto, em junho deste ano, agora o empenhou. As tratativas foram realizadas em conjunto com a deputada estadual Luciana Rafagnin. Juntos, orientamos os procedimentos e os acompanhamos at\u00e9 o final.<\/p>\n","protected":false},"author":1,"featured_media":27664,"comment_status":"open","ping_status":"open","sticky":false,"template":"","format":"standard","meta":{"footnotes":""},"categories":[1],"tags":[6497],"class_list":["post-27665","post","type-post","status-publish","format-standard","has-post-thumbnail","hentry","category-noticias-zeca-dirceu","tag-pranchita-ja-tem-empenho-para-a-construcao-da-creche-proinfancia"],"_links":{"self":[{"href":"https:\/\/teste.bsb.br\/zeca\/wp-json\/wp\/v2\/posts\/27665","targetHints":{"allow":["GET"]}}],"collection":[{"href":"https:\/\/teste.bsb.br\/zeca\/wp-json\/wp\/v2\/posts"}],"about":[{"href":"https:\/\/teste.bsb.br\/zeca\/wp-json\/wp\/v2\/types\/post"}],"author":[{"embeddable":true,"href":"https:\/\/teste.bsb.br\/zeca\/wp-json\/wp\/v2\/users\/1"}],"replies":[{"embeddable":true,"href":"https:\/\/teste.bsb.br\/zeca\/wp-json\/wp\/v2\/comments?post=27665"}],"version-history":[{"count":0,"href":"https:\/\/teste.bsb.br\/zeca\/wp-json\/wp\/v2\/posts\/27665\/revisions"}],"wp:featuredmedia":[{"embeddable":true,"href":"https:\/\/teste.bsb.br\/zeca\/wp-json\/wp\/v2\/media\/27664"}],"wp:attachment":[{"href":"https:\/\/teste.bsb.br\/zeca\/wp-json\/wp\/v2\/media?parent=27665"}],"wp:term":[{"taxonomy":"category","embeddable":true,"href":"https:\/\/teste.bsb.br\/zeca\/wp-json\/wp\/v2\/categories?post=27665"},{"taxonomy":"post_tag","embeddable":true,"href":"https:\/\/teste.bsb.br\/zeca\/wp-json\/wp\/v2\/tags?post=27665"}],"curies":[{"name":"wp","href":"https:\/\/api.w.org\/{rel}","templated":true}]}}