{"id":27659,"date":"2011-10-22T00:00:00","date_gmt":"2011-10-22T02:00:00","guid":{"rendered":"https:\/\/www.zecadirceu.com.br\/bolsa-familia-beneficia-52-milhoes-de-pessoas-no-pais\/"},"modified":"2011-10-22T00:00:00","modified_gmt":"2011-10-22T02:00:00","slug":"bolsa-familia-beneficia-52-milhoes-de-pessoas-no-pais","status":"publish","type":"post","link":"https:\/\/teste.bsb.br\/zeca\/bolsa-familia-beneficia-52-milhoes-de-pessoas-no-pais\/","title":{"rendered":"Bolsa Fam\u00edlia beneficia 52 milh\u00f5es de pessoas no Pa\u00eds"},"content":{"rendered":"<p>&nbsp;<span class=\"Apple-style-span\" style=\"font-size: 10px; \"><span class=\"Apple-style-span\" style=\"color: rgb(40, 49, 48); font-family: Arial, Helvetica, sans-serif; font-size: 13px; line-height: 17px; \">O&nbsp;<a class=\"external-link first-child last-child\" href=\"http:\/\/www.mds.gov.br\/bolsafamilia\" target=\"_blank\" style=\"margin-top: 0px; margin-right: 0px; margin-bottom: 0px; margin-left: 0px; padding-top: 0px; padding-right: 12px; padding-bottom: 0px; padding-left: 0px; border-top-width: 0px; border-right-width: 0px; border-bottom-width: 0px; border-left-width: 0px; border-style: initial; border-color: initial; outline-width: 0px; outline-style: initial; outline-color: initial; vertical-align: baseline; background-image: url(http:\/\/www.secom.gov.br\/portal_css\/Secom\/bg\/linkExterno.gif); background-attachment: initial; background-origin: initial; background-clip: initial; background-color: initial; color: rgb(23, 67, 155); text-decoration: underline; background-position: 100% 50%; background-repeat: no-repeat no-repeat; \">Bolsa Fam&iacute;lia&nbsp;<\/a>&nbsp;atende, atualmente, 52 milh&otilde;es de pessoas em situa&ccedil;&atilde;o de pobreza e de extrema pobreza no Pa&iacute;s. S&atilde;o 13,2 milh&otilde;es de fam&iacute;lias que recebem o benef&iacute;cio. Desde 2003, o investimento no programa totaliza R$ 76 bilh&otilde;es. Os dados foram divulgados pelo Minist&eacute;rio do Desenvolvimento Social e Combate &agrave; Fome (MDS) nesta semana, quando o Bolsa Fam&iacute;lia completa oito anos.&nbsp;<br \/>\n<\/span><\/p>\n<p style=\"margin-top: 0px; margin-right: 0px; margin-bottom: 0px; margin-left: 0px; padding-top: 0px; padding-right: 0px; padding-bottom: 18px; padding-left: 0px; border-top-width: 0px; border-right-width: 0px; border-bottom-width: 0px; border-left-width: 0px; border-style: initial; border-color: initial; outline-width: 0px; outline-style: initial; outline-color: initial; vertical-align: baseline; background-image: initial; background-attachment: initial; background-origin: initial; background-clip: initial; background-color: transparent; font: normal normal normal 1.3em\/normal Arial, Helvetica, sans-serif; color: rgb(40, 49, 48); line-height: 17px; background-position: initial initial; background-repeat: initial initial; \">\nCom o programa, o &iacute;ndice de crian&ccedil;as e adolescentes de 6 a 16 anos fora da escola diminui em 36% em rela&ccedil;&atilde;o &agrave;s fam&iacute;lias n&atilde;o atendidas, de acordo com o Instituto Nacional de Estudos e Pesquisas Educacionais An&iacute;sio Teixeira (Inep\/MEC).<\/p>\n<p style=\"margin-top: 0px; margin-right: 0px; margin-bottom: 0px; margin-left: 0px; padding-top: 0px; padding-right: 0px; padding-bottom: 18px; padding-left: 0px; border-top-width: 0px; border-right-width: 0px; border-bottom-width: 0px; border-left-width: 0px; border-style: initial; border-color: initial; outline-width: 0px; outline-style: initial; outline-color: initial; vertical-align: baseline; background-image: initial; background-attachment: initial; background-origin: initial; background-clip: initial; background-color: transparent; font: normal normal normal 1.3em\/normal Arial, Helvetica, sans-serif; color: rgb(40, 49, 48); line-height: 17px; background-position: initial initial; background-repeat: initial initial; \">Dados do Minist&eacute;rio da Sa&uacute;de mostram que a desnutri&ccedil;&atilde;o infantil caiu de 12,5% para 4,8% de 2003 a 2008, entre os benefici&aacute;rios com at&eacute; cinco anos. Pesquisa elaborada pelas professoras Leonor Pacheco Santos e &Eacute;dina Miazagi, da Universidade de Bras&iacute;lia, mostra que a compra de alimentos pelas fam&iacute;lias benefici&aacute;rias aumentou em 79%.<\/p>\n<p style=\"margin-top: 0px; margin-right: 0px; margin-bottom: 0px; margin-left: 0px; padding-top: 0px; padding-right: 0px; padding-bottom: 18px; padding-left: 0px; border-top-width: 0px; border-right-width: 0px; border-bottom-width: 0px; border-left-width: 0px; border-style: initial; border-color: initial; outline-width: 0px; outline-style: initial; outline-color: initial; vertical-align: baseline; background-image: initial; background-attachment: initial; background-origin: initial; background-clip: initial; background-color: transparent; font: normal normal normal 1.3em\/normal Arial, Helvetica, sans-serif; color: rgb(40, 49, 48); line-height: 17px; background-position: initial initial; background-repeat: initial initial; \"><strong class=\"first-child last-child\" style=\"margin-top: 0px; margin-right: 0px; margin-bottom: 0px; margin-left: 0px; padding-top: 0px; padding-right: 0px; padding-bottom: 0px; padding-left: 0px; border-top-width: 0px; border-right-width: 0px; border-bottom-width: 0px; border-left-width: 0px; border-style: initial; border-color: initial; outline-width: 0px; outline-style: initial; outline-color: initial; vertical-align: baseline; background-image: initial; background-attachment: initial; background-origin: initial; background-clip: initial; background-color: transparent; background-position: initial initial; background-repeat: initial initial; \">Fora da extrema pobreza &#8211;&nbsp;<\/strong>Estudos do Instituto de Pesquisa Econ&ocirc;mica Aplicada (Ipea) apontam que o programa foi o respons&aacute;vel por retirar tr&ecirc;s milh&otilde;es de pessoas da extrema pobreza em 2009 e um dos fatores determinantes para a queda da desigualdade de rendimentos nos &uacute;ltimos anos no Pa&iacute;s.&nbsp;<\/p>\n<p style=\"margin-top: 0px; margin-right: 0px; margin-bottom: 0px; margin-left: 0px; padding-top: 0px; padding-right: 0px; padding-bottom: 18px; padding-left: 0px; border-top-width: 0px; border-right-width: 0px; border-bottom-width: 0px; border-left-width: 0px; border-style: initial; border-color: initial; outline-width: 0px; outline-style: initial; outline-color: initial; vertical-align: baseline; background-image: initial; background-attachment: initial; background-origin: initial; background-clip: initial; background-color: transparent; font: normal normal normal 1.3em\/normal Arial, Helvetica, sans-serif; color: rgb(40, 49, 48); line-height: 17px; background-position: initial initial; background-repeat: initial initial; \">As pesquisas do Ipea mostram, ainda, que 72% dos benefici&aacute;rios adultos trabalham e que mais de 2,2 milh&otilde;es de fam&iacute;lias sa&iacute;ram do programa porque melhoraram de renda.<\/p>\n<p style=\"margin-top: 0px; margin-right: 0px; margin-bottom: 0px; margin-left: 0px; padding-top: 0px; padding-right: 0px; padding-bottom: 18px; padding-left: 0px; border-top-width: 0px; border-right-width: 0px; border-bottom-width: 0px; border-left-width: 0px; border-style: initial; border-color: initial; outline-width: 0px; outline-style: initial; outline-color: initial; vertical-align: baseline; background-image: initial; background-attachment: initial; background-origin: initial; background-clip: initial; background-color: transparent; font: normal normal normal 1.3em\/normal Arial, Helvetica, sans-serif; color: rgb(40, 49, 48); line-height: 17px; background-position: initial initial; background-repeat: initial initial; \"><strong class=\"first-child last-child\" style=\"margin-top: 0px; margin-right: 0px; margin-bottom: 0px; margin-left: 0px; padding-top: 0px; padding-right: 0px; padding-bottom: 0px; padding-left: 0px; border-top-width: 0px; border-right-width: 0px; border-bottom-width: 0px; border-left-width: 0px; border-style: initial; border-color: initial; outline-width: 0px; outline-style: initial; outline-color: initial; vertical-align: baseline; background-image: initial; background-attachment: initial; background-origin: initial; background-clip: initial; background-color: transparent; background-position: initial initial; background-repeat: initial initial; \">Frequ&ecirc;ncia escolar e agenda da sa&uacute;de refor&ccedil;am acesso a direitos b&aacute;sicos&nbsp;<\/strong><\/p>\n<p style=\"margin-top: 0px; margin-right: 0px; margin-bottom: 0px; margin-left: 0px; padding-top: 0px; padding-right: 0px; padding-bottom: 18px; padding-left: 0px; border-top-width: 0px; border-right-width: 0px; border-bottom-width: 0px; border-left-width: 0px; border-style: initial; border-color: initial; outline-width: 0px; outline-style: initial; outline-color: initial; vertical-align: baseline; background-image: initial; background-attachment: initial; background-origin: initial; background-clip: initial; background-color: transparent; font: normal normal normal 1.3em\/normal Arial, Helvetica, sans-serif; color: rgb(40, 49, 48); line-height: 17px; background-position: initial initial; background-repeat: initial initial; \">Toda fam&iacute;lia brasileira, com renda mensal de at&eacute; R$ 140 por integrante, tem direito ao benef&iacute;cio. Os valores variam entre R$ 32 a R$ 306, de acordo com o perfil socioecon&ocirc;mico e a quantidade de crian&ccedil;as e adolescentes de at&eacute; 17 anos. Para receber, &eacute; preciso se inscrever no Cadastro &Uacute;nico para Programas Sociais do governo federal. Esta base de dados &eacute; usada pelo MDS para concess&atilde;o dos valores.<\/p>\n<p style=\"margin-top: 0px; margin-right: 0px; margin-bottom: 0px; margin-left: 0px; padding-top: 0px; padding-right: 0px; padding-bottom: 18px; padding-left: 0px; border-top-width: 0px; border-right-width: 0px; border-bottom-width: 0px; border-left-width: 0px; border-style: initial; border-color: initial; outline-width: 0px; outline-style: initial; outline-color: initial; vertical-align: baseline; background-image: initial; background-attachment: initial; background-origin: initial; background-clip: initial; background-color: transparent; font: normal normal normal 1.3em\/normal Arial, Helvetica, sans-serif; color: rgb(40, 49, 48); line-height: 17px; background-position: initial initial; background-repeat: initial initial; \">Transfer&ecirc;ncia de renda, condicionalidades e programas complementares s&atilde;o os tr&ecirc;s eixos principais que comp&otilde;em o Bolsa Fam&iacute;lia. As condicionalidades, como comprova&ccedil;&atilde;o de frequ&ecirc;ncia escolar dos benefici&aacute;rios at&eacute; 17 anos e agenda de sa&uacute;de em dia, refor&ccedil;am o acesso a direitos sociais b&aacute;sico. Os programas complementares objetivam o desenvolvimento das fam&iacute;lias de forma que haja supera&ccedil;&atilde;o da situa&ccedil;&atilde;o de vulnerabilidade.<\/p>\n<p style=\"margin-top: 0px; margin-right: 0px; margin-bottom: 0px; margin-left: 0px; padding-top: 0px; padding-right: 0px; padding-bottom: 18px; padding-left: 0px; border-top-width: 0px; border-right-width: 0px; border-bottom-width: 0px; border-left-width: 0px; border-style: initial; border-color: initial; outline-width: 0px; outline-style: initial; outline-color: initial; vertical-align: baseline; background-image: initial; background-attachment: initial; background-origin: initial; background-clip: initial; background-color: transparent; font: normal normal normal 1.3em\/normal Arial, Helvetica, sans-serif; color: rgb(40, 49, 48); line-height: 17px; background-position: initial initial; background-repeat: initial initial; \">Mulheres &#8211; As mulheres constituem 94% dos titulares dos cart&otilde;es do Bolsa Fam&iacute;lia. De acordo com o MDS, o benef&iacute;cio faz com que as crian&ccedil;as, principalmente as meninas, fiquem mais tempo na sala de aula e obtenham mais &ecirc;xito no desenvolvimento escolar.&nbsp;<\/p>\n<p>Secom<\/p>\n<p><\/span><\/p>\n","protected":false},"excerpt":{"rendered":"<p>O Bolsa Fam\u00edlia  atende, atualmente, 52 milh\u00f5es de pessoas em situa\u00e7\u00e3o de pobreza e de extrema pobreza no Pa\u00eds. S\u00e3o 13,2 milh\u00f5es de fam\u00edlias que recebem o benef\u00edcio. Desde 2003, o investimento no programa totaliza R$ 76 bilh\u00f5es. Os dados foram divulgados pelo Minist\u00e9rio do Desenvolvimento Social e Combate \u00e0 Fome (MDS) nesta semana, quando o Bolsa Fam\u00edlia completa oito anos.<\/p>\n","protected":false},"author":1,"featured_media":27658,"comment_status":"open","ping_status":"open","sticky":false,"template":"","format":"standard","meta":{"footnotes":""},"categories":[1],"tags":[6493],"class_list":["post-27659","post","type-post","status-publish","format-standard","has-post-thumbnail","hentry","category-noticias-zeca-dirceu","tag-bolsa-familia-beneficia-52-milhoes-de-pessoas-no-pais"],"_links":{"self":[{"href":"https:\/\/teste.bsb.br\/zeca\/wp-json\/wp\/v2\/posts\/27659","targetHints":{"allow":["GET"]}}],"collection":[{"href":"https:\/\/teste.bsb.br\/zeca\/wp-json\/wp\/v2\/posts"}],"about":[{"href":"https:\/\/teste.bsb.br\/zeca\/wp-json\/wp\/v2\/types\/post"}],"author":[{"embeddable":true,"href":"https:\/\/teste.bsb.br\/zeca\/wp-json\/wp\/v2\/users\/1"}],"replies":[{"embeddable":true,"href":"https:\/\/teste.bsb.br\/zeca\/wp-json\/wp\/v2\/comments?post=27659"}],"version-history":[{"count":0,"href":"https:\/\/teste.bsb.br\/zeca\/wp-json\/wp\/v2\/posts\/27659\/revisions"}],"wp:featuredmedia":[{"embeddable":true,"href":"https:\/\/teste.bsb.br\/zeca\/wp-json\/wp\/v2\/media\/27658"}],"wp:attachment":[{"href":"https:\/\/teste.bsb.br\/zeca\/wp-json\/wp\/v2\/media?parent=27659"}],"wp:term":[{"taxonomy":"category","embeddable":true,"href":"https:\/\/teste.bsb.br\/zeca\/wp-json\/wp\/v2\/categories?post=27659"},{"taxonomy":"post_tag","embeddable":true,"href":"https:\/\/teste.bsb.br\/zeca\/wp-json\/wp\/v2\/tags?post=27659"}],"curies":[{"name":"wp","href":"https:\/\/api.w.org\/{rel}","templated":true}]}}