{"id":27657,"date":"2011-10-23T00:00:00","date_gmt":"2011-10-23T02:00:00","guid":{"rendered":"https:\/\/www.zecadirceu.com.br\/zeca-acompanha-o-dia-nacional-da-juventude-comemorado-em-cruzeiro-do-oeste\/"},"modified":"2011-10-23T00:00:00","modified_gmt":"2011-10-23T02:00:00","slug":"zeca-acompanha-o-dia-nacional-da-juventude-comemorado-em-cruzeiro-do-oeste","status":"publish","type":"post","link":"https:\/\/teste.bsb.br\/zeca\/zeca-acompanha-o-dia-nacional-da-juventude-comemorado-em-cruzeiro-do-oeste\/","title":{"rendered":"Zeca acompanha o Dia Nacional da Juventude comemorado em Cruzeiro do Oeste"},"content":{"rendered":"<p class=\"MsoNormal\">A igreja cat&oacute;lica hoje, 23, est&aacute; em festa <span>&nbsp;<\/span>no munic&iacute;pio de Cruzeiro do Oeste. Um grande encontro, que conta com a presen&ccedil;a <span>&nbsp;<\/span>de cinco mil jovens, comemora o Dia Nacional da Juventude. Organizado pelo Setor Juventude e a Pastoral da Juventude (PJ) da Diocese de Umuarama, em parceria com a Par&oacute;quia Nossa Senhora de F&aacute;tima, de Cruzeiro do Oeste, o evento marca o calend&aacute;rio da igreja cat&oacute;lica na regi&atilde;o noroeste do estado. Palestras e shows s&atilde;o algumas das atividades que se prolongam durante todo o domingo.<\/p>\n<p class=\"MsoNormal\">Uma caminhada, para celebrar o Sant&iacute;ssimo Sacramento, deu in&iacute;cio &agrave;s comemora&ccedil;&otilde;es do evento, &agrave;s 8h da manh&atilde;. O trecho percorrido come&ccedil;ou no Centro de Eventos se estendeu at&eacute; o p&aacute;tio da Par&oacute;quia Nossa Senhora de F&aacute;tima. Aproximadamente, cinco mil jovens acompanharam a atividade, que se somam a outras, como palestras, shows de bandas e troca de experi&ecirc;ncias, com a miss&atilde;o de reunir jovens e resgatar valores da igreja cat&oacute;lica. O evento ainda aguarda uma atra&ccedil;&atilde;o musical, a presen&ccedil;a da cantora cat&oacute;lica Adriana Arydes.<\/p>\n<p class=\"MsoNormal\">&ldquo;Este evento j&aacute; entrou para o calend&aacute;rio da regi&atilde;o, uma festa muito bem organizada, que resgata valores. A celebra&ccedil;&atilde;o da Eucaristia &eacute; sempre um momento de reflex&atilde;o&rdquo; observou o deputado federal Zeca Dirceu, que acompanha o evento.<\/p>\n<p class=\"MsoNormal\"><b>A Eucaristia<o:p><\/o:p><\/b><\/p>\n<p class=\"MsoNormal\">&Eacute; uma cerim&ocirc;nia que lembra a morte na Cruz e a ressurrei&ccedil;&atilde;o de Jesus. Ela tamb&eacute;m &eacute; conhecida como &lsquo;ceia do Senhor&rsquo;, &lsquo;primeira comunh&atilde;o&rsquo;, entre outras denomina&ccedil;&otilde;es. Esta palavra vem do grego, com o significado de &lsquo;reconhecimento&rsquo;, &lsquo;a&ccedil;&atilde;o de gra&ccedil;as&rsquo;. Ela &eacute; considerada pela Igreja Cat&oacute;lica como o sacramento que representa o corpo e o sangue de Cristo transmutados em p&atilde;o e vinho, oferecido no altar como o alimento da alma. Esta cren&ccedil;a unifica crist&atilde;os no mundo todo em torno da f&eacute; na presen&ccedil;a do Messias nesta subst&acirc;ncia sagrada.<\/p>\n","protected":false},"excerpt":{"rendered":"<p>A igreja cat\u00f3lica hoje, 23, est\u00e1 em festa  no munic\u00edpio de Cruzeiro do Oeste. Um grande encontro, que conta com a presen\u00e7a  de cinco mil jovens, comemora o Dia Nacional da Juventude. Organizado pelo Setor Juventude e a Pastoral da Juventude (PJ) da Diocese de Umuarama, em parceria com a Par\u00f3quia Nossa Senhora de F\u00e1tima, de Cruzeiro do Oeste, o evento marca o calend\u00e1rio da igreja cat\u00f3lica na regi\u00e3o noroeste do estado. Palestras e shows s\u00e3o algumas das atividades que se prolongam durante todo o domingo.<\/p>\n","protected":false},"author":1,"featured_media":27656,"comment_status":"open","ping_status":"open","sticky":false,"template":"","format":"standard","meta":{"footnotes":""},"categories":[1],"tags":[6492],"class_list":["post-27657","post","type-post","status-publish","format-standard","has-post-thumbnail","hentry","category-noticias-zeca-dirceu","tag-zeca-acompanha-o-dia-nacional-da-juventude-comemorado-em-cruzeiro-do-oeste"],"_links":{"self":[{"href":"https:\/\/teste.bsb.br\/zeca\/wp-json\/wp\/v2\/posts\/27657","targetHints":{"allow":["GET"]}}],"collection":[{"href":"https:\/\/teste.bsb.br\/zeca\/wp-json\/wp\/v2\/posts"}],"about":[{"href":"https:\/\/teste.bsb.br\/zeca\/wp-json\/wp\/v2\/types\/post"}],"author":[{"embeddable":true,"href":"https:\/\/teste.bsb.br\/zeca\/wp-json\/wp\/v2\/users\/1"}],"replies":[{"embeddable":true,"href":"https:\/\/teste.bsb.br\/zeca\/wp-json\/wp\/v2\/comments?post=27657"}],"version-history":[{"count":0,"href":"https:\/\/teste.bsb.br\/zeca\/wp-json\/wp\/v2\/posts\/27657\/revisions"}],"wp:featuredmedia":[{"embeddable":true,"href":"https:\/\/teste.bsb.br\/zeca\/wp-json\/wp\/v2\/media\/27656"}],"wp:attachment":[{"href":"https:\/\/teste.bsb.br\/zeca\/wp-json\/wp\/v2\/media?parent=27657"}],"wp:term":[{"taxonomy":"category","embeddable":true,"href":"https:\/\/teste.bsb.br\/zeca\/wp-json\/wp\/v2\/categories?post=27657"},{"taxonomy":"post_tag","embeddable":true,"href":"https:\/\/teste.bsb.br\/zeca\/wp-json\/wp\/v2\/tags?post=27657"}],"curies":[{"name":"wp","href":"https:\/\/api.w.org\/{rel}","templated":true}]}}