{"id":27643,"date":"2011-10-23T00:00:00","date_gmt":"2011-10-23T02:00:00","guid":{"rendered":"https:\/\/www.zecadirceu.com.br\/lula-e-convidado-de-honra-de-evento-empresarial-no-peru\/"},"modified":"2011-10-23T00:00:00","modified_gmt":"2011-10-23T02:00:00","slug":"lula-e-convidado-de-honra-de-evento-empresarial-no-peru","status":"publish","type":"post","link":"https:\/\/teste.bsb.br\/zeca\/lula-e-convidado-de-honra-de-evento-empresarial-no-peru\/","title":{"rendered":"Lula \u00e9 convidado de honra de evento empresarial no Peru"},"content":{"rendered":"<p>&nbsp;O ex-presidente Luiz In&aacute;cio Lula da Silva ser&aacute; em dezembro o principal convidado da Confer&ecirc;ncia Anual de Executivos, o mais importante evento do empresariado peruano, anunciou neste s&aacute;bado (22) o comit&ecirc; organizador.<\/p>\n<p style=\"margin-top: 0.835em; margin-right: 0px; margin-bottom: 0.835em; margin-left: 0px; padding-top: 0px; padding-right: 0px; padding-bottom: 0px; padding-left: 0px; line-height: 21px; \">Lula falar&aacute; sobre a sua experi&ecirc;ncia de oito anos &agrave; frente do governo brasileiro, que teve como uma de suas principais bandeiras o crescimento econ&ocirc;mico com um forte componente social, um modelo que no Peru o presidente Ollanta Humala tenta aplicar.<\/p>\n<div>Fonte: AFP\/ F&aacute;bio Campana<\/div>\n","protected":false},"excerpt":{"rendered":"<p>O ex-presidente Luiz In\u00e1cio Lula da Silva ser\u00e1 em dezembro o principal convidado da Confer\u00eancia Anual de Executivos, o mais importante evento do empresariado peruano, anunciou no s\u00e1bado (22) o comit\u00ea organizador.<\/p>\n","protected":false},"author":1,"featured_media":27642,"comment_status":"open","ping_status":"open","sticky":false,"template":"","format":"standard","meta":{"footnotes":""},"categories":[1],"tags":[6489],"class_list":["post-27643","post","type-post","status-publish","format-standard","has-post-thumbnail","hentry","category-noticias-zeca-dirceu","tag-lula-e-convidado-de-honra-de-evento-empresarial-no-peru"],"_links":{"self":[{"href":"https:\/\/teste.bsb.br\/zeca\/wp-json\/wp\/v2\/posts\/27643","targetHints":{"allow":["GET"]}}],"collection":[{"href":"https:\/\/teste.bsb.br\/zeca\/wp-json\/wp\/v2\/posts"}],"about":[{"href":"https:\/\/teste.bsb.br\/zeca\/wp-json\/wp\/v2\/types\/post"}],"author":[{"embeddable":true,"href":"https:\/\/teste.bsb.br\/zeca\/wp-json\/wp\/v2\/users\/1"}],"replies":[{"embeddable":true,"href":"https:\/\/teste.bsb.br\/zeca\/wp-json\/wp\/v2\/comments?post=27643"}],"version-history":[{"count":0,"href":"https:\/\/teste.bsb.br\/zeca\/wp-json\/wp\/v2\/posts\/27643\/revisions"}],"wp:featuredmedia":[{"embeddable":true,"href":"https:\/\/teste.bsb.br\/zeca\/wp-json\/wp\/v2\/media\/27642"}],"wp:attachment":[{"href":"https:\/\/teste.bsb.br\/zeca\/wp-json\/wp\/v2\/media?parent=27643"}],"wp:term":[{"taxonomy":"category","embeddable":true,"href":"https:\/\/teste.bsb.br\/zeca\/wp-json\/wp\/v2\/categories?post=27643"},{"taxonomy":"post_tag","embeddable":true,"href":"https:\/\/teste.bsb.br\/zeca\/wp-json\/wp\/v2\/tags?post=27643"}],"curies":[{"name":"wp","href":"https:\/\/api.w.org\/{rel}","templated":true}]}}