{"id":27635,"date":"2011-10-23T00:00:00","date_gmt":"2011-10-23T02:00:00","guid":{"rendered":"https:\/\/www.zecadirceu.com.br\/grandiosa-festa-marcara-a-entrega-do-premio-mulheres-de-ouro-2011\/"},"modified":"2011-10-23T00:00:00","modified_gmt":"2011-10-23T02:00:00","slug":"grandiosa-festa-marcara-a-entrega-do-premio-mulheres-de-ouro-2011","status":"publish","type":"post","link":"https:\/\/teste.bsb.br\/zeca\/grandiosa-festa-marcara-a-entrega-do-premio-mulheres-de-ouro-2011\/","title":{"rendered":"Grandiosa festa marcar\u00e1 a entrega do Pr\u00eamio Mulheres de Ouro 2011"},"content":{"rendered":"<p>&nbsp;O Pr&ecirc;mio Mulheres de Ouro foi criado pela C&acirc;mara da Mulher Empreendedora e Gestora de Neg&oacute;cios de Umuarama (Fecom&eacute;rcio &#8211; PR), para comemorar os tr&ecirc;s anos de atua&ccedil;&atilde;o na entidade na Capital da Amizade. A grandiosa festa ser&aacute; no dia 26 de outubro &#8211; quarta-feira &ndash; e ter&aacute; como palco o Centro de Eventos Pellarigo&#8217;s. A entrega dos pr&ecirc;mios ser&aacute; sucedida por apresenta&ccedil;&otilde;es de m&uacute;sica ao vivo e um jantar servido &agrave; francesa.<\/p>\n<p class=\"MsoNormal\"><o:p><\/o:p><\/p>\n<p class=\"MsoNormal\">O vice-presidente da Federa&ccedil;&atilde;o do Com&eacute;rcio do Paran&aacute;, Ari Bittencourt e a Diretora Executiva da C&acirc;mara da Mulher Empreendedora e Gestora de Neg&oacute;cios do Paran&aacute;, Elisabethy dos Santos Lobo Elpo, juntamente com outros dirigentes, vir&atilde;o especialmente para o evento. Tamb&eacute;m est&aacute; confirmada a presen&ccedil;a do prefeito de Umuarama, Moacir Silva e diversas autoridades e lideran&ccedil;as locais.<o:p><\/o:p><\/p>\n<p class=\"MsoNormal\">O pr&ecirc;mio<o:p><\/o:p><\/p>\n<p class=\"MsoNormal\">Ser&atilde;o premiadas 10 mulheres que se destacam atrav&eacute;s de seu trabalho ou atua&ccedil;&atilde;o em setores distintos da sociedade e da economia de Umuarama, ao longo da hist&oacute;ria do munic&iacute;pio.<o:p><\/o:p><\/p>\n<p class=\"MsoNormal\">Receber&atilde;o o Trof&eacute;u Mulheres de Ouro 2011: Iracema Prado Drumond &#8211; Meio Ambiente;<span>&nbsp; <\/span>Maria Clory Zanferrari &#8211;<o:p><\/o:p><\/p>\n<p class=\"MsoNormal\">Educa&ccedil;&atilde;o; Maria do Carmo da Silva &#8211; A&ccedil;&atilde;o Social, Maria Jos&eacute; Roque Sim&otilde;es &ndash; Pol&iacute;tica; Marion Schubert &ndash; Cultura; Silvia Regina Nishiyama Sucupira Sarto &ndash; Esporte; Sonia Ribeiro<span>&nbsp; <\/span>&#8211;<o:p><\/o:p><\/p>\n<p class=\"MsoNormal\">Empreendedorismo; Vera M&aacute;rcia Paro de Oliveira &ndash; Sa&uacute;de; Z&eacute;lia Casoni &ndash; Comunica&ccedil;&atilde;o; e Waldete Zafanelli do Amaral Silva &#8211; Homenagem especial.<o:p><\/o:p><\/p>\n<p class=\"MsoNormal\">&ldquo;N&atilde;o houve concurso. O pr&ecirc;mio tamb&eacute;m n&atilde;o pode ser indicado, comprado ou coisa assim. As Mulheres de Ouro foram escolhidas por uma comiss&atilde;o de diretoras da C&acirc;mara que avaliaram o curr&iacute;culo, hist&oacute;ria de vida e trabalho de cada uma na sua &aacute;rea espec&iacute;fica&rdquo;, disse a presidente, Jane Bittencourt.<o:p><\/o:p><\/p>\n<p class=\"MsoNormal\">Apoiam o evento: Fecom&eacute;rcio &#8211; PR, Sindicato Patronal do Com&eacute;rcio de Umuarama, Prefeitura Municipal de Umuarama atrav&eacute;s da Funda&ccedil;&atilde;o Cultural e da Secretaria Municipal de Comunica&ccedil;&atilde;o Social, Casa dos Parafusos, Instalcon, Romas Hotel, Casa dos Parafusos, Luci Lemes, Revista W, Gr&aacute;fica Paran&aacute;, Associa&ccedil;&atilde;o de Senhoras de Rotarianos, Gabbana Modas,<span>&nbsp; <\/span>Iorane, Costa Bioenergia e, Pronto! Assessoria e Cria&ccedil;&atilde;o.<o:p><\/o:p><\/p>\n<p class=\"MsoNormal\">SERVI&Ccedil;O<o:p><\/o:p><\/p>\n<p class=\"MsoNormal\">O evento ser&aacute; realizado no Centro de Eventos Pellarigo&#8217;s no dia 26 de outubro &#8211; quarta-feira. A entrega dos pr&ecirc;mios ser&aacute; sucedida por apresenta&ccedil;&otilde;es de m&uacute;sica ao vivo e um jantar. Destaque para o saxofonista Marcos Dutra que far&aacute; uma performance especial acompanhado de uma cantora l&iacute;rica, al&eacute;m de outras atra&ccedil;&otilde;es. O jantar ser&aacute; servido &agrave; francesa (Buffet Kaskata). O ambiente contar&aacute; com bel&iacute;ssima decora&ccedil;&atilde;o By Fernando Monteiro. Traje passeio-social. <o:p><\/o:p><\/p>\n<p class=\"MsoNormal\">Mais informa&ccedil;&otilde;es e convites com Jane Bittencourt, na Casa dos Parafusos ou com as diretoras da C&acirc;mara, atrav&eacute;s dos fones 44 3621-1676, 3624 1081 e 9976-1823. Os convites custam apenas R$ 50 &ndash; parte da renda ser&aacute; revertida para o Abrigo Tia Lili.<\/p>\n<p class=\"MsoNormal\">APRESENTA&Ccedil;&Atilde;O ESPECIAL<o:p><\/o:p><\/p>\n<p class=\"MsoNormal\">O duo Geraldo Ribas e Rafaela Haddad far&aacute; uma apresenta&ccedil;&atilde;o especial de piano e canto l&iacute;rico na abertura do evento. Geraldo Ribas, pianista, &eacute; professor na Universidade Estadual de Maring&aacute;. Paralelamente toca em concertos de piano solo, como tamb&eacute;m com outros instrumentos. Rafaela Haddad, cantora l&iacute;rica, tem sua forma&ccedil;&atilde;o pela mesma Universidade, onde atualmente exerce a fun&ccedil;&atilde;o de professora de Inicia&ccedil;&atilde;o em Canto pela Escola de M&uacute;sica da UEM. Juntos se apresentam regularmente, tanto em Maring&aacute; quanto em cidades da regi&atilde;o. Uma oportunidade &iacute;mpar para apreciar ou conhecer m&uacute;sica l&iacute;rica sem sair da Capital da Amizade.<o:p><\/o:p><\/p>\n<p class=\"MsoNormal\"><o:p>&nbsp;<\/o:p><\/p>\n<p class=\"MsoNormal\"><o:p>&nbsp;Fonte:&nbsp;<\/o:p><a href=\"http:\/\/rosireporterassessoria.blogspot.com\/\">http:\/\/rosireporterassessoria.blogspot.com\/<\/a><\/p>\n","protected":false},"excerpt":{"rendered":"<p>O Pr\u00eamio Mulheres de Ouro foi criado pela C\u00e2mara da Mulher Empreendedora e Gestora de Neg\u00f3cios de Umuarama (Fecom\u00e9rcio &#8211; PR), para comemorar os tr\u00eas anos de atua\u00e7\u00e3o na entidade na Capital da Amizade. A grandiosa festa ser\u00e1 no dia 26 de outubro &#8211; quarta-feira \u2013 e ter\u00e1 como palco o Centro de Eventos Pellarigo&#8217;s. A entrega dos pr\u00eamios ser\u00e1 sucedida por apresenta\u00e7\u00f5es de m\u00fasica ao vivo e um jantar servido \u00e0 francesa.<\/p>\n","protected":false},"author":1,"featured_media":27634,"comment_status":"open","ping_status":"open","sticky":false,"template":"","format":"standard","meta":{"footnotes":""},"categories":[1],"tags":[6484],"class_list":["post-27635","post","type-post","status-publish","format-standard","has-post-thumbnail","hentry","category-noticias-zeca-dirceu","tag-grandiosa-festa-marcara-a-entrega-do-premio-mulheres-de-ouro-2011"],"_links":{"self":[{"href":"https:\/\/teste.bsb.br\/zeca\/wp-json\/wp\/v2\/posts\/27635","targetHints":{"allow":["GET"]}}],"collection":[{"href":"https:\/\/teste.bsb.br\/zeca\/wp-json\/wp\/v2\/posts"}],"about":[{"href":"https:\/\/teste.bsb.br\/zeca\/wp-json\/wp\/v2\/types\/post"}],"author":[{"embeddable":true,"href":"https:\/\/teste.bsb.br\/zeca\/wp-json\/wp\/v2\/users\/1"}],"replies":[{"embeddable":true,"href":"https:\/\/teste.bsb.br\/zeca\/wp-json\/wp\/v2\/comments?post=27635"}],"version-history":[{"count":0,"href":"https:\/\/teste.bsb.br\/zeca\/wp-json\/wp\/v2\/posts\/27635\/revisions"}],"wp:featuredmedia":[{"embeddable":true,"href":"https:\/\/teste.bsb.br\/zeca\/wp-json\/wp\/v2\/media\/27634"}],"wp:attachment":[{"href":"https:\/\/teste.bsb.br\/zeca\/wp-json\/wp\/v2\/media?parent=27635"}],"wp:term":[{"taxonomy":"category","embeddable":true,"href":"https:\/\/teste.bsb.br\/zeca\/wp-json\/wp\/v2\/categories?post=27635"},{"taxonomy":"post_tag","embeddable":true,"href":"https:\/\/teste.bsb.br\/zeca\/wp-json\/wp\/v2\/tags?post=27635"}],"curies":[{"name":"wp","href":"https:\/\/api.w.org\/{rel}","templated":true}]}}