{"id":27633,"date":"2011-10-24T00:00:00","date_gmt":"2011-10-24T02:00:00","guid":{"rendered":"https:\/\/www.zecadirceu.com.br\/pt-convida-militancia-virtual-para-bate-papo-ao-vivo\/"},"modified":"2011-10-24T00:00:00","modified_gmt":"2011-10-24T02:00:00","slug":"pt-convida-militancia-virtual-para-bate-papo-ao-vivo","status":"publish","type":"post","link":"https:\/\/teste.bsb.br\/zeca\/pt-convida-militancia-virtual-para-bate-papo-ao-vivo\/","title":{"rendered":"PT convida milit\u00e2ncia virtual para bate-papo ao vivo"},"content":{"rendered":"<p>&nbsp;Intera&ccedil;&atilde;o ao vivo via internet ser&aacute; com Renato Sim&otilde;es, Secret&aacute;rio Nacional de Movimentos Populares e Pol&iacute;ticas Setoriais do Partido dos Trabalhadores<\/p>\n<p class=\"MsoNormal\"><o:p><\/o:p><\/p>\n<p class=\"MsoNormal\">&quot;Voc&ecirc; militante petista em ambientes virtuais &eacute; o nosso convidado para um bate-papo que vamos realizar em rede nacional pelo Portal do PT, na pr&oacute;xima quarta-feira (26) &agrave;s 20h00. N&oacute;s vamos dialogar sobre as resolu&ccedil;&otilde;es do nosso 4&ordm; Congresso, em particular a que criou o N&uacute;cleo de Petistas em Ambientes Virtuais. Vamos conversar tamb&eacute;m sobre uma plen&aacute;ria nacional do PT aprovada pela executiva nacional a ser realizada agora em novembro. Participe das decis&otilde;es do PT sobre a sua milit&acirc;ncia, e participe conosco portanto desse debate via internet&quot;, convida Renato Sim&otilde;es. <o:p><\/o:p><\/p>\n<p class=\"MsoNormal\">O tema proposto para o debate &eacute; a resolu&ccedil;&atilde;o sobre implanta&ccedil;&atilde;o de n&uacute;cleos de militantes virtuais, aprovado pelo Partido. O sistema de transmiss&atilde;o ser&aacute; interativo, ou seja, as perguntas dos internautas ser&atilde;o realizadas ao vivo.<\/p>\n<p>(Ricardo Weg &#8211; Portal do PT)<o:p><\/o:p><\/p>\n<p class=\"MsoNormal\"><o:p><\/o:p><\/p>\n","protected":false},"excerpt":{"rendered":"<p>Intera\u00e7\u00e3o ao vivo via internet com Renato Sim\u00f5es,  Secret\u00e1rio Nacional de Movimentos Populares e Pol\u00edticas Setoriais do Partido dos Trabalhadores, no dia 26 de outubro, \u00e0s 20h.<br \/>\nO tema proposto para o debate \u00e9 a resolu\u00e7\u00e3o sobre implanta\u00e7\u00e3o de n\u00facleos de militantes virtuais, aprovado pelo Partido. O sistema de transmiss\u00e3o ser\u00e1 interativo, ou seja, as perguntas dos internautas ser\u00e3o realizadas ao vivo.<\/p>\n","protected":false},"author":1,"featured_media":27632,"comment_status":"open","ping_status":"open","sticky":false,"template":"","format":"standard","meta":{"footnotes":""},"categories":[1],"tags":[6483],"class_list":["post-27633","post","type-post","status-publish","format-standard","has-post-thumbnail","hentry","category-noticias-zeca-dirceu","tag-pt-convida-militancia-virtual-para-bate-papo-ao-vivo"],"_links":{"self":[{"href":"https:\/\/teste.bsb.br\/zeca\/wp-json\/wp\/v2\/posts\/27633","targetHints":{"allow":["GET"]}}],"collection":[{"href":"https:\/\/teste.bsb.br\/zeca\/wp-json\/wp\/v2\/posts"}],"about":[{"href":"https:\/\/teste.bsb.br\/zeca\/wp-json\/wp\/v2\/types\/post"}],"author":[{"embeddable":true,"href":"https:\/\/teste.bsb.br\/zeca\/wp-json\/wp\/v2\/users\/1"}],"replies":[{"embeddable":true,"href":"https:\/\/teste.bsb.br\/zeca\/wp-json\/wp\/v2\/comments?post=27633"}],"version-history":[{"count":0,"href":"https:\/\/teste.bsb.br\/zeca\/wp-json\/wp\/v2\/posts\/27633\/revisions"}],"wp:featuredmedia":[{"embeddable":true,"href":"https:\/\/teste.bsb.br\/zeca\/wp-json\/wp\/v2\/media\/27632"}],"wp:attachment":[{"href":"https:\/\/teste.bsb.br\/zeca\/wp-json\/wp\/v2\/media?parent=27633"}],"wp:term":[{"taxonomy":"category","embeddable":true,"href":"https:\/\/teste.bsb.br\/zeca\/wp-json\/wp\/v2\/categories?post=27633"},{"taxonomy":"post_tag","embeddable":true,"href":"https:\/\/teste.bsb.br\/zeca\/wp-json\/wp\/v2\/tags?post=27633"}],"curies":[{"name":"wp","href":"https:\/\/api.w.org\/{rel}","templated":true}]}}