{"id":27625,"date":"2011-10-24T00:00:00","date_gmt":"2011-10-24T02:00:00","guid":{"rendered":"https:\/\/www.zecadirceu.com.br\/curitiba-precisa-recadastrar-mais-350-mil-eleitores-para-garantir-meta\/"},"modified":"2011-10-24T00:00:00","modified_gmt":"2011-10-24T02:00:00","slug":"curitiba-precisa-recadastrar-mais-350-mil-eleitores-para-garantir-meta","status":"publish","type":"post","link":"https:\/\/teste.bsb.br\/zeca\/curitiba-precisa-recadastrar-mais-350-mil-eleitores-para-garantir-meta\/","title":{"rendered":"Curitiba precisa recadastrar mais 350 mil eleitores para garantir meta"},"content":{"rendered":"<p>&nbsp;<span class=\"Apple-style-span\" style=\"font-family: verdana, 'arial sans-serif'; line-height: 16px; \"><span class=\"Apple-style-span\" style=\"font-family: verdana, arial, helvetica, sans-serif; \">Aproximadamente 350 mil eleitores de Curitiba ainda precisam fazer o&nbsp;<strong style=\"margin-top: 0px; margin-right: 0px; margin-bottom: 0px; margin-left: 0px; padding-top: 0px; padding-right: 0px; padding-bottom: 0px; padding-left: 0px; list-style-type: none; list-style-position: initial; list-style-image: initial; border-top-style: none; border-right-style: none; border-bottom-style: none; border-left-style: none; border-width: initial; border-color: initial; \">recadastramento biom&eacute;trico<\/strong>&nbsp;no&nbsp;<strong style=\"margin-top: 0px; margin-right: 0px; margin-bottom: 0px; margin-left: 0px; padding-top: 0px; padding-right: 0px; padding-bottom: 0px; padding-left: 0px; list-style-type: none; list-style-position: initial; list-style-image: initial; border-top-style: none; border-right-style: none; border-bottom-style: none; border-left-style: none; border-width: initial; border-color: initial; \">Tribunal Regional Eleitoral&nbsp;<\/strong>(TRE-PR) para que a capital paranaense atinja a meta de&nbsp;<a href=\"http:\/\/www.gazetadopovo.com.br\/vidapublica\/conteudo.phtml?tl=1&amp;id=1182994&amp;tit=Eleicoes-biometricas-so-vao-ocorrer-com-80-dos-eleitores-cadastrados\" style=\"margin-top: 0px; margin-right: 0px; margin-bottom: 0px; margin-left: 0px; padding-top: 0px; padding-right: 0px; padding-bottom: 2px; padding-left: 0px !important; list-style-type: none; list-style-position: initial; list-style-image: initial; border-top-style: none; border-right-style: none; border-bottom-style: dotted; border-left-style: none; border-width: initial; border-color: initial; text-decoration: none; display: inline !important; background-image: none !important; background-attachment: initial !important; background-origin: initial !important; background-clip: initial !important; background-color: initial !important; color: rgb(15, 128, 222); border-bottom-width: 1px; border-bottom-color: rgb(17, 128, 221); \">80% de revis&otilde;es eleitorais<\/a>. Se o n&uacute;mero n&atilde;o for alcan&ccedil;ado, Curitiba poder&aacute; ter elei&ccedil;&otilde;es convencionais em 2012 e n&atilde;o utilizar&aacute; o sistema biom&eacute;trico. A meta de 80% foi estabelecida pelo<strong style=\"margin-top: 0px; margin-right: 0px; margin-bottom: 0px; margin-left: 0px; padding-top: 0px; padding-right: 0px; padding-bottom: 0px; padding-left: 0px; list-style-type: none; list-style-position: initial; list-style-image: initial; border-top-style: none; border-right-style: none; border-bottom-style: none; border-left-style: none; border-width: initial; border-color: initial; \">Tribunal Superior Eleitoral&nbsp;<\/strong>(TSE)e representa o &iacute;ndice m&iacute;nimo para que o recadastramento seja considerado v&aacute;lido.<\/span><\/p>\n<p style=\"margin-top: 12px; margin-right: 10px; margin-bottom: 12px; margin-left: 0px; padding-top: 0px; padding-right: 0px; padding-bottom: 0px; padding-left: 0px; list-style-type: none; list-style-position: initial; list-style-image: initial; border-top-style: none; border-right-style: none; border-bottom-style: none; border-left-style: none; border-width: initial; border-color: initial; font-family: verdana, arial, helvetica, sans-serif; \">Segundo a assessoria de imprensa do TRE, 694.511 eleitores j&aacute; se recadastraram (n&uacute;mero inclui t&iacute;tulos revisados e novos documentos) at&eacute; o domingo (23), o que corresponde a 53%. O eleitorado de Curitiba &eacute; composto por 1,3 milh&atilde;o de pessoas e o TRE espera que pelo menos 1 milh&atilde;o e 48 mil votantes compare&ccedil;am ao &oacute;rg&atilde;o.<\/p>\n<p style=\"margin-top: 12px; margin-right: 10px; margin-bottom: 12px; margin-left: 0px; padding-top: 0px; padding-right: 0px; padding-bottom: 0px; padding-left: 0px; list-style-type: none; list-style-position: initial; list-style-image: initial; border-top-style: none; border-right-style: none; border-bottom-style: none; border-left-style: none; border-width: initial; border-color: initial; font-family: verdana, arial, helvetica, sans-serif; \">O recadastramento biom&eacute;trico termina em 20 de janeiro de 2012, mas o TRE pede que os eleitores compare&ccedil;am ao &oacute;rg&atilde;o antes desse prazo. O objetivo &eacute; evitar as filas que devem ser registradas nos &uacute;ltimos dias e diminuir o tempo de espera por atendimento. Quem n&atilde;o fizer o recadastramento ter&aacute; o t&iacute;tulo de eleitor cancelado.<\/p>\n<p style=\"margin-top: 12px; margin-right: 10px; margin-bottom: 12px; margin-left: 0px; padding-top: 0px; padding-right: 0px; padding-bottom: 0px; padding-left: 0px; list-style-type: none; list-style-position: initial; list-style-image: initial; border-top-style: none; border-right-style: none; border-bottom-style: none; border-left-style: none; border-width: initial; border-color: initial; font-family: verdana, arial, helvetica, sans-serif; \">A Central de Atendimento do TRE funciona todos os dias &ndash; inclusive aos s&aacute;bados, domingos e feriados. O hor&aacute;rio de atendimento vai das 8h &agrave;s 18h30. O endere&ccedil;o &eacute; Rua Jo&atilde;o Parolin, 55, no Prado Velho, Curitiba. Os telefones da Central de Atendimento ao Eleitor s&atilde;o&nbsp;<strong style=\"margin-top: 0px; margin-right: 0px; margin-bottom: 0px; margin-left: 0px; padding-top: 0px; padding-right: 0px; padding-bottom: 0px; padding-left: 0px; list-style-type: none; list-style-position: initial; list-style-image: initial; border-top-style: none; border-right-style: none; border-bottom-style: none; border-left-style: none; border-width: initial; border-color: initial; \">3330-8674<\/strong>&nbsp;e&nbsp;<strong style=\"margin-top: 0px; margin-right: 0px; margin-bottom: 0px; margin-left: 0px; padding-top: 0px; padding-right: 0px; padding-bottom: 0px; padding-left: 0px; list-style-type: none; list-style-position: initial; list-style-image: initial; border-top-style: none; border-right-style: none; border-bottom-style: none; border-left-style: none; border-width: initial; border-color: initial; \">3330-8673<\/strong>. O TRE afirma ter capacidade para atender 10 mil eleitores por dia.<\/p>\n<p style=\"margin-top: 12px; margin-right: 10px; margin-bottom: 12px; margin-left: 0px; padding-top: 0px; padding-right: 0px; padding-bottom: 0px; padding-left: 0px; list-style-type: none; list-style-position: initial; list-style-image: initial; border-top-style: none; border-right-style: none; border-bottom-style: none; border-left-style: none; border-width: initial; border-color: initial; font-family: verdana, arial, helvetica, sans-serif; \">A assessoria de imprensa do TRE informou que a Central de Atendimento funcionar&aacute; normalmente no feriado de&nbsp;<strong style=\"margin-top: 0px; margin-right: 0px; margin-bottom: 0px; margin-left: 0px; padding-top: 0px; padding-right: 0px; padding-bottom: 0px; padding-left: 0px; list-style-type: none; list-style-position: initial; list-style-image: initial; border-top-style: none; border-right-style: none; border-bottom-style: none; border-left-style: none; border-width: initial; border-color: initial; \">Finados<\/strong>&nbsp;(2 de novembro).<\/p>\n<p style=\"margin-top: 12px; margin-right: 10px; margin-bottom: 12px; margin-left: 0px; padding-top: 0px; padding-right: 0px; padding-bottom: 0px; padding-left: 0px; list-style-type: none; list-style-position: initial; list-style-image: initial; border-top-style: none; border-right-style: none; border-bottom-style: none; border-left-style: none; border-width: initial; border-color: initial; font-family: verdana, arial, helvetica, sans-serif; \">Os eleitores podem fazer o agendamento&nbsp;<a href=\"http:\/\/www.tre-pr.jus.br\/agendaBiometria\/publico\/\" style=\"margin-top: 0px; margin-right: 0px; margin-bottom: 0px; margin-left: 0px; padding-top: 0px; padding-right: 0px; padding-bottom: 2px; padding-left: 0px !important; list-style-type: none; list-style-position: initial; list-style-image: initial; border-top-style: none; border-right-style: none; border-bottom-style: dotted; border-left-style: none; border-width: initial; border-color: initial; text-decoration: none; display: inline !important; background-image: none !important; background-attachment: initial !important; background-origin: initial !important; background-clip: initial !important; background-color: initial !important; color: rgb(15, 128, 222); border-bottom-width: 1px; border-bottom-color: rgb(17, 128, 221); \">via internet<\/a>. Quem utiliza essa ferramenta tem o atendimento mais r&aacute;pido, com no m&aacute;ximo 15 minutos de espera.<\/p>\n<p style=\"margin-top: 12px; margin-right: 10px; margin-bottom: 12px; margin-left: 0px; padding-top: 0px; padding-right: 0px; padding-bottom: 0px; padding-left: 0px; list-style-type: none; list-style-position: initial; list-style-image: initial; border-top-style: none; border-right-style: none; border-bottom-style: none; border-left-style: none; border-width: initial; border-color: initial; font-family: verdana, arial, helvetica, sans-serif; \">As pessoas que n&atilde;o agendam o recadastramento pelo site esperam, em m&eacute;dia, 30 minutos, de segunda a sexta. Nos fins de semana, quando a procura no TRE &eacute; maior, a espera pelo atendimento pode chegar a 1h30.<\/p>\n<p style=\"margin-top: 12px; margin-right: 10px; margin-bottom: 12px; margin-left: 0px; padding-top: 0px; padding-right: 0px; padding-bottom: 0px; padding-left: 0px; list-style-type: none; list-style-position: initial; list-style-image: initial; border-top-style: none; border-right-style: none; border-bottom-style: none; border-left-style: none; border-width: initial; border-color: initial; font-family: verdana, arial, helvetica, sans-serif; \"><strong style=\"margin-top: 0px; margin-right: 0px; margin-bottom: 0px; margin-left: 0px; padding-top: 0px; padding-right: 0px; padding-bottom: 0px; padding-left: 0px; list-style-type: none; list-style-position: initial; list-style-image: initial; border-top-style: none; border-right-style: none; border-bottom-style: none; border-left-style: none; border-width: initial; border-color: initial; \">Novos prazos<\/strong><\/p>\n<p style=\"margin-top: 12px; margin-right: 10px; margin-bottom: 12px; margin-left: 0px; padding-top: 0px; padding-right: 0px; padding-bottom: 0px; padding-left: 0px; list-style-type: none; list-style-position: initial; list-style-image: initial; border-top-style: none; border-right-style: none; border-bottom-style: none; border-left-style: none; border-width: initial; border-color: initial; font-family: verdana, arial, helvetica, sans-serif; \">Quem nasceu entre janeiro e mar&ccedil;o deve comparecer at&eacute; 31 de outubro. Eleitores que votam em Curitiba e nasceram em abril, maio e junho ser&atilde;o convocados para irem ao TRE at&eacute; novembro. Quem faz anivers&aacute;rio no terceiro trimestre ser&aacute; chamado at&eacute; dezembro e os aniversariantes do quarto trimestre ser&atilde;o convocados em janeiro.<\/p>\n<p style=\"margin-top: 12px; margin-right: 10px; margin-bottom: 12px; margin-left: 0px; padding-top: 0px; padding-right: 0px; padding-bottom: 0px; padding-left: 0px; list-style-type: none; list-style-position: initial; list-style-image: initial; border-top-style: none; border-right-style: none; border-bottom-style: none; border-left-style: none; border-width: initial; border-color: initial; font-family: verdana, arial, helvetica, sans-serif; \">O TRE alertou que os eleitores podem adiantar o recadastramento, ou seja, quem nasceu entre abril e dezembro pode ir ao TRE antes do chamamento. O que n&atilde;o pode ocorrer &eacute; passar dos novos prazos estipulados pelo &oacute;rg&atilde;o.<\/p>\n<p style=\"margin-top: 12px; margin-right: 10px; margin-bottom: 12px; margin-left: 0px; padding-top: 0px; padding-right: 0px; padding-bottom: 0px; padding-left: 0px; list-style-type: none; list-style-position: initial; list-style-image: initial; border-top-style: none; border-right-style: none; border-bottom-style: none; border-left-style: none; border-width: initial; border-color: initial; font-family: verdana, arial, helvetica, sans-serif; \">Se os eleitores nascidos em janeiro, fevereiro e mar&ccedil;o n&atilde;o fizerem o recadastramento biom&eacute;trico at&eacute; 31 de outubro, ter&atilde;o de fazer a solicita&ccedil;&atilde;o de restabelecimento de inscri&ccedil;&atilde;o. Nessa situa&ccedil;&atilde;o, o juiz eleitoral de plant&atilde;o ir&aacute; analisar o caso e autorizar o cadastramento. Essa an&aacute;lise &eacute; feita no pr&oacute;prio TRE e a libera&ccedil;&atilde;o para o recadastramento demora, em m&eacute;dia, at&eacute; cinco minutos. Esse eleitor ainda estar&aacute; sujeito ao pagamento de multa de R$ 3,51.<\/p>\n<p style=\"margin-top: 12px; margin-right: 10px; margin-bottom: 12px; margin-left: 0px; padding-top: 0px; padding-right: 0px; padding-bottom: 0px; padding-left: 0px; list-style-type: none; list-style-position: initial; list-style-image: initial; border-top-style: none; border-right-style: none; border-bottom-style: none; border-left-style: none; border-width: initial; border-color: initial; font-family: verdana, arial, helvetica, sans-serif; \">O presidente do TRE, Iraj&aacute; Prestes Mattar, afirmou na semana passada que esses prazos tinham sido suspensos. A assessoria de imprensa do TRE afirmou que a declara&ccedil;&atilde;o foi dada por Mattar para tranquilizar os eleitores, pois muitos tinham desistido de fazer o recadastramento por causa da data. O prazo at&eacute; 31 de outubro continua valendo, assim como a necessidade de pedir a solicita&ccedil;&atilde;o de restabelecimento de inscri&ccedil;&atilde;o &#8211; caso o prazo n&atilde;o seja cumprido, mas o processo &eacute; r&aacute;pido.<\/p>\n<p>Fonte: Gazeta do Povo<\/p>\n<p><\/span><\/p>\n","protected":false},"excerpt":{"rendered":"<p>Aproximadamente 350 mil eleitores de Curitiba ainda precisam fazer o recadastramento biom\u00e9trico no Tribunal Regional Eleitoral (TRE-PR) para que a capital paranaense atinja a meta de 80% de revis\u00f5es eleitorais. Se o n\u00famero n\u00e3o for alcan\u00e7ado, Curitiba poder\u00e1 ter elei\u00e7\u00f5es convencionais em 2012 e n\u00e3o utilizar\u00e1 o sistema biom\u00e9trico. A meta de 80% foi estabelecida peloTribunal Superior Eleitoral (TSE)e representa o \u00edndice m\u00ednimo para que o recadastramento seja considerado v\u00e1lido.<\/p>\n","protected":false},"author":1,"featured_media":27624,"comment_status":"open","ping_status":"open","sticky":false,"template":"","format":"standard","meta":{"footnotes":""},"categories":[1],"tags":[6481],"class_list":["post-27625","post","type-post","status-publish","format-standard","has-post-thumbnail","hentry","category-noticias-zeca-dirceu","tag-curitiba-precisa-recadastrar-mais-350-mil-eleitores-para-garantir-meta"],"_links":{"self":[{"href":"https:\/\/teste.bsb.br\/zeca\/wp-json\/wp\/v2\/posts\/27625","targetHints":{"allow":["GET"]}}],"collection":[{"href":"https:\/\/teste.bsb.br\/zeca\/wp-json\/wp\/v2\/posts"}],"about":[{"href":"https:\/\/teste.bsb.br\/zeca\/wp-json\/wp\/v2\/types\/post"}],"author":[{"embeddable":true,"href":"https:\/\/teste.bsb.br\/zeca\/wp-json\/wp\/v2\/users\/1"}],"replies":[{"embeddable":true,"href":"https:\/\/teste.bsb.br\/zeca\/wp-json\/wp\/v2\/comments?post=27625"}],"version-history":[{"count":0,"href":"https:\/\/teste.bsb.br\/zeca\/wp-json\/wp\/v2\/posts\/27625\/revisions"}],"wp:featuredmedia":[{"embeddable":true,"href":"https:\/\/teste.bsb.br\/zeca\/wp-json\/wp\/v2\/media\/27624"}],"wp:attachment":[{"href":"https:\/\/teste.bsb.br\/zeca\/wp-json\/wp\/v2\/media?parent=27625"}],"wp:term":[{"taxonomy":"category","embeddable":true,"href":"https:\/\/teste.bsb.br\/zeca\/wp-json\/wp\/v2\/categories?post=27625"},{"taxonomy":"post_tag","embeddable":true,"href":"https:\/\/teste.bsb.br\/zeca\/wp-json\/wp\/v2\/tags?post=27625"}],"curies":[{"name":"wp","href":"https:\/\/api.w.org\/{rel}","templated":true}]}}