{"id":27623,"date":"2011-10-24T00:00:00","date_gmt":"2011-10-24T02:00:00","guid":{"rendered":"https:\/\/www.zecadirceu.com.br\/dilma-pronatec-e-a-maior-reforma-da-educacao-profissional-ja-feita-no-brasil\/"},"modified":"2011-10-24T00:00:00","modified_gmt":"2011-10-24T02:00:00","slug":"dilma-pronatec-e-a-maior-reforma-da-educacao-profissional-ja-feita-no-brasil","status":"publish","type":"post","link":"https:\/\/teste.bsb.br\/zeca\/dilma-pronatec-e-a-maior-reforma-da-educacao-profissional-ja-feita-no-brasil\/","title":{"rendered":"Dilma: Pronatec \u00e9 a maior reforma da educa\u00e7\u00e3o profissional j\u00e1 feita no Brasil"},"content":{"rendered":"<p><span class=\"Apple-style-span\" style=\"color: rgb(51, 51, 51); font-family: Arial, Helvetica, sans-serif; \"><span class=\"Apple-style-span\" style=\"line-height: 16px; \">A presidenta Dilma Rousseff disse hoje (24) que o Programa Nacional de Acesso ao Ensino T&eacute;cnico e ao Emprego (Pronatec) &eacute; a maior reforma da educa&ccedil;&atilde;o profissional j&aacute; feita no Brasil. O projeto, que vai oferecer bolsas de estudo e financiamento para cursos de qualifica&ccedil;&atilde;o profissional, foi aprovado na &uacute;ltima ter&ccedil;a-feira (18) pelo Senado.<\/span><\/p>\n<p style=\"margin-top: 3px; margin-right: 0px; margin-bottom: 10px; margin-left: 0px; padding-top: 0px; padding-right: 0px; padding-bottom: 0px; padding-left: 0px; line-height: 16px; \">No programa semanal Caf&eacute; com a Presidenta, Dilma destacou que ser&atilde;o R$ 24 bilh&otilde;es em investimentos at&eacute; 2014. A expectativa do governo &eacute; que sejam criados 8 milh&otilde;es de vagas em cursos de forma&ccedil;&atilde;o t&eacute;cnica e profissional.<\/p>\n<p style=\"margin-top: 3px; margin-right: 0px; margin-bottom: 10px; margin-left: 0px; padding-top: 0px; padding-right: 0px; padding-bottom: 0px; padding-left: 0px; line-height: 16px; \">&ldquo;V&atilde;o ser 5,6 milh&otilde;es de vagas para cursos de curta dura&ccedil;&atilde;o, destinados &agrave; qualifica&ccedil;&atilde;o profissional de trabalhadores. E mais 2,4 milh&otilde;es de vagas para cursos t&eacute;cnicos, voltados para os estudantes do ensino m&eacute;dio, com dura&ccedil;&atilde;o de pelo menos um ano&rdquo;, explicou.<\/p>\n<p style=\"margin-top: 3px; margin-right: 0px; margin-bottom: 10px; margin-left: 0px; padding-top: 0px; padding-right: 0px; padding-bottom: 0px; padding-left: 0px; line-height: 16px; \">Segundo Dilma, est&atilde;o sendo constru&iacute;das 208 novas unidades de institutos federais de Educa&ccedil;&atilde;o Profissional &ndash; 35 delas devem ser entregues ainda este ano. Uma parceria com o Sistema S prev&ecirc; a amplia&ccedil;&atilde;o da oferta de cursos profissionalizantes gratuitos para 630 mil vagas tamb&eacute;m em 2011.<\/p>\n<p style=\"margin-top: 3px; margin-right: 0px; margin-bottom: 10px; margin-left: 0px; padding-top: 0px; padding-right: 0px; padding-bottom: 0px; padding-left: 0px; line-height: 16px; \">&ldquo;Al&eacute;m disso, investimos R$ 1,7 bilh&atilde;o na constru&ccedil;&atilde;o de 176 escolas t&eacute;cnicas estaduais e tamb&eacute;m na reforma, amplia&ccedil;&atilde;o e compra de equipamentos de outras 543 unidades. O Pronatec vai financiar cursos t&eacute;cnicos em escolas privadas de educa&ccedil;&atilde;o profissional, como se faz hoje com o ensino superior, por meio do Fies, o Fundo de Financiamento Estudantil&rdquo;, disse a presidenta.<\/p>\n<p style=\"margin-top: 3px; margin-right: 0px; margin-bottom: 10px; margin-left: 0px; padding-top: 0px; padding-right: 0px; padding-bottom: 0px; padding-left: 0px; line-height: 16px; \">Os investimentos de empresas em educa&ccedil;&atilde;o profissional, ainda de acordo com a presidenta, n&atilde;o ser&atilde;o mais tributados por meio do Pronatec. O governo pretende garantir que 30% dos recursos destinados &agrave; amplia&ccedil;&atilde;o da oferta de educa&ccedil;&atilde;o profissional e tecnol&oacute;gica sejam aplicados nas regi&otilde;es Norte e Nordeste e que 5% das vagas sejam destinadas a pessoas com defici&ecirc;ncia. Al&eacute;m disso, 1,1 milh&atilde;o de vagas ser&atilde;o reservadas para benefici&aacute;rios do programa Brasil sem Mis&eacute;ria.<\/p>\n<p style=\"margin-top: 3px; margin-right: 0px; margin-bottom: 10px; margin-left: 0px; padding-top: 0px; padding-right: 0px; padding-bottom: 0px; padding-left: 0px; line-height: 16px; \">Ao final do programa, Dilma comentou a aplica&ccedil;&atilde;o do Exame Nacional do Ensino M&eacute;dio (Enem) no &uacute;ltimo fim de semana. Segundo ela, 4 milh&otilde;es de estudantes fizeram as provas, utilizadas como crit&eacute;rio para a distribui&ccedil;&atilde;o de 150 mil vagas do Programa Universidade para Todos (ProUni).<\/p>\n<p style=\"margin-top: 3px; margin-right: 0px; margin-bottom: 10px; margin-left: 0px; padding-top: 0px; padding-right: 0px; padding-bottom: 0px; padding-left: 0px; line-height: 16px; \">&ldquo;A aplica&ccedil;&atilde;o da prova &eacute; um esfor&ccedil;o de grandes dimens&otilde;es que ocorreu este ano em 1.602 cidades de todo o pa&iacute;s. E mobilizou 400 mil profissionais, entre professores, policiais, funcion&aacute;rios dos Correios e fiscais. Tudo isso nos ajuda a democratizar o acesso &agrave; universidade&rdquo;, concluiu.<\/p>\n<p style=\"margin-top: 3px; margin-right: 0px; margin-bottom: 10px; margin-left: 0px; padding-top: 0px; padding-right: 0px; padding-bottom: 0px; padding-left: 0px; line-height: 16px; \">&nbsp;<\/p>\n<p style=\"margin-top: 3px; margin-right: 0px; margin-bottom: 10px; margin-left: 0px; padding-top: 0px; padding-right: 0px; padding-bottom: 0px; padding-left: 0px; line-height: 16px; \">(Ag&ecirc;ncia Brasil \/ Blog do Planalto)<\/p>\n<p><\/span><\/p>\n","protected":false},"excerpt":{"rendered":"<p>A presidenta Dilma Rousseff disse hoje (24) que o Programa Nacional de Acesso ao Ensino T\u00e9cnico e ao Emprego (Pronatec) \u00e9 a maior reforma da educa\u00e7\u00e3o profissional j\u00e1 feita no Brasil. O projeto, que vai oferecer bolsas de estudo e financiamento para cursos de qualifica\u00e7\u00e3o profissional, foi aprovado na \u00faltima ter\u00e7a-feira (18) pelo Senado.<br \/>\nNo programa semanal Caf\u00e9 com a Presidenta, Dilma destacou que ser\u00e3o R$ 24 bilh\u00f5es em investimentos at\u00e9 2014. A expectativa do governo \u00e9 que sejam criados 8 milh\u00f5es de vagas em cursos de forma\u00e7\u00e3o t\u00e9cnica e profissional.<\/p>\n","protected":false},"author":1,"featured_media":27622,"comment_status":"open","ping_status":"open","sticky":false,"template":"","format":"standard","meta":{"footnotes":""},"categories":[1],"tags":[6480],"class_list":["post-27623","post","type-post","status-publish","format-standard","has-post-thumbnail","hentry","category-noticias-zeca-dirceu","tag-dilma-pronatec-e-a-maior-reforma-da-educacao-profissional-ja-feita-no-brasil"],"_links":{"self":[{"href":"https:\/\/teste.bsb.br\/zeca\/wp-json\/wp\/v2\/posts\/27623","targetHints":{"allow":["GET"]}}],"collection":[{"href":"https:\/\/teste.bsb.br\/zeca\/wp-json\/wp\/v2\/posts"}],"about":[{"href":"https:\/\/teste.bsb.br\/zeca\/wp-json\/wp\/v2\/types\/post"}],"author":[{"embeddable":true,"href":"https:\/\/teste.bsb.br\/zeca\/wp-json\/wp\/v2\/users\/1"}],"replies":[{"embeddable":true,"href":"https:\/\/teste.bsb.br\/zeca\/wp-json\/wp\/v2\/comments?post=27623"}],"version-history":[{"count":0,"href":"https:\/\/teste.bsb.br\/zeca\/wp-json\/wp\/v2\/posts\/27623\/revisions"}],"wp:featuredmedia":[{"embeddable":true,"href":"https:\/\/teste.bsb.br\/zeca\/wp-json\/wp\/v2\/media\/27622"}],"wp:attachment":[{"href":"https:\/\/teste.bsb.br\/zeca\/wp-json\/wp\/v2\/media?parent=27623"}],"wp:term":[{"taxonomy":"category","embeddable":true,"href":"https:\/\/teste.bsb.br\/zeca\/wp-json\/wp\/v2\/categories?post=27623"},{"taxonomy":"post_tag","embeddable":true,"href":"https:\/\/teste.bsb.br\/zeca\/wp-json\/wp\/v2\/tags?post=27623"}],"curies":[{"name":"wp","href":"https:\/\/api.w.org\/{rel}","templated":true}]}}