{"id":27615,"date":"2011-10-24T00:00:00","date_gmt":"2011-10-24T02:00:00","guid":{"rendered":"https:\/\/www.zecadirceu.com.br\/zeca-dirceu-destaca-investimento-na-fecularia-lopes-em-icaraima\/"},"modified":"2011-10-24T00:00:00","modified_gmt":"2011-10-24T02:00:00","slug":"zeca-dirceu-destaca-investimento-na-fecularia-lopes-em-icaraima","status":"publish","type":"post","link":"https:\/\/teste.bsb.br\/zeca\/zeca-dirceu-destaca-investimento-na-fecularia-lopes-em-icaraima\/","title":{"rendered":"Zeca Dirceu destaca investimento  na Fecularia Lopes, em Icara\u00edma"},"content":{"rendered":"<p>&nbsp;O deputado federal Zeca Dirceu (PT-PR) participou, no &uacute;ltimo s&aacute;bado, 22, da inaugura&ccedil;&atilde;o das instala&ccedil;&otilde;es da Fecularia Lopes, em Icara&iacute;ma, e destacou a import&acirc;ncia do investimento que a fam&iacute;lia Lopes, propriet&aacute;ria do estabelecimento, faz na regi&atilde;o Noroeste. Para construir e estruturar o novo empreendimento, os s&oacute;cios Paulo e Davi Lopes investiram R$ 10 milh&otilde;es.<\/p>\n<p class=\"MsoNormal\"><o:p><\/o:p><\/p>\n<p class=\"MsoNormal\">&ldquo;Iniciativas como esta da fam&iacute;lia Lopes s&atilde;o a prova de que o Brasil est&aacute; no caminho certo, e o nosso pa&iacute;s precisa muito deste entusiasmo dos empreendedores. O empres&aacute;rio s&oacute; faz um investimento desta envergadura quando tem certeza de que o ambiente para os neg&oacute;cios &eacute; positivo, quando sabe que o retorno ser&aacute; garantido&rdquo;, afirmou o parlamentar petista em seu discurso na inaugura&ccedil;&atilde;o.<o:p><\/o:p><\/p>\n<p class=\"MsoNormal\">Zeca destacou que tem colaborado, por meio de seu mandato, para que as boas iniciativas do Governo Federal na &aacute;rea de gera&ccedil;&atilde;o de emprego e renda tenham todo o apoio necess&aacute;rio. &ldquo;Como vice-l&iacute;der da bancada do PT na C&acirc;mara, tenho participado de muitas discuss&otilde;es importantes para o pa&iacute;s, como a redu&ccedil;&atilde;o de impostos para setores que geram muito emprego, e a maior prova de que o governo est&aacute; no caminho certo &eacute; que somente neste ano j&aacute; foram gerados mais de dois milh&otilde;es de empregos formais no pa&iacute;s&rdquo;, disse Zeca Dirceu.<o:p><\/o:p><\/p>\n<p class=\"MsoNormal\">Tamb&eacute;m prestigiaram a solenidade de inaugura&ccedil;&atilde;o da Fecularia Lopes o secret&aacute;rio estadual da Agricultura, Norberto Ortigara, o deputado estadual Nelson Garcia, os deputados federais Osmar Serraglio e Alfredo Kaefer, o prefeito de Icara&iacute;ma, Paulo Queiroz, o prefeito de Santa Cruz do Monte Castelo e presidente da Associa&ccedil;&atilde;o dos Munic&iacute;pios do Noroeste do Paran&aacute; (Amunpar), Jos&eacute; Maria Pereira, e o prefeito de Perobal e presidente da Associa&ccedil;&atilde;o dos Munic&iacute;pios de Entre Rios (Amerios), Almir de Almeida, al&eacute;m de diversos outros prefeitos, vereadores e lideran&ccedil;as pol&iacute;ticas e empresariais.<o:p><\/o:p><\/p>\n<p class=\"MsoNormal\"><o:p>&nbsp;<\/o:p><\/p>\n<p class=\"MsoNormal\">A empresa<o:p><\/o:p><\/p>\n<p class=\"MsoNormal\">A Fecularia Lopes iniciou suas atividades em 1994, no munic&iacute;pio de Nova Londrina, e posteriormente foram criadas unidades em Santa Cruz do Monte Castelo e agora em Icara&iacute;ma. A empresa atualmente est&aacute; presente em 24 Estados brasileiros e ainda no Distrito Federal, com produtos como f&eacute;cula e farinha de mandioca, polvilho doce e azedo e farofas prontas.<o:p><\/o:p><\/p>\n<p class=\"MsoNormal\">Hoje s&atilde;o 120 funcion&aacute;rios em Nova Londrina, que processam 380 toneladas di&aacute;rias de amido de mandioca, enquanto em Santa Cruz a empresa conta com 60 colaboradores no processamento de 200 toneladas de amido por dia. Na unidade de Icara&iacute;ma ser&atilde;o entre 50 e 60 funcion&aacute;rios, com 400 toneladas de mandioca processadas por dia e a possibilidade expans&atilde;o at&eacute; 800 toneladas por dia. Ao todo, a Fecularia Lopes gera mais de 1500 empregos indiretos.<\/p>\n","protected":false},"excerpt":{"rendered":"<p>O deputado federal Zeca Dirceu (PT-PR) participou, no \u00faltimo s\u00e1bado, 22, da inaugura\u00e7\u00e3o das instala\u00e7\u00f5es da Fecularia Lopes, em Icara\u00edma, e destacou a import\u00e2ncia do investimento que a fam\u00edlia Lopes, propriet\u00e1ria do estabelecimento, faz na regi\u00e3o Noroeste. Para construir e estruturar o novo empreendimento, os s\u00f3cios Paulo e Davi Lopes investiram R$ 10 milh\u00f5es.<\/p>\n","protected":false},"author":1,"featured_media":27614,"comment_status":"open","ping_status":"open","sticky":false,"template":"","format":"standard","meta":{"footnotes":""},"categories":[1],"tags":[6478,6477],"class_list":["post-27615","post","type-post","status-publish","format-standard","has-post-thumbnail","hentry","category-noticias-zeca-dirceu","tag-em-icaraima","tag-zeca-dirceu-destaca-investimento-na-fecularia-lopes"],"_links":{"self":[{"href":"https:\/\/teste.bsb.br\/zeca\/wp-json\/wp\/v2\/posts\/27615","targetHints":{"allow":["GET"]}}],"collection":[{"href":"https:\/\/teste.bsb.br\/zeca\/wp-json\/wp\/v2\/posts"}],"about":[{"href":"https:\/\/teste.bsb.br\/zeca\/wp-json\/wp\/v2\/types\/post"}],"author":[{"embeddable":true,"href":"https:\/\/teste.bsb.br\/zeca\/wp-json\/wp\/v2\/users\/1"}],"replies":[{"embeddable":true,"href":"https:\/\/teste.bsb.br\/zeca\/wp-json\/wp\/v2\/comments?post=27615"}],"version-history":[{"count":0,"href":"https:\/\/teste.bsb.br\/zeca\/wp-json\/wp\/v2\/posts\/27615\/revisions"}],"wp:featuredmedia":[{"embeddable":true,"href":"https:\/\/teste.bsb.br\/zeca\/wp-json\/wp\/v2\/media\/27614"}],"wp:attachment":[{"href":"https:\/\/teste.bsb.br\/zeca\/wp-json\/wp\/v2\/media?parent=27615"}],"wp:term":[{"taxonomy":"category","embeddable":true,"href":"https:\/\/teste.bsb.br\/zeca\/wp-json\/wp\/v2\/categories?post=27615"},{"taxonomy":"post_tag","embeddable":true,"href":"https:\/\/teste.bsb.br\/zeca\/wp-json\/wp\/v2\/tags?post=27615"}],"curies":[{"name":"wp","href":"https:\/\/api.w.org\/{rel}","templated":true}]}}