{"id":27603,"date":"2011-10-25T00:00:00","date_gmt":"2011-10-25T02:00:00","guid":{"rendered":"https:\/\/www.zecadirceu.com.br\/reuniao-discute-reajuste-do-plano-judiciario-hoje-em-brasilia\/"},"modified":"2011-10-25T00:00:00","modified_gmt":"2011-10-25T02:00:00","slug":"reuniao-discute-reajuste-do-plano-judiciario-hoje-em-brasilia","status":"publish","type":"post","link":"https:\/\/teste.bsb.br\/zeca\/reuniao-discute-reajuste-do-plano-judiciario-hoje-em-brasilia\/","title":{"rendered":"Reuni\u00e3o discute reajuste do Plano Judici\u00e1rio, hoje em Bras\u00edlia"},"content":{"rendered":"<p>&nbsp;O Projeto de Lei 6613\/09, que discute sobre o reajuste do Plano Judici&aacute;rio ser&aacute; tema da reuni&atilde;o mensal desta ter&ccedil;a-feira, 25, da Comiss&atilde;o de Finan&ccedil;as e Tributa&ccedil;&atilde;o, do qual sou suplente. O Secret&aacute;rio do Tesouro Nacional, Arno Augustin, se far&aacute; presente.<\/p>\n<p class=\"MsoNormal\">Uma resposta, quem sabe uma solu&ccedil;&atilde;o para todos que, fim de setembro, me procuraram no escrit&oacute;rio regional, em Umuarama. Durante o encontro o pedido de averigua&ccedil;&atilde;o e ajuda na aprova&ccedil;&atilde;o do processo foi ressaltado, uma vez que o Projeto tramita desde 2009.<\/p>\n<p class=\"MsoNormal\"><span>&nbsp;<\/span>&ldquo;N&oacute;s precisamos da participa&ccedil;&atilde;o do deputado Zeca nesse processo de negocia&ccedil;&atilde;o; existem muitas informa&ccedil;&otilde;es que n&atilde;o est&atilde;o sendo divulgadas; acreditamos muito no Deputado, estamos confiantes no empenho dele a nosso favor e que ele poder&aacute; nos trazer <span>&nbsp;<\/span>informa&ccedil;&otilde;es verdadeiras&rdquo;, destacou o funcion&aacute;rio p&uacute;blico federal, S&eacute;rgio Furlan.<\/p>\n<p class=\"MsoNormal\">Conhe&ccedil;am a seguir o que o Projeto sugere.<\/p>\n<p class=\"MsoNormal\">Projeto reestrutura carreiras de servidores do Judici&aacute;rio<o:p><\/o:p><\/p>\n<p class=\"MsoNormal\">Tramita na C&acirc;mara o Projeto de Lei 6613\/09, do Supremo Tribunal Federal (STF), que reestrutura as carreiras dos servidores do Poder Judici&aacute;rio. De acordo com a proposta, o vencimento b&aacute;sico do analista judici&aacute;rio no in&iacute;cio de carreira ser&aacute; de R$ 6.855,73 e, no final de carreira, de R$ 10.883,07. A esse valor &eacute; acrescida a Gratifica&ccedil;&atilde;o Judici&aacute;ria (GAJ), que corresponde a 50% do vencimento b&aacute;sico do servidor, al&eacute;m de vantagens pecuni&aacute;rias.<o:p><\/o:p><\/p>\n<p class=\"MsoNormal\">Somadas as gratifica&ccedil;&otilde;es, a remunera&ccedil;&atilde;o inicial do analista judici&aacute;rio passar&aacute; dos atuais R$ 6 mil para cerca de R$ 10 mil. A remunera&ccedil;&atilde;o do mesmo cargo em final de carreira vai de R$ 10 mil para cerca de R$ 16 mil.<o:p><\/o:p><\/p>\n<p class=\"MsoNormal\">O projeto &eacute; necess&aacute;rio porque a remunera&ccedil;&atilde;o do analista judici&aacute;rio est&aacute; defasada, foi tomado como refer&ecirc;ncia, na elabora&ccedil;&atilde;o do projeto, as carreiras de n&iacute;vel superior do Executivo e do Legislativo, que t&ecirc;m remunera&ccedil;&otilde;es variando entre R$ 12 mil e R$ 18 mil para os n&iacute;veis inicial e final.<o:p><\/o:p><\/p>\n<p class=\"MsoNormal\">O projeto altera a Lei 11.416\/06, que trata das carreiras dos servidores do Judici&aacute;rio. Aposentados e pensionistas tamb&eacute;m ser&atilde;o beneficiados pela proposta.<o:p><\/o:p><\/p>\n<p class=\"MsoNormal\"><span>&nbsp;<\/span><o:p><\/o:p><\/p>\n<p class=\"MsoNormal\">Fun&ccedil;&otilde;es comissionadas<o:p><\/o:p><\/p>\n<p class=\"MsoNormal\">O projeto torna obrigat&oacute;ria a redu&ccedil;&atilde;o dos gastos com o pagamento de fun&ccedil;&otilde;es comissionadas pagas pelos &oacute;rg&atilde;os do Poder Judici&aacute;rio da Uni&atilde;o. Esses &oacute;rg&atilde;os ter&atilde;o o prazo de um ano, a partir da entrada em vigor da nova lei, para promover medidas de racionaliza&ccedil;&atilde;o de suas estruturas administrativas e a consequente redu&ccedil;&atilde;o dos gastos.<o:p><\/o:p><\/p>\n<p class=\"MsoNormal\">A proposta tamb&eacute;m extingue a possibilidade de op&ccedil;&atilde;o pela remunera&ccedil;&atilde;o do cargo efetivo para os servidores designados para fun&ccedil;&otilde;es comissionadas. A estimativa &eacute; de que essa medida represente redu&ccedil;&atilde;o de 35% nos gastos.<o:p><\/o:p><\/p>\n<p class=\"MsoNormal\"><span>&nbsp;<\/span>Pol&iacute;tica remunerat&oacute;ria<o:p><\/o:p><\/p>\n<p class=\"MsoNormal\">Tamb&eacute;m est&aacute; prevista no projeto uma pol&iacute;tica remunerat&oacute;ria para os servidores do Judici&aacute;rio. A proposta estabelece que o maior vencimento b&aacute;sico dos servidores, acrescido da respectiva gratifica&ccedil;&atilde;o judici&aacute;ria, fica limitado a 75% do subs&iacute;dio de juiz federal substituto.<o:p><\/o:p><\/p>\n<p class=\"MsoNormal\"><span>&nbsp;<\/span>O projeto ainda confere f&eacute; p&uacute;blica em todo o Pa&iacute;s &agrave;s carteiras de identidade funcional emitidas pelo Poder Judici&aacute;rio da Uni&atilde;o. Isso beneficiar&aacute; especialmente os servidores que desempenham atividade externas, como os oficiais de Justi&ccedil;a.<o:p><\/o:p><\/p>\n<p class=\"MsoNormal\">Tramita&ccedil;&atilde;o<o:p><\/o:p><\/p>\n<p class=\"MsoNormal\">O projeto, que tramita em car&aacute;ter conclusivo, ser&aacute; analisado pelas comiss&otilde;es de Trabalho, de Administra&ccedil;&atilde;o e Servi&ccedil;o P&uacute;blico; de Finan&ccedil;as e Tributa&ccedil;&atilde;o; e de Constitui&ccedil;&atilde;o e Justi&ccedil;a e de Cidadania.<\/p>\n<p class=\"MsoNormal\">Com Assessoria C&acirc;mara Federal<\/p>\n","protected":false},"excerpt":{"rendered":"<p>O Projeto de Lei 6613\/09, que discute sobre o reajuste do Plano Judici\u00e1rio ser\u00e1 tema da reuni\u00e3o mensal desta ter\u00e7a-feira, 25, da Comiss\u00e3o de Finan\u00e7as e Tributa\u00e7\u00e3o, do qual sou suplente. O Secret\u00e1rio do Tesouro Nacional, Arno Augustin, se far\u00e1 presente. Uma resposta, quem sabe uma solu\u00e7\u00e3o para todos que, fim de setembro, me procuraram no escrit\u00f3rio regional, em Umuarama. Durante o encontro o pedido de averigua\u00e7\u00e3o e ajuda na aprova\u00e7\u00e3o do processo foi ressaltado, uma vez que o Projeto tramita desde 2009.<br \/>\n \u201cN\u00f3s precisamos da participa\u00e7\u00e3o do deputado Zeca nesse processo de negocia\u00e7\u00e3o; existem muitas informa\u00e7\u00f5es que n\u00e3o est\u00e3o sendo divulgadas; acreditamos muito no Deputado, estamos confiantes no empenho dele a nosso favor e que ele poder\u00e1 nos trazer  informa\u00e7\u00f5es verdadeiras\u201d, destacou o funcion\u00e1rio p\u00fablico federal, S\u00e9rgio Furlan. Conhe\u00e7am a seguir o que o Projeto sugere.<\/p>\n","protected":false},"author":1,"featured_media":27602,"comment_status":"open","ping_status":"open","sticky":false,"template":"","format":"standard","meta":{"footnotes":""},"categories":[1],"tags":[6472,6471],"class_list":["post-27603","post","type-post","status-publish","format-standard","has-post-thumbnail","hentry","category-noticias-zeca-dirceu","tag-amanha-em-brasilia","tag-reuniao-discute-reajuste-do-plano-judiciario"],"_links":{"self":[{"href":"https:\/\/teste.bsb.br\/zeca\/wp-json\/wp\/v2\/posts\/27603","targetHints":{"allow":["GET"]}}],"collection":[{"href":"https:\/\/teste.bsb.br\/zeca\/wp-json\/wp\/v2\/posts"}],"about":[{"href":"https:\/\/teste.bsb.br\/zeca\/wp-json\/wp\/v2\/types\/post"}],"author":[{"embeddable":true,"href":"https:\/\/teste.bsb.br\/zeca\/wp-json\/wp\/v2\/users\/1"}],"replies":[{"embeddable":true,"href":"https:\/\/teste.bsb.br\/zeca\/wp-json\/wp\/v2\/comments?post=27603"}],"version-history":[{"count":0,"href":"https:\/\/teste.bsb.br\/zeca\/wp-json\/wp\/v2\/posts\/27603\/revisions"}],"wp:featuredmedia":[{"embeddable":true,"href":"https:\/\/teste.bsb.br\/zeca\/wp-json\/wp\/v2\/media\/27602"}],"wp:attachment":[{"href":"https:\/\/teste.bsb.br\/zeca\/wp-json\/wp\/v2\/media?parent=27603"}],"wp:term":[{"taxonomy":"category","embeddable":true,"href":"https:\/\/teste.bsb.br\/zeca\/wp-json\/wp\/v2\/categories?post=27603"},{"taxonomy":"post_tag","embeddable":true,"href":"https:\/\/teste.bsb.br\/zeca\/wp-json\/wp\/v2\/tags?post=27603"}],"curies":[{"name":"wp","href":"https:\/\/api.w.org\/{rel}","templated":true}]}}