{"id":27601,"date":"2011-10-25T00:00:00","date_gmt":"2011-10-25T02:00:00","guid":{"rendered":"https:\/\/www.zecadirceu.com.br\/zeca-visita-rondon-e-e-recepcionado-por-varias-autoridades-da-regiao-5\/"},"modified":"2011-10-25T00:00:00","modified_gmt":"2011-10-25T02:00:00","slug":"zeca-visita-rondon-e-e-recepcionado-por-varias-autoridades-da-regiao-5","status":"publish","type":"post","link":"https:\/\/teste.bsb.br\/zeca\/zeca-visita-rondon-e-e-recepcionado-por-varias-autoridades-da-regiao-5\/","title":{"rendered":"Zeca visita Rondon e \u00e9 recepcionado por v\u00e1rias autoridades da regi\u00e3o"},"content":{"rendered":"<p class=\"MsoNormal\">O deputado federal Zeca Dirceu visitou, na sexta-feira, 21,o&nbsp;munic&iacute;pio de Rondon. O encontro aconteceu na C&acirc;mara Municipal, e reuniu cerca de 100 pessoas entre comunidade e pol&iacute;tica local. O parlamentar foi recepcionado pelo prefeito municipal Ailton Valloto , que destacou a import&acirc;ncia de Zeca Dirceu no Congresso Federal. Zeca falou dos recursos do Minist&eacute;rio das Cidades, j&aacute; pagas ao munic&iacute;pio de Rondon, tratativas realizadas ainda antes de ser eleito Deputado Federal. Na ocasi&atilde;o, o parlamentar ajudou o munic&iacute;pio a conquistar R$400 mil. Recurso que est&aacute; sendo discutido, junto com l&iacute;deres comunit&aacute;rios, para que a popula&ccedil;&atilde;o seja a maior beneficiada.<\/p>\n<p class=\"MsoNormal\">O deputado, tamb&eacute;m destacou o Programa de Desenvolvimento da Regi&atilde;o do Arenito Caiu&aacute;, que engloba a regi&atilde;o de Rondon. &ldquo;Pela primeira vez temos um Programa direcionado para esta regi&atilde;o, que h&aacute; tempos ficou esquecida. A parceria com o Banco do Brasil ir&aacute; dar oportunidade para os bovinocultores e produtores de leite, no momento. Este projeto, ainda, poder&aacute; ser ampliado, no seu desenvolver, e beneficiar outras &aacute;reas&rdquo;, explicou o deputado.<\/p>\n<p class=\"MsoNormal\">Participaram do encontro o vice-prefeito, Nelson Betim, a Presidente do PT Sra. Ivone Ficher Raatz Lopes, os vereadores do PT, Maur&iacute;lio Galindo Lopes, Elizete Giacomini, Jo&atilde;o Paulo Calabrezi, presente tamb&eacute;m o presidente da C&acirc;mara de Vererados sr. Jos&eacute; Laerte Vendramini, lideran&ccedil;as pol&iacute;ticas de S&atilde;o Manoel, Indian&oacute;polis e Guaporema.<o:p><\/o:p><\/p>\n","protected":false},"excerpt":{"rendered":"<p>O deputado federal Zeca Dirceu visitou, na sexta-feira, 21,o munic\u00edpio de Rondon. O encontro aconteceu na C\u00e2mara Municipal, e reuniu cerca de 100 pessoas entre comunidade e pol\u00edtica local. O parlamentar foi recepcionado pelo prefeito municipal Ailton Valloto , que destacou a import\u00e2ncia de Zeca Dirceu no Congresso Federal.<\/p>\n","protected":false},"author":1,"featured_media":27600,"comment_status":"open","ping_status":"open","sticky":false,"template":"","format":"standard","meta":{"footnotes":""},"categories":[1],"tags":[6470],"class_list":["post-27601","post","type-post","status-publish","format-standard","has-post-thumbnail","hentry","category-noticias-zeca-dirceu","tag-zeca-visita-rondon-e-e-recepcionado-por-varias-autoridades-da-regiao"],"_links":{"self":[{"href":"https:\/\/teste.bsb.br\/zeca\/wp-json\/wp\/v2\/posts\/27601","targetHints":{"allow":["GET"]}}],"collection":[{"href":"https:\/\/teste.bsb.br\/zeca\/wp-json\/wp\/v2\/posts"}],"about":[{"href":"https:\/\/teste.bsb.br\/zeca\/wp-json\/wp\/v2\/types\/post"}],"author":[{"embeddable":true,"href":"https:\/\/teste.bsb.br\/zeca\/wp-json\/wp\/v2\/users\/1"}],"replies":[{"embeddable":true,"href":"https:\/\/teste.bsb.br\/zeca\/wp-json\/wp\/v2\/comments?post=27601"}],"version-history":[{"count":0,"href":"https:\/\/teste.bsb.br\/zeca\/wp-json\/wp\/v2\/posts\/27601\/revisions"}],"wp:featuredmedia":[{"embeddable":true,"href":"https:\/\/teste.bsb.br\/zeca\/wp-json\/wp\/v2\/media\/27600"}],"wp:attachment":[{"href":"https:\/\/teste.bsb.br\/zeca\/wp-json\/wp\/v2\/media?parent=27601"}],"wp:term":[{"taxonomy":"category","embeddable":true,"href":"https:\/\/teste.bsb.br\/zeca\/wp-json\/wp\/v2\/categories?post=27601"},{"taxonomy":"post_tag","embeddable":true,"href":"https:\/\/teste.bsb.br\/zeca\/wp-json\/wp\/v2\/tags?post=27601"}],"curies":[{"name":"wp","href":"https:\/\/api.w.org\/{rel}","templated":true}]}}